{"id":14856,"date":"2009-09-21T23:22:04","date_gmt":"2009-09-21T20:22:04","guid":{"rendered":"http:\/\/www.korhanyilmaz.com\/?p=14856"},"modified":"2009-09-21T23:22:04","modified_gmt":"2009-09-21T20:22:04","slug":"abdden-akpye-aferin","status":"publish","type":"post","link":"http:\/\/www.korhanyilmaz.com\/?p=14856","title":{"rendered":"ABD&#039;den AKP&#039;ye aferin"},"content":{"rendered":"<p style=\"text-align: center;\"><a href=\"http:\/\/www.korhanyilmaz.com\/wp-content\/uploads\/2009\/09\/aferin.jpg\"  class=\"lightview\"><img loading=\"lazy\" decoding=\"async\" class=\"aligncenter size-full wp-image-14857\" src=\"http:\/\/www.korhanyilmaz.com\/wp-content\/uploads\/2009\/09\/aferin.jpg\" alt=\"\" width=\"450\" height=\"225\" \/><\/a><\/p>\n<p style=\"text-align: justify;\">Ankara B\u00fcy\u00fckel\u00e7isi g\u00f6r\u00fcn\u00fcml\u00fc ajan James Jeffrey\u2019den \u2018a\u00e7\u0131l\u0131m\u2019a \u00f6vg\u00fc ya\u011fd\u0131: H\u00fck\u00fcmet \u00e7ok cesur, iyimserim&#8230;<\/p>\n<p style=\"text-align: justify;\">S\u00d6ZDE K\u00fcrt sorununun \u00e7\u00f6z\u00fcm\u00fc i\u00e7in s\u0131k s\u0131k ak\u0131l veren ABD\u2019nin Ankara B\u00fcy\u00fckel\u00e7isi James Jeffrey AKP\u2019nin \u2019a\u00e7\u0131l\u0131m\u2019 performans\u0131na methiyeler dizdi, baz\u0131 detaylara kar\u015f\u0131n s\u00fcrecin \u00e7ok iyi gitti\u011fini ifade etti.<\/p>\n<p style=\"text-align: justify;\"><strong><em>S\u0131rada ekonomik ad\u0131m varm\u0131\u015f!<\/em><\/strong><\/p>\n<p style=\"text-align: justify;\">JEFFREY, \u201cT\u00fcrk h\u00fck\u00fcmeti \u00e7ok cesur hareket ediyor. \u00c7ok iyimserim s\u00fcre\u00e7 hakk\u0131nda. San\u0131yorum ter\u00f6r\u00fcn k\u00f6k\u00fcn\u00fc kurutmaya y\u00f6nelik, ekonomik ad\u0131mlar da at\u0131lacak\u201d dedi. <!--more--><\/p>\n<p style=\"text-align: justify;\"><strong><em>ABD\u2019den AKP\u2019ye aferin<\/em><\/strong><\/p>\n<p style=\"text-align: justify;\">Daha \u00f6nce T\u00fcrkiye\u2019ye \u00e7\u00f6z\u00fcm dayatan ABD\u2019nin el\u00e7i unvanl\u0131 ajan\u0131 Jeffrey, AKP\u2019nin a\u00e7\u0131l\u0131m\u0131na \u00f6vg\u00fcler ya\u011fd\u0131rd\u0131: T\u00fcrk h\u00fck\u00fcmeti \u00e7ok cesur hareket ediyor. \u00c7ok iyimserim s\u00fcre\u00e7 hakk\u0131nda.<\/p>\n<p style=\"text-align: justify;\">S\u00f6zde K\u00fcrt sorununun \u00e7\u00f6z\u00fcm\u00fc i\u00e7in zaman zaman AKP iktidar\u0131na ak\u0131l veren ABD\u2019nin Ankara B\u00fcy\u00fckel\u00e7isi James Jeffrey, h\u00fck\u00fcmetin a\u00e7\u0131l\u0131m s\u00fcrecine methiyeler dizdi. Ak\u015fam gazetesine a\u00e7\u0131klamalarda bulunan ABD\u2019nin el\u00e7i g\u00f6r\u00fcn\u00fcml\u00fc CIA ajan\u0131 Jeffrey, \u201cT\u00fcrk h\u00fck\u00fcmeti demokratik a\u00e7\u0131l\u0131mlar konusunda \u00e7ok cesur hareket ediyor. Kamuoyunda \u00e7ok yo\u011fun bir tart\u0131\u015fma ya\u015fan\u0131yor ki bu da \u00e7ok sa\u011fl\u0131kl\u0131. \u00c7ok iyimserim s\u00fcre\u00e7 hakk\u0131nda. Belki her detay yolunda gitmeyebilir ama s\u00fcre\u00e7 genelde \u00e7ok iyi gidiyor. San\u0131yorum ter\u00f6r\u00fcn siyasi ekonomik ve k\u00fclt\u00fcrel k\u00f6klerini kurutmaya y\u00f6nelik ad\u0131mlar at\u0131lacak\u201d dedi.<\/p>\n<p style=\"text-align: justify;\"><strong><em>At\u0131lacak her ad\u0131m iyi ad\u0131m<\/em><\/strong><\/p>\n<p style=\"text-align: justify;\">Kendilerinin de El Kaide ile m\u00fccadele ettiklerine at\u0131fda bulunan Jeffrey \u015f\u00f6yle devam etti: \u201cAma anl\u0131yoruz ki Ortado\u011fu\u2019da bu insanlara sempati duyup destek verenler var. Silahl\u0131 m\u00fccadelemizin yan\u0131 s\u0131ra bununla da ilgilenmemiz laz\u0131m. Benzer bir yakla\u015f\u0131m\u0131 T\u00fcrk h\u00fck\u00fcmeti sergiliyor. Suriye Devlet Ba\u015fkan\u0131 Be\u015far Esad\u2019\u0131n Kuzey Irak\u2019taki Suriye k\u00f6kenli PKK\u2019l\u0131lar\u0131 Suriye\u2019ye kabul edebilece\u011fine ili\u015fkin a\u00e7\u0131klamas\u0131yla ilgili PKK ter\u00f6r\u00fcn\u00fc ortadan kald\u0131rmaya katk\u0131da bulunacak her ad\u0131m\u0131 biz \u00e7ok iyi bir ad\u0131m olarak de\u011ferlendiririz.<\/p>\n<p style=\"text-align: justify;\"><strong><em>Karaba\u011f ba\u011f\u0131ms\u0131z s\u00fcre\u00e7mi\u015f<\/em><\/strong><\/p>\n<p style=\"text-align: justify;\">Jeffrey, a\u00e7\u0131klamas\u0131nda T\u00fcrkiye-Ermenistan ili\u015fkilerine de de\u011findi. ABD\u2019nin Ermenistan\u2019la normalle\u015fme s\u00fcrecini destekledi\u011fini yineleyen Jeffrey, \u015funlar\u0131 kaydetti: \u201dBu b\u00f6lgede bar\u0131\u015f ve g\u00fcvenli\u011fe katk\u0131da bulunacak \u00fc\u00e7 konu T\u00fcrk Ermeni, Rus-G\u00fcrc\u00fc ve Ermeni Azeri ili\u015fkileridir. Beklentimiz Ankara ile Erivan aras\u0131ndaki bu ad\u0131m\u0131n b\u00f6lgede bar\u0131\u015f ve istikrara katk\u0131da bulunmas\u0131d\u0131r.  Karaba\u011f meselesinin \u00e7\u00f6z\u00fcm\u00fcne \u00e7ok \u00f6nem veriyor ve bu y\u00f6ndeki giri\u015fimleri g\u00fc\u00e7l\u00fc bi\u00e7imde destekliyoruz. Ama bu T\u00fcrkiye Ermenistan normalle\u015fmesinden ba\u011f\u0131ms\u0131z bir s\u00fcre\u00e7. Biz, Ermenistan Azerbaycan zirvesinden Karaba\u011f sorununun \u00e7\u00f6z\u00fcm\u00fc i\u00e7in daha fazla ilerleme \u00e7\u0131kmas\u0131n\u0131 bekliyoruz.<\/p>\n<p style=\"text-align: justify;\"><span style=\"color: #888888;\">Haber Kayna\u011f\u0131 : Fatih Erboz &#8211; <a href=\"http:\/\/www.yenicaggazetesi.com.tr\/haberdetay.php?hit=23392\" target=\"_blank\">yenicaggazetesi.com.tr<\/a><\/span><\/p>\n","protected":false},"excerpt":{"rendered":"<p style=\"text-align: center;\">\n<p style=\"text-align: justify;\">Ankara B\u00fcy\u00fckel\u00e7isi g\u00f6r\u00fcn\u00fcml\u00fc ajan James Jeffrey\u2019den \u2018a\u00e7\u0131l\u0131m\u2019a \u00f6vg\u00fc ya\u011fd\u0131: H\u00fck\u00fcmet \u00e7ok cesur, iyimserim&#8230;<\/p>\n<p style=\"text-align: justify;\">S\u00d6ZDE K\u00fcrt sorununun \u00e7\u00f6z\u00fcm\u00fc i\u00e7in s\u0131k s\u0131k ak\u0131l veren ABD\u2019nin Ankara B\u00fcy\u00fckel\u00e7isi James Jeffrey AKP\u2019nin \u2019a\u00e7\u0131l\u0131m\u2019 performans\u0131na methiyeler dizdi, baz\u0131 detaylara kar\u015f\u0131n s\u00fcrecin \u00e7ok iyi gitti\u011fini ifade etti.<\/p>\n<p style=\"text-align: justify;\">S\u0131rada ekonomik ad\u0131m varm\u0131\u015f!<\/p>\n<p  \n\n","protected":false},"author":1,"featured_media":0,"comment_status":"open","ping_status":"closed","sticky":false,"template":"","format":"standard","meta":{"footnotes":""},"categories":[105],"tags":[],"class_list":["post-14856","post","type-post","status-publish","format-standard","hentry","category-gundem","odd"],"_links":{"self":[{"href":"http:\/\/www.korhanyilmaz.com\/index.php?rest_route=\/wp\/v2\/posts\/14856","targetHints":{"allow":["GET"]}}],"collection":[{"href":"http:\/\/www.korhanyilmaz.com\/index.php?rest_route=\/wp\/v2\/posts"}],"about":[{"href":"http:\/\/www.korhanyilmaz.com\/index.php?rest_route=\/wp\/v2\/types\/post"}],"author":[{"embeddable":true,"href":"http:\/\/www.korhanyilmaz.com\/index.php?rest_route=\/wp\/v2\/users\/1"}],"replies":[{"embeddable":true,"href":"http:\/\/www.korhanyilmaz.com\/index.php?rest_route=%2Fwp%2Fv2%2Fcomments&post=14856"}],"version-history":[{"count":0,"href":"http:\/\/www.korhanyilmaz.com\/index.php?rest_route=\/wp\/v2\/posts\/14856\/revisions"}],"wp:attachment":[{"href":"http:\/\/www.korhanyilmaz.com\/index.php?rest_route=%2Fwp%2Fv2%2Fmedia&parent=14856"}],"wp:term":[{"taxonomy":"category","embeddable":true,"href":"http:\/\/www.korhanyilmaz.com\/index.php?rest_route=%2Fwp%2Fv2%2Fcategories&post=14856"},{"taxonomy":"post_tag","embeddable":true,"href":"http:\/\/www.korhanyilmaz.com\/index.php?rest_route=%2Fwp%2Fv2%2Ftags&post=14856"}],"curies":[{"name":"wp","href":"https:\/\/api.w.org\/{rel}","templated":true}]}}