{"id":14845,"date":"2009-09-21T23:29:11","date_gmt":"2009-09-21T20:29:11","guid":{"rendered":"http:\/\/www.korhanyilmaz.com\/?p=14845"},"modified":"2009-09-21T23:29:11","modified_gmt":"2009-09-21T20:29:11","slug":"dostlarina-anlatacak","status":"publish","type":"post","link":"http:\/\/www.korhanyilmaz.com\/?p=14845","title":{"rendered":"Dostlar\u0131na anlatacak!"},"content":{"rendered":"<p style=\"text-align: center;\"><a href=\"http:\/\/www.korhanyilmaz.com\/wp-content\/uploads\/2009\/09\/erdogan2.jpg\"  class=\"lightview\"><img loading=\"lazy\" decoding=\"async\" class=\"aligncenter size-full wp-image-14847\" src=\"http:\/\/www.korhanyilmaz.com\/wp-content\/uploads\/2009\/09\/erdogan2.jpg\" alt=\"\" width=\"450\" height=\"225\" \/><\/a><\/p>\n<p style=\"text-align: justify;\">S\u00d6ZDE a\u00e7\u0131l\u0131m\u0131n i\u00e7eri\u011fini ba\u015f\u0131ndan beri \u00f6zenle gizleyen Ba\u015fbakan Erdo\u011fan, d\u00fcn ABD gezisi \u00f6ncesi \u201cObama ile g\u00f6r\u00fc\u015fmenizde konu g\u00fcndeme gelecek mi?\u201d sorusuna \u201cBunu da payla\u015faca\u011f\u0131z. Oradaki dostlar\u0131m\u0131za anlatmakta fayda var\u201d cevab\u0131n\u0131 verdi.<\/p>\n<p style=\"text-align: justify;\"><strong><em>Dostu Obama\u2019ya anlatacak<\/em><\/strong><\/p>\n<p style=\"text-align: justify;\">Muhalefetin t\u00fcm uyar\u0131lar\u0131na ra\u011fmen rest \u00e7ekip ABD\u2019ye giden Ba\u015fbakan Erdo\u011fan, a\u00e7\u0131l\u0131m\u0131 oradaki dostlar\u0131na anlatmakta fayda oldu\u011funu s\u00f6yledi<\/p>\n<p style=\"text-align: justify;\">Ba\u015fbakan Recep Tayyip Erdo\u011fan, AKP\u2019nin a\u00e7\u0131l\u0131m\u0131n\u0131 ABD Ba\u015fkan\u0131 Barack Obama\u2019n\u0131n da aralar\u0131nda bulundu\u011fu dostlar\u0131na anlatacak. Muhalefetin milli birlik vurgusuna ald\u0131rmayan Erdo\u011fan, New York\u2019taki BM 64. Genel Kurulu ile Pitsburg\u2019daki G-20 zirvesine kat\u0131lmak \u00fczere \u00f6zel u\u00e7ak \u201cANA\u201d ile saat 13.40\u2019da ABD\u2019ye gitti. <!--more--><\/p>\n<p style=\"text-align: justify;\"><em><strong>\u0130steyenlere eyvallah<\/strong><\/em><\/p>\n<p style=\"text-align: justify;\">Hareketinden \u00f6nce Atat\u00fcrk Havaliman\u0131 Devlet Konukevi\u2019nde bir bas\u0131n toplant\u0131s\u0131 d\u00fczenleyen Erdo\u011fan, temaslar\u0131 hakk\u0131nda bilgi verdi, gazetecilerin sorular\u0131n\u0131 cevapland\u0131rd\u0131. A\u00e7\u0131l\u0131m \u00e7al\u0131\u015fmalar\u0131n\u0131n, AKP iktidar\u0131n\u0131n bir projesi olarak de\u011fil, \u201cMilli Birlik Projesi\u201d olarak t\u00fcm milletin elini ta\u015f\u0131n alt\u0131na koydu\u011fu bir proje olarak yans\u0131mas\u0131n\u0131 istediklerini bildiren Erdo\u011fan, \u201cOnun i\u00e7in kat\u0131l\u0131m\u0131n \u00e7ok daha geni\u015f kapsaml\u0131 olmas\u0131n\u0131 arzu ediyoruz. Arzumuz adeta toplumsal mutabakatla olsun istiyoruz.  Ama bu mutabakat\u0131n i\u00e7inde yer almak isteyenlere eyvallah, yer almak istemeyenlerde kusura bakmas\u0131nlar. Biz yolumuza devam etmek zorunday\u0131z. \u2019Burada bir engel var\u2019diye duracak de\u011filiz. Biz bu engelleri a\u015fa a\u015fa arzulanan noktaya gidece\u011fiz\u201d diye konu\u015ftu.<\/p>\n<p style=\"text-align: justify;\"><strong><em>Payla\u015fmakta fayda var<\/em><\/strong><\/p>\n<p style=\"text-align: justify;\">Erdo\u011fan, bir gazetecinin, \u201cA\u00e7\u0131l\u0131m, ABD\u2019deki ikili g\u00f6r\u00fc\u015fmelerinizde g\u00fcndeme gelecek mi?\u201d y\u00f6n\u00fcndeki sorusuna Erdo\u011fan, g\u00fcndeme gelmesi halinde bunu da payla\u015facaklar\u0131n\u0131, bu konuyu oradaki dostlar\u0131na anlatmakta fayda oldu\u011funu s\u00f6yledi. Erdo\u011fan, bu konuyla ilgili olumsuz kampanyalar s\u00fcrd\u00fcr\u00fcld\u00fc\u011f\u00fcne i\u015faret ederek, \u201cBizim de olumsuz de\u011fil, olumlu neticeleri oradaki dostlar\u0131m\u0131zla payla\u015fmam\u0131zda fayda var\u201d dedi.<\/p>\n<p style=\"text-align: justify;\"><strong><em>S\u0131n\u0131r \u00f6tesi operasyon<\/em><\/strong><\/p>\n<p style=\"text-align: justify;\">Ba\u015fbakan Erdo\u011fan, \u201cS\u0131n\u0131r \u00f6tesi operasyonlara imkan sa\u011flayan tezkerenin uzat\u0131lmas\u0131 i\u00e7in Ba\u015fbakanl\u0131\u011fa talep yaz\u0131s\u0131 g\u00f6nderildi\u011finin\u201d hat\u0131rlat\u0131lmas\u0131 \u00fczerine, konuyla ilgili m\u00fcste\u015far\u0131na gerekli talimat\u0131 verdi\u011fini, d\u00f6nd\u00fc\u011f\u00fcnde ilk Bakanlar Kurulu toplant\u0131s\u0131nda, TBMM\u2019ye g\u00f6nderilecek \u015fekilde haz\u0131rl\u0131klar\u0131n yap\u0131laca\u011f\u0131n\u0131 s\u00f6yledi.<\/p>\n<p style=\"text-align: justify;\"><strong><em>20 \u00fclkenin lideriyle g\u00f6r\u00fc\u015fecek<\/em><\/strong><\/p>\n<p style=\"text-align: justify;\">Ba\u015fbakan Recep Tayyip Erdo\u011fan, Birle\u015fmi\u015f Milletler (BM) 64. Genel Kurulu ile Pistburg\u2019daki G-20 Zirvesine kat\u0131lmak \u00fczere \u00f6zel u\u00e7ak \u201cANA\u201d ile ABD\u2019ye gitti. E\u015fi Emine Erdo\u011fan\u2019\u0131n da e\u015flik etti\u011fi gezide Ba\u015fbakan, ABD Ba\u015fkan\u0131 Barack Obama\u2019n\u0131n da aralar\u0131nda bulundu\u011fu yakla\u015f\u0131k 20 \u00fclkenin devlet ve h\u00fck\u00fcmet ba\u015fkan\u0131yla ikili temaslarda bulunacak.<\/p>\n<p style=\"text-align: justify;\"><span style=\"color: #888888;\">Haber Kayna\u011f\u0131 : <a href=\"http:\/\/www.yenicaggazetesi.com.tr\/haberdetay.php?hit=23394\" target=\"_blank\">yenicaggazetesi.com.tr<\/a><\/span><\/p>\n","protected":false},"excerpt":{"rendered":"<p style=\"text-align: center;\">\n<p style=\"text-align: justify;\">S\u00d6ZDE a\u00e7\u0131l\u0131m\u0131n i\u00e7eri\u011fini ba\u015f\u0131ndan beri \u00f6zenle gizleyen Ba\u015fbakan Erdo\u011fan, d\u00fcn ABD gezisi \u00f6ncesi \u201cObama ile g\u00f6r\u00fc\u015fmenizde konu g\u00fcndeme gelecek mi?\u201d sorusuna \u201cBunu da payla\u015faca\u011f\u0131z. Oradaki dostlar\u0131m\u0131za anlatmakta fayda var\u201d cevab\u0131n\u0131 verdi.<\/p>\n<p style=\"text-align: justify;\">Dostu Obama\u2019ya anlatacak<\/p>\n<p style=\"text-align: justify;\">Muhalefetin t\u00fcm uyar\u0131lar\u0131na ra\u011fmen rest \u00e7ekip ABD\u2019ye giden Ba\u015fbakan Erdo\u011fan, a\u00e7\u0131l\u0131m\u0131 oradaki <\/p>\n","protected":false},"author":1,"featured_media":0,"comment_status":"open","ping_status":"closed","sticky":false,"template":"","format":"standard","meta":{"footnotes":""},"categories":[105],"tags":[],"class_list":["post-14845","post","type-post","status-publish","format-standard","hentry","category-gundem","odd"],"_links":{"self":[{"href":"http:\/\/www.korhanyilmaz.com\/index.php?rest_route=\/wp\/v2\/posts\/14845","targetHints":{"allow":["GET"]}}],"collection":[{"href":"http:\/\/www.korhanyilmaz.com\/index.php?rest_route=\/wp\/v2\/posts"}],"about":[{"href":"http:\/\/www.korhanyilmaz.com\/index.php?rest_route=\/wp\/v2\/types\/post"}],"author":[{"embeddable":true,"href":"http:\/\/www.korhanyilmaz.com\/index.php?rest_route=\/wp\/v2\/users\/1"}],"replies":[{"embeddable":true,"href":"http:\/\/www.korhanyilmaz.com\/index.php?rest_route=%2Fwp%2Fv2%2Fcomments&post=14845"}],"version-history":[{"count":0,"href":"http:\/\/www.korhanyilmaz.com\/index.php?rest_route=\/wp\/v2\/posts\/14845\/revisions"}],"wp:attachment":[{"href":"http:\/\/www.korhanyilmaz.com\/index.php?rest_route=%2Fwp%2Fv2%2Fmedia&parent=14845"}],"wp:term":[{"taxonomy":"category","embeddable":true,"href":"http:\/\/www.korhanyilmaz.com\/index.php?rest_route=%2Fwp%2Fv2%2Fcategories&post=14845"},{"taxonomy":"post_tag","embeddable":true,"href":"http:\/\/www.korhanyilmaz.com\/index.php?rest_route=%2Fwp%2Fv2%2Ftags&post=14845"}],"curies":[{"name":"wp","href":"https:\/\/api.w.org\/{rel}","templated":true}]}}