{"id":14841,"date":"2009-09-21T20:19:18","date_gmt":"2009-09-21T17:19:18","guid":{"rendered":"http:\/\/www.korhanyilmaz.com\/?p=14841"},"modified":"2009-09-21T20:19:18","modified_gmt":"2009-09-21T17:19:18","slug":"mustafa-denizli-istifa-etmiyor","status":"publish","type":"post","link":"http:\/\/www.korhanyilmaz.com\/?p=14841","title":{"rendered":"Mustafa Denizli istifa etmiyor"},"content":{"rendered":"<p style=\"text-align: center;\"><a href=\"http:\/\/www.korhanyilmaz.com\/wp-content\/uploads\/2009\/09\/DEN\u0130ZL\u0130.jpg\"  class=\"lightview\"><img loading=\"lazy\" decoding=\"async\" class=\"aligncenter size-full wp-image-14842\" src=\"http:\/\/www.korhanyilmaz.com\/wp-content\/uploads\/2009\/09\/DEN\u0130ZL\u0130.jpg\" alt=\"\" width=\"410\" height=\"179\" \/><\/a><\/p>\n<p style=\"text-align: justify;\">Be\u015fikta\u015f Teknik Direkt\u00f6r\u00fc Mustafa Denizli, istifa etmesinin s\u00f6z konusu olmad\u0131\u011f\u0131n\u0131 s\u00f6yledi.<\/p>\n<p style=\"text-align: justify;\">Mustafa Denizli, BJK Nevzat Demir Tesisleri&#8217;nde ger\u00e7ekle\u015ftirilen antrenman s\u0131ras\u0131nda bas\u0131n mensuplar\u0131yla sohbet etti.<\/p>\n<p style=\"text-align: justify;\">CSKA Moskova ile yap\u0131lacak Avrupa \u015eampiyonlar Ligi ma\u00e7\u0131nda k\u00f6t\u00fc bir sonu\u00e7 al\u0131nmas\u0131 durumunda istifa edece\u011fi y\u00f6n\u00fcnde spek\u00fclasyonlar yap\u0131ld\u0131\u011f\u0131n\u0131n hat\u0131rlat\u0131lmas\u0131 \u00fczerine Denizli, &#8220;S\u00f6z konusu de\u011fil&#8221; derken, s\u00f6zle\u015fmesinde tazminat maddesinin bulunup bulunmad\u0131\u011f\u0131 sorusuna ise, &#8220;Ben Be\u015fikta\u015f ile olan s\u00f6zle\u015fmeme tazminat maddesi koydurtmam. S\u00f6zle\u015fmem a\u00e7\u0131kt\u0131r&#8221; diye konu\u015ftu.<\/p>\n<p style=\"text-align: justify;\">Kayserispor ma\u00e7\u0131 sonras\u0131 kul\u00fcp ba\u015fkan\u0131 Y\u0131ld\u0131r\u0131m Demir\u00f6ren ile g\u00f6r\u00fc\u015fece\u011fini ve istifas\u0131n\u0131n da g\u00fcndeme gelebilece\u011fini s\u00f6yledi\u011finin hat\u0131rlat\u0131lmas\u0131 \u00fczerine de deneyimli teknik adam, &#8220;Evet ba\u015fkanla telefonda g\u00f6r\u00fc\u015ft\u00fck. Her zaman yapt\u0131\u011f\u0131m\u0131z \u015feyi yapt\u0131k. Ben zaten alternatifler hakk\u0131nda konu\u015faca\u011f\u0131m\u0131 s\u00f6ylemi\u015ftim. Bunlar\u0131 konu\u015ftuk&#8221; dedi. <!--more--><\/p>\n<p style=\"text-align: justify;\">Bir soru \u00fczerine, &#8220;Benim \u00e7al\u0131\u015fmalar\u0131mda ba\u015f\u0131m\u0131 al\u0131p gitti\u011fim yoktur. Bir\u00e7ok ba\u015far\u0131 ya\u015fad\u0131m, bunun yan\u0131nda da ba\u015far\u0131s\u0131zl\u0131klar ya\u015fad\u0131m&#8221; derken, asba\u015fkan Levent Erdo\u011fan&#8217;\u0131n kendisi ve tak\u0131m i\u00e7in yapt\u0131\u011f\u0131 a\u00e7\u0131klamalarla ilgili olarak da, &#8220;Bunlar benim d\u0131\u015f\u0131mda olan \u015feyler&#8221; diyerek yorum yapmaktan ka\u00e7\u0131nd\u0131.<\/p>\n<p style=\"text-align: justify;\">Tak\u0131m\u0131n Turkcell S\u00fcper Lig&#8217;deki k\u00f6t\u00fc gidi\u015fi nedeniyle futbolculara para cezas\u0131 verilip verilmeyece\u011fi sorusuna Denizli, &#8220;Cezayla de\u011fil, de\u011fi\u015fik y\u00f6ntemlerle bu k\u00f6t\u00fc gidi\u015fi ortadan kald\u0131raca\u011f\u0131z. Al\u0131nan k\u00f6t\u00fc sonu\u00e7lardaki \u00fcz\u00fcnt\u00fcler zaten yetiyor. Maddi cezalar bir\u015fey ifade etmez&#8221; diye yan\u0131t verdi.<\/p>\n<p style=\"text-align: justify;\">Denizli, lige k\u00f6t\u00fc ba\u015flad\u0131klar\u0131n\u0131 ve bunun \u00fcz\u00fcnt\u00fcs\u00fcn\u00fc ya\u015fad\u0131klar\u0131n\u0131 ifade ederek, &#8220;Ancak birka\u00e7 ma\u00e7 kaybetmek bizim d\u00fc\u015f\u00fcncelerimizi de\u011fi\u015ftirmez&#8221; dedi.<\/p>\n<p style=\"text-align: justify;\">Geride kalan 6 ma\u00e7ta al\u0131nan sonucun, kendilerini en fazla tedirgin edebilece\u011fini anlatan Denizli, bu tedirginli\u011fi de ortadan kald\u0131rmak istediklerini vurgulad\u0131. S\u0131k\u0131nt\u0131l\u0131 d\u00f6nemlerde kimi zaman futbolcular\u0131n bundan kurtulmak i\u00e7in \u00e7ok \u00e7aba sarfetmelerinin, kontrols\u00fcz hareketlere neden olabilece\u011finin alt\u0131n\u0131 \u00e7izen Denizli, &#8220;Bir an evvel eski performans\u0131m\u0131za d\u00f6nmek istiyoruz. Oyun d\u00fc\u015f\u00fcncemizde ge\u00e7en y\u0131la oranla fazla bir farkl\u0131l\u0131k yok. Zaman zaman isimlerde de\u011fi\u015fiklik oluyor. Bir tak\u0131m\u0131n \u015fablonu varsa, de\u011fi\u015fen isimlerin de \u00e7ok \u00f6nemi olmuyor&#8221; diye konu\u015ftu.<\/p>\n<p style=\"text-align: justify;\">Tak\u0131m\u0131n b\u00f6yle k\u00f6t\u00fc gidece\u011fini d\u00fc\u015f\u00fcnmenin normal olmayaca\u011f\u0131n\u0131 belirten Denizli, &#8220;Tak\u0131m\u0131m da ben de iddial\u0131y\u0131z. Bize bu ligde pes etmek diye bir\u015fey yok. M\u00fccadelemizi s\u00fcrd\u00fcrece\u011fiz&#8221; dedi.<\/p>\n<p style=\"text-align: justify;\"><strong><em>&#8220;B\u00fct\u00fcn birimlere g\u00fcveniyorum&#8221;<\/em><\/strong><\/p>\n<p style=\"text-align: justify;\">Be\u015fikta\u015f&#8217;taki t\u00fcm birimlere g\u00fcvendi\u011fini vurgulayan Denizli, &#8220;Futbolcusuna, taraftar\u0131na, camiam\u0131za, zaman zaman konu\u015fanlar da olsa herkese g\u00fcveniyorum&#8221; diye konu\u015ftu.<\/p>\n<p style=\"text-align: justify;\">Denizli, Kayserispor ma\u00e7\u0131 sonras\u0131 \u00e7ok \u00fczg\u00fcn g\u00f6r\u00fcnd\u00fc\u011f\u00fcn\u00fcn belirtilmesi \u00fczerine de, &#8220;V\u00fccut dilim iyi de\u011fildi. Kayserispor ma\u00e7\u0131na \u00e7ok \u00fcz\u00fcld\u00fcm. Bu kar\u015f\u0131la\u015fma d\u00fc\u015f\u00fcnd\u00fcklerimin d\u0131\u015f\u0131nda sonu\u00e7land\u0131&#8221; dedi.<\/p>\n<p style=\"text-align: justify;\">Manchester United ile yapt\u0131klar\u0131 Avrupa \u015eampiyonlar Ligi ma\u00e7\u0131na da de\u011finen Denizli, \u015f\u00f6yle devam etti: &#8220;Manchester United, yenmeyi hakedecek bizden fazla ne yapt\u0131? Be\u015fikta\u015f&#8217;a b\u00fcy\u00fck haks\u0131zl\u0131k yap\u0131ld\u0131\u011f\u0131n\u0131 d\u00fc\u015f\u00fcn\u00fcyorum. Manchester United&#8217;\u0131n bizim kar\u015f\u0131m\u0131zda neden oynayamad\u0131\u011f\u0131 niye yaz\u0131lm\u0131yor? O ma\u00e7ta ne \u00fcrkek oynad\u0131k, ne de defansif. O g\u00fcn Manchester United&#8217;\u0131n bizden \u00fcst\u00fcn oynad\u0131\u011f\u0131 s\u00f6ylenebilir mi? E\u011fer o ma\u00e7tan puan alabilsek, bu d\u00f6n\u00fc\u015f\u00fcm\u00fcn ba\u015flang\u0131c\u0131 olabilirdi.&#8221;<\/p>\n<p style=\"text-align: justify;\">Avrupa \u015eampiyonlar Ligi&#8217;nde yapacaklar\u0131 CSKA Moskova ma\u00e7\u0131n\u0131n kendileri i\u00e7in \u00e7ok \u00f6nemli oldu\u011funu ifade eden Denizli, Manchester United kar\u015f\u0131s\u0131nda g\u00f6sterdikleri oyunu yinelemeleri durumunda iyi bir sonu\u00e7 alabileceklerini s\u00f6yledi.<\/p>\n<p style=\"text-align: justify;\">Denizli, Moskova&#8217;ya tak\u0131m\u0131 erken g\u00f6t\u00fcrebileceklerini, ya da T\u00fcrkiye i\u00e7inde bir yerde kampa yapabileceklerini de kaydetti.<\/p>\n<p style=\"text-align: justify;\">\u0130brahim Ka\u015f&#8217;\u0131 neden savunman\u0131n sa\u011f\u0131nda oynatt\u0131\u011f\u0131 sorusuna Denizli, &#8220;\u0130brahim&#8217;in hi\u00e7 oynamad\u0131\u011f\u0131 bir b\u00f6lge de\u011fil. Sivok veya Ferrari&#8217;den birinde sakatl\u0131k s\u0131k\u0131nt\u0131s\u0131 ya\u015fasak, bu b\u00f6lgenin alternatifi de yine \u0130brahim&#8217;dir. Biz bu d\u00fc\u015f\u00fcncelerle \u0130brahim Ka\u015f&#8217;\u0131 transfer ettik&#8221; diye yan\u0131t verdi. Denizli, Bobo&#8217;daki performans d\u00fc\u015f\u00fckl\u00fc\u011f\u00fcyle ilgili bir soruyu da, &#8220;Sezon ba\u015f\u0131nda dizinde problemi vard\u0131. Bir\u00e7ok antrenmana kat\u0131lamad\u0131&#8221; yan\u0131t\u0131n\u0131 verdi.<\/p>\n<p style=\"text-align: justify;\"><span style=\"color: #888888;\">CNN T\u00dcRK<\/span><\/p>\n","protected":false},"excerpt":{"rendered":"<p style=\"text-align: center;\">\n<p style=\"text-align: justify;\">Be\u015fikta\u015f Teknik Direkt\u00f6r\u00fc Mustafa Denizli, istifa etmesinin s\u00f6z konusu olmad\u0131\u011f\u0131n\u0131 s\u00f6yledi.<\/p>\n<p style=\"text-align: justify;\">Mustafa Denizli, BJK Nevzat Demir Tesisleri&#8217;nde ger\u00e7ekle\u015ftirilen antrenman s\u0131ras\u0131nda bas\u0131n mensuplar\u0131yla sohbet etti.<\/p>\n<p style=\"text-align: justify;\">CSKA Moskova ile yap\u0131lacak Avrupa \u015eampiyonlar Ligi ma\u00e7\u0131nda k\u00f6t\u00fc bir sonu\u00e7 al\u0131nmas\u0131 durumunda istifa edece\u011fi y\u00f6n\u00fcnde spek\u00fclasyonlar yap\u0131ld\u0131\u011f\u0131n\u0131n hat\u0131rlat\u0131lmas\u0131 \u00fczerine Denizli, &#8220;S\u00f6z <\/p>\n","protected":false},"author":1,"featured_media":0,"comment_status":"open","ping_status":"closed","sticky":false,"template":"","format":"standard","meta":{"footnotes":""},"categories":[42],"tags":[],"class_list":["post-14841","post","type-post","status-publish","format-standard","hentry","category-spor","odd"],"_links":{"self":[{"href":"http:\/\/www.korhanyilmaz.com\/index.php?rest_route=\/wp\/v2\/posts\/14841","targetHints":{"allow":["GET"]}}],"collection":[{"href":"http:\/\/www.korhanyilmaz.com\/index.php?rest_route=\/wp\/v2\/posts"}],"about":[{"href":"http:\/\/www.korhanyilmaz.com\/index.php?rest_route=\/wp\/v2\/types\/post"}],"author":[{"embeddable":true,"href":"http:\/\/www.korhanyilmaz.com\/index.php?rest_route=\/wp\/v2\/users\/1"}],"replies":[{"embeddable":true,"href":"http:\/\/www.korhanyilmaz.com\/index.php?rest_route=%2Fwp%2Fv2%2Fcomments&post=14841"}],"version-history":[{"count":0,"href":"http:\/\/www.korhanyilmaz.com\/index.php?rest_route=\/wp\/v2\/posts\/14841\/revisions"}],"wp:attachment":[{"href":"http:\/\/www.korhanyilmaz.com\/index.php?rest_route=%2Fwp%2Fv2%2Fmedia&parent=14841"}],"wp:term":[{"taxonomy":"category","embeddable":true,"href":"http:\/\/www.korhanyilmaz.com\/index.php?rest_route=%2Fwp%2Fv2%2Fcategories&post=14841"},{"taxonomy":"post_tag","embeddable":true,"href":"http:\/\/www.korhanyilmaz.com\/index.php?rest_route=%2Fwp%2Fv2%2Ftags&post=14841"}],"curies":[{"name":"wp","href":"https:\/\/api.w.org\/{rel}","templated":true}]}}