{"id":14831,"date":"2009-09-21T18:11:07","date_gmt":"2009-09-21T15:11:07","guid":{"rendered":"http:\/\/www.korhanyilmaz.com\/?p=14831"},"modified":"2009-09-21T18:11:07","modified_gmt":"2009-09-21T15:11:07","slug":"basbug-mardinden-pkkya-gozdagi-verdi","status":"publish","type":"post","link":"http:\/\/www.korhanyilmaz.com\/?p=14831","title":{"rendered":"Ba\u015fbu\u011f Mardin&#039;den PKK&#039;ya g\u00f6zda\u011f\u0131 verdi"},"content":{"rendered":"<p style=\"text-align: center;\"><a href=\"http:\/\/www.korhanyilmaz.com\/wp-content\/uploads\/2009\/09\/BASBUG.jpg\"  class=\"lightview\"><img loading=\"lazy\" decoding=\"async\" class=\"aligncenter size-full wp-image-14832\" src=\"http:\/\/www.korhanyilmaz.com\/wp-content\/uploads\/2009\/09\/BASBUG.jpg\" alt=\"\" width=\"307\" height=\"236\" \/><\/a><\/p>\n<p style=\"text-align: justify;\">Bayram\u0131n 2. g\u00fcn\u00fcnde Mardin&#8217;in Nusaybin il\u00e7esindeki S\u0131n\u0131rtepe Karakolu&#8217;nu ziyaret eden ve s\u0131n\u0131rdaki askerlerle bayramla\u015fan Genelkurmay Ba\u015fkan\u0131 Orgeneral \u0130lker Ba\u015fbu\u011f, Mardin&#8217;den sert mesajlar verdi. Ter\u00f6r \u00f6rg\u00fct\u00fc PKK i\u00e7in, &#8220;Silah ve kanla hi\u00e7bir yere var\u0131lmaz. PKK&#8217;n\u0131n amac\u0131na ula\u015fmas\u0131 memk\u00fcn de\u011fildir. Tek \u00e7\u0131kar yol PKK&#8217;n\u0131n silah b\u0131rakmas\u0131d\u0131r&#8221; diyen Ba\u015fbu\u011f DTP&#8217;yi kastederek, &#8220;Halk\u0131m\u0131z\u0131 siyaset ve ter\u00f6r a\u011falar\u0131ndan kurtarmal\u0131y\u0131z&#8221; ifadesini kulland\u0131.<\/p>\n<p style=\"text-align: justify;\">Orgeneral Ba\u015fbu\u011f, ziyaretinin ard\u0131ndan a\u00e7\u0131klamalarda bulundu. <!--more--><\/p>\n<p style=\"text-align: justify;\"><strong><em>&#8220;Kan\u0131n Durmas\u0131n\u0131\u00a0 TSK da \u0130stiyor&#8221; <\/em><\/strong><\/p>\n<p style=\"text-align: justify;\">Ba\u015fbu\u011f, &#8220;Evet. Akan kan\u0131n durmas\u0131n\u0131 herkes, elbette T\u00fcrk Silahl\u0131 Kuvvetleri de ister. Hatta isteyenlerin en ba\u015f\u0131ndad\u0131r. Bundan herkes emin olsun. Ancak bu kan\u0131 kim ve ni\u00e7in ak\u0131t\u0131yor? Bu soruyu sormak laz\u0131m. Akan kan dursun, dursun. Peki, bu akan kan\u0131 kim ve ni\u00e7in ak\u0131t\u0131yor? Bu sorunun cevab\u0131n\u0131 aramak laz\u0131m. Bu sorunun cevab\u0131 a\u00e7\u0131k; b\u00f6l\u00fcc\u00fc ter\u00f6r \u00f6rg\u00fct\u00fc&#8221; dedi.<\/p>\n<p style=\"text-align: justify;\">Devletin \u00fclkede me\u015fru g\u00fc\u00e7 kullanma hakk\u0131na sahip tek otorite oldu\u011funu vurgulayan Orgeneral Ba\u015fbu\u011f, &#8220;Ter\u00f6r \u00f6rg\u00fctlerinin de her zaman her f\u0131rsatta bu otoritenin sars\u0131lmas\u0131n\u0131 ister. B\u00f6lgede \u00f6zellikle G\u00fcneydo\u011fu Do\u011fu Anadolu ve Do\u011fu Anadolu b\u00f6lgemiz ba\u015fta olmak \u00fczere bu b\u00f6lgelerde ter\u00f6ristler bulundu\u011fu s\u00fcrece, bu g\u00f6revlerin biraz evvel a\u00e7\u0131k\u00e7a ifade etti\u011fim g\u00f6revlerin yerine getirilmesi devletin ve dolay\u0131s\u0131yla g\u00fcvenlik kuvvetlerinin vazifesidir&#8221; diye konu\u015ftu.<\/p>\n<p style=\"text-align: justify;\">Ba\u015fbu\u011f, &#8220;Devletimizin, milletimizin ve g\u00fcvenlik kuvvetlerinin kararl\u0131l\u0131\u011f\u0131 kar\u015f\u0131s\u0131nda b\u00f6l\u00fcc\u00fc ter\u00f6r \u00f6rg\u00fct\u00fcn\u00fcn ama\u00e7lar\u0131na ula\u015fmas\u0131 m\u00fcmk\u00fcn de\u011fildir. Bug\u00fcne kadar \u00f6rg\u00fct kand\u0131rd\u0131\u011f\u0131, kulland\u0131\u011f\u0131 3 bine yak\u0131n insan\u0131n\u0131n \u00f6l\u00fcm\u00fcne neden olmu\u015ftur. T\u00fcrk Silahl\u0131 Kuvvetleri her zaman, her \u015feye ra\u011fmen b\u00f6l\u00fcc\u00fc ter\u00f6r \u00f6rg\u00fct\u00fcne kar\u015f\u0131 y\u00fcr\u00fctt\u00fc\u011f\u00fc m\u00fccadeleyi insan odakl\u0131 olarak y\u00fcr\u00fctmektedir&#8221; dedi.<\/p>\n<p style=\"text-align: justify;\"><strong><em>&#8220;Silahla Kanla Bir Yere Var\u0131lmaz&#8221;<\/em><\/strong><\/p>\n<p style=\"text-align: justify;\">Org. Ba\u015fbu\u011f, &#8220;Ter\u00f6r \u00f6rg\u00fct\u00fcne kand\u0131r\u0131larak kat\u0131lan ter\u00f6ristlerin b\u00fcy\u00fck bir b\u00f6l\u00fcm\u00fc 26 ya\u015f\u0131na ula\u015fmadan hayat\u0131n\u0131 kaybetti. Bu kapsamda \u00f6zellikle ter\u00f6r \u00f6rg\u00fct\u00fcne kar\u015f\u0131 \u00e7\u0131kmalar\u0131na ra\u011fmen evlatlar\u0131n\u0131 ter\u00f6r \u00f6rg\u00fct\u00fcne kapt\u0131ran ve bu ac\u0131lar\u0131 ya\u015fayan o anne ve babalar\u0131n da ac\u0131lar\u0131n\u0131 anlamak zorunday\u0131z. Bu nedenle tekrar ifade ediyorum; silahla, kanla bir yere var\u0131lamaz. Tek \u00e7\u0131kar yol, b\u00f6l\u00fcc\u00fc ter\u00f6r \u00f6rg\u00fct\u00fcn\u00fcn silahlar\u0131n\u0131 b\u0131rakmas\u0131d\u0131r&#8221; dedi.<\/p>\n<p style=\"text-align: justify;\">\u0130lker Ba\u015fbu\u011f, &#8220;D\u00fcnyan\u0131n her yerindeki ter\u00f6ristler g\u00fcndemin kan, g\u00f6zya\u015f\u0131, kin ve nefret \u00fczerinde olu\u015fmas\u0131n\u0131 ister. Ter\u00f6ristler toplumda d\u00fc\u015fmanl\u0131\u011f\u0131 artt\u0131rmak, ileti\u015fimi kopartmak ve toplum i\u00e7erisinde farkl\u0131 kimlikler yaratmak suretiyle farkl\u0131la\u015fmalara yol a\u00e7mak ister. \u015eimdi baz\u0131lar\u0131 diyor ki &#8216;\u015eu tarihe kadar insanlar\u0131n \u00f6l\u00fcm\u00fcne neden olmayaca\u011f\u0131z ancak \u015fu tarihten sonra tekrar masum insanlar\u0131, g\u00f6revlerini yapmakta olan asker ve polisleri \u00f6ld\u00fcrmeye ba\u015flayaca\u011f\u0131z&#8217;. Bu d\u00fc\u015f\u00fcnce nas\u0131l a\u00e7\u0131klanabilir. Bu tehdit, ter\u00f6r i\u00e7eren, insanl\u0131k d\u0131\u015f\u0131 bu d\u00fc\u015f\u00fcncelere nas\u0131l \u0131l\u0131ml\u0131 bak\u0131labilir. Hatta bu \u00e7e\u015fit d\u00fc\u015f\u00fcnceler nas\u0131l desteklenebilir. Bunun da herhalde sorulmas\u0131 laz\u0131m. Daha \u00f6nce de ifade etti\u011fim gibi \u00fclke ve millet b\u00fct\u00fcnl\u00fc\u011f\u00fcn\u00fc koruman\u0131n elbette bir bedeli vard\u0131. Bedelsiz hi\u00e7bir \u015fey olmaz. Asker i\u00e7in onur ve vazife her \u015feyin \u00fcst\u00fcndedir&#8221; dedi.<\/p>\n<p style=\"text-align: justify;\"><strong><em>&#8220;Halk\u0131 A\u011falardan Kurtarmal\u0131y\u0131z&#8221; <\/em><\/strong><\/p>\n<p style=\"text-align: justify;\">Ba\u015fbu\u011f, &#8220;\u00d6zellikle bu b\u00f6lgedeki insanlar\u0131m\u0131z, vatanda\u015flar\u0131m\u0131z, Do\u011fu Anadolu dahil olmak \u00fczere a\u011falardan \u00e7ekti. Bug\u00fcn bu noktalardaysak, alt\u0131nda yatan temel nedenlerin bir tanesi bu. Bu zaman\u0131n a\u011falar\u0131ndan \u00e7eken insanlar\u0131m\u0131z, siyaset a\u011falar\u0131ndan, ter\u00f6r a\u011falar\u0131ndan muzdarip. Esas temel sorunlardan bir tanesi de bu halk\u0131m\u0131z\u0131 siyaset a\u011falar\u0131ndan, ter\u00f6r a\u011falar\u0131ndan kurtar\u0131lmas\u0131&#8221; dedi.<\/p>\n<p style=\"text-align: justify;\">Orgeneral Ba\u015fbu\u011f, &#8220;Arada \u00e7ok farkl\u0131, marjinal gruplar\u0131 bir kenara b\u0131rakal\u0131m. Ezici \u00e7o\u011funluk, birlikte ya\u015fama karar\u0131n\u0131 vermi\u015ftir ve bu kararl\u0131l\u0131kla karar verir. Birlikte ya\u015famaya karar verenler i\u00e7in her yer T\u00fcrkiye&#8217;de, her makam herkesindir. Bunun aksini s\u00f6yleyen varsa \u00e7\u0131ks\u0131n. Elbette herhangi bir vatanda\u015f\u0131m\u0131z\u0131n nerede olursa olsun, kendini ezik hissetmesi de bizim sorunumuzdur. Bu konuda \u00fczerimize d\u00fc\u015fenleri de yapmam\u0131z laz\u0131m. A\u00e7\u0131k s\u00f6yl\u00fcyorum, \u00f6zellikle bu b\u00f6lgedeki insanlar\u0131m\u0131z, vatanda\u015flar\u0131m\u0131z, Do\u011fu Anadolu dahil olmak \u00fczere a\u011falardan \u00e7ekti. Bug\u00fcn bu noktalardaysak, alt\u0131nda yatan temel nedenlerin bir tanesi bu. Bu zaman\u0131n a\u011falar\u0131ndan \u00e7eken insanlar\u0131m\u0131z, siyaset a\u011falar\u0131ndan ter\u00f6r a\u011falar\u0131ndan muzdarip. Esas temel sorunlardan bir tanesi de bu halk\u0131m\u0131z\u0131 siyasetin a\u011falar\u0131ndan ter\u00f6r a\u011falar\u0131ndan kurtar\u0131lmas\u0131&#8221; dedi.<\/p>\n<p style=\"text-align: justify;\"><strong><em>&#8221; Tek \u00c7\u0131kar yol Silah B\u0131rakmak &#8221; <\/em><\/strong><\/p>\n<p style=\"text-align: justify;\">&#8220;Silahla ve kanla bir yere var\u0131lamayaca\u011f\u0131n\u0131&#8221; belirten Orgeneral Ba\u015fbu\u011f, &#8220;Tek \u00e7\u0131kar yol, silahlar\u0131n\u0131z\u0131 b\u0131rakmaktan ge\u00e7iyor&#8221; dedi. T\u00fcrkiye&#8217;nin \u00e7ok b\u00fcy\u00fck bir \u00fclke oldu\u011funu ifade eden Orgeneral Ba\u015fbu\u011f, &#8220;Bu \u00fclke b\u00fct\u00fcn vatanda\u015flar\u0131na yeter. \u0130\u015fte g\u00f6r\u00fcyorsunuz, \u015fu anda Mardin Ovas\u0131nday\u0131z. Yani Mardin Ovas\u0131n\u0131 g\u00f6rd\u00fckten sonra neyi payla\u015fam\u0131yoruz? Bu \u00fclkenin gelece\u011fi g\u00fczel. D\u00fc\u015f\u00fcn\u00fcn \u015fu ovada \u015fu \u015fartlarda bile y\u0131lda iki defa \u00fcr\u00fcn al\u0131n\u0131yor. Bu\u011fday ve \u015fimdi m\u0131s\u0131r. 2012 y\u0131l\u0131na kadar sulama projeleriyle su buralara da gelecek. D\u00fc\u015f\u00fcn\u00fcn, buralardaki geli\u015fimi. Sadece Mardin ovas\u0131 m\u0131, bir do\u011fuya gidin Harran Ovas\u0131&#8217;n\u0131 g\u00f6receksiniz. B\u0131rak\u0131n T\u00fcrkiye&#8217;yi b\u00f6lgeyi bekleyen, tarihi bir ge\u00e7mi\u015fi var, buras\u0131 \u015fu anda bulundu\u011fumuz yer tarihi Mezopotamya&#8217;n\u0131n kuzeyidir. D\u00fcnyan\u0131n en g\u00fczel, en verimli yeri. B\u00fct\u00fcn insanlar\u0131m\u0131za yeter, b\u00fct\u00fcn insanlar\u0131m\u0131za refah getirir. Nedir o zaman?&#8221; diye konu\u015ftu.<\/p>\n<p style=\"text-align: justify;\">&#8220;Ter\u00f6rden en b\u00fcy\u00fck zarar\u0131n b\u00f6lge insan\u0131n \u00e7ekti\u011fini ve \u00e7ekmeye devam etti\u011finin unutulmamas\u0131 gerekti\u011fini&#8221; vurgulayan Orgeneral Ba\u015fbu\u011f, &#8220;O zaman herkesin \u00fczerinde d\u00fc\u015f\u00fcnmesi gereken soru \u015fudur? Bu b\u00f6lge insan\u0131m\u0131z\u0131n ihtiya\u00e7lar\u0131 nedir? Bu ihtiya\u00e7lar\u0131 do\u011fru tespit etmek ve bunlar\u0131n kar\u015f\u0131lanmak devletin asli asli g\u00f6revidir&#8221; dedi.<\/p>\n<p style=\"text-align: justify;\"><strong><em>\u0130\u015fsizlik ve E\u011fitim <\/em><\/strong><\/p>\n<p style=\"text-align: justify;\">Bu konuda gerek yurt i\u00e7inde gerek yurt d\u0131\u015f\u0131nda yap\u0131lan \u00e7ok ara\u015ft\u0131rma oldu\u011funu, bu ara\u015ft\u0131rmalar\u0131n son iki ay\u0131nda yap\u0131lanlar\u0131n\u0131n hemen hemen b\u00fcy\u00fck bir b\u00f6l\u00fcm\u00fcn\u00fc incelediklerini ifade eden Orgeneral Ba\u015fbu\u011f, &#8220;Bana sorsan\u0131z ki, bu b\u00f6lge halk\u0131n\u0131n \u00f6ncelikli iki temel ihtiyac\u0131 nedir? B\u00fct\u00fcn bu ara\u015ft\u0131rmalar\u0131n sonucu olarak ifade ediyorum. T\u00fcm ara\u015ft\u0131rmalar\u0131n sonucunda \u00e7\u0131kan b\u00f6lge insan\u0131m\u0131z\u0131n iste\u011fi iki \u015fey var. Birisi, \u00e7ok a\u00e7\u0131k. En \u00f6nce temel i\u015fsizlik, ge\u00e7im s\u0131k\u0131nt\u0131s\u0131, ekonomik s\u0131k\u0131nt\u0131. B\u00f6lge insan\u0131m\u0131z, halk\u0131m\u0131z bunu istiyor. \u0130kinci istek veya ihtiya\u00e7, belki ara\u015ft\u0131rmalarda biraz farkl\u0131l\u0131klar olabilir. Fakat, benim tespitim ikinci ihtiya\u00e7, e\u011fitim sistemi. E\u011fitim sisteminden \u015fikayet\u00e7i insanlar\u0131m\u0131z. E\u011fitim sistemimiz yetersiz&#8221; dedi.<\/p>\n<p style=\"text-align: justify;\">Ba\u015fbu\u011f, devlet olarak, ald\u0131klar\u0131 tedbirlerle t\u00fcm vatanda\u015flara daha mutlu bir hayat vermek durumunda olduklar\u0131n\u0131 belirterek, bunun devletin asli g\u00f6revi oldu\u011funu s\u00f6yledi. Orgeneral Ba\u015fbu\u011f, &#8220;Devlet elbete, f\u0131rsat e\u015fitli\u011finden daha fazla yararlanabilme, kendini her alanda geli\u015ftirme imkanlar\u0131n\u0131 b\u00fct\u00fcn vatanda\u015flar\u0131na sa\u011flamal\u0131y\u0131z. Peki bunlar g\u00fczel, bir de b\u00f6lgeye bakal\u0131m. \u00c7ok bilinen bir \u015fey ama bir kez daha \u00fczerinde durmam\u0131zda yarar var&#8221; diye konu\u015ftu.<\/p>\n<p style=\"text-align: justify;\">Bu b\u00f6lgede hala T\u00fcrk\u00e7e okuma yazma bilmeyenlerin oran\u0131n\u0131n y\u00fczde 20&#8217;lerde oldu\u011funu dile getiren Orgeneral Ba\u015fbu\u011f, &#8220;T\u00fcrkiye ortalamas\u0131 y\u00fczde 8 k\u00fcsur. \u015eimdi okuma yazma bilmeyenlerin oran\u0131n\u0131n y\u00fczde 20 oldu\u011fu bir yerde, biraz evvel s\u00f6yledi\u011fimiz daha f\u0131rsat e\u015fitli\u011fi, her alanda kendini geli\u015ftirme olanaklar\u0131n\u0131 sa\u011flayabildi\u011fimizi s\u00f6yleyebilir miyiz?&#8221; diye sordu.<\/p>\n<p style=\"text-align: justify;\"><strong><em>&#8221; T\u00fcrk\u00e7e Ortak \u0130leti\u015fim Dilidir &#8221; <\/em><\/strong><\/p>\n<p style=\"text-align: justify;\">Orgeneral Ba\u015fbu\u011f, g\u00f6zden ka\u00e7an \u00f6nemli bir nokta oldu\u011funu belirterek, &#8220;T\u00fcrk\u00e7e, tabii ki T\u00fcrk\u00e7e&#8230; Anayasam\u0131z \u00e7izmi\u015f, Anayasam\u0131z\u0131n 3. maddesi \u00e7ok a\u00e7\u0131k, T\u00fcrk\u00e7e resmi dil ama \u00f6nemli olan bir husus daha var. T\u00fcrk\u00e7e, ayn\u0131 zamanda ortak ileti\u015fim dilidir&#8221; dedi.<\/p>\n<p style=\"text-align: justify;\">Daha refah daha mutlu bir hayat\u0131n, t\u00fcm insanlar\u0131n hakk\u0131 oldu\u011funu dile getiren Orgeneral Ba\u015fbu\u011f, &#8220;Ama buraya giden yol ilk \u00f6nce T\u00fcrk\u00e7eden ge\u00e7iyor. Ancak burada y\u00fczde 20 noktalar\u0131nda bu konuda geride oldu\u011fumuzu d\u00fc\u015f\u00fcn\u00fcrsek ger\u00e7ekten, bu b\u00f6lge insan\u0131m\u0131z\u0131n iyili\u011fini, refah\u0131n\u0131, mutlulu\u011funu isteyen herkesin esas \u00fczerinde durmas\u0131 gereken noktalar bunlar de\u011fil mi? Ana noktalar\u0131 b\u0131rak\u0131yoruz, di\u011fer noktalarla \u015fey yap\u0131yoruz. Esas insan odakl\u0131 de\u011fil mi, bu insanlar\u0131m\u0131z\u0131n derdi, s\u0131k\u0131nt\u0131s\u0131 ne? \u00c7ok a\u00e7\u0131k, birlikte ya\u015famaya karar verenler i\u00e7in ki burada en ufak bir teredd\u00fct\u00fcm\u00fcz yoktur&#8221; dedi.<\/p>\n<p style=\"text-align: justify;\"><strong><em>&#8221; Kaderler Ortak &#8221; <\/em><\/strong><\/p>\n<p style=\"text-align: justify;\">T\u00fcrkiye Cumhuriyeti&#8217;nin g\u00fc\u00e7l\u00fc oldu\u011funu vurgulayan Orgeneral Ba\u015fbu\u011f, ge\u00e7enlerde bir dok\u00fcman okurken ya\u015fam\u0131n\u0131 yitiren Kinyas Kartal&#8217;\u0131n s\u00f6zlerini \u00e7ok \u00f6nemli buldu\u011funu s\u00f6yledi. Kartal&#8217;\u0131n s\u00f6zlerine uyuldu\u011fu takdirde yenilemeyecek hi\u00e7bir g\u00fc\u00e7l\u00fck olmad\u0131\u011f\u0131n\u0131 belirten Orgeneral Ba\u015fbu\u011f, &#8220;Bak\u0131n ne demi\u015f: Ayr\u0131l\u0131k tohumu giren tarladan nifak ve nefret \u00e7\u0131kar. Evvela, bu milletin evlatlar\u0131 kaderlerinin ortak oldu\u011funu \u00f6\u011frenmelidir. Y\u00fczde y\u00fcz kat\u0131ld\u0131\u011f\u0131m\u0131z bir \u015fey bu. Diyor ki, birbirimizi yeteri kadar seversek, ba\u015fka sevgiye muhta\u00e7 olmay\u0131z. Herhalde bu bayram g\u00fcn\u00fcnde b\u00fct\u00fcn b\u00f6lge insan\u0131m\u0131z\u0131n, \u00fclkemizin b\u00fct\u00fcn insanlar\u0131n\u0131n, milletimizin her ferdine&#8221;  dedi.<\/p>\n<p style=\"text-align: justify;\"><strong><em>&#8221; Bu Ordu Milletin Ordusudur &#8221; <\/em><\/strong><\/p>\n<p style=\"text-align: justify;\">Ba\u015fbu\u011f, &#8220;Bu ordu, hi\u00e7bir grubun ordusu de\u011fildir. Bu ordu, bilmen neyin ordusu de\u011fildir. Bu ordu, milletin ordusudur. \u0130\u015fte millet&#8230; Bizim, g\u00fcc\u00fcm\u00fcz bu zaten. Onun i\u00e7in TSK, milletinden ald\u0131\u011f\u0131 g\u00fc\u00e7le, azimle g\u00f6revinin ba\u015f\u0131ndad\u0131r. T\u00fcrk ordusu, milli ordudur. Milli ordu demek, T\u00fcrk ordusunun arkas\u0131nda T\u00fcrk milleti vard\u0131r. Millet var, ulus var. i\u015fte, budur. T\u00fcrk ordusunun kuruldu\u011fundan beri bu millilik vasf\u0131 vard\u0131r, ilelebet de devam edecektir. G\u00fc\u00e7l\u00fc millet, tarihsel ge\u00e7mi\u015fimiz var, tecr\u00fcbemiz var, ahd\u0131m\u0131z var. G\u00fc\u00e7l\u00fcy\u00fcz ve her zaman s\u00f6yledi\u011fim gibi \u00f6z g\u00fcvenimiz tam. G\u00fc\u00e7l\u00fcy\u00fcz ki, en b\u00fcy\u00fck g\u00fcc\u00fcm\u00fcz bu, bu da milletimizin sa\u011f duyusudur. Fedakarl\u0131\u011f\u0131na, kahramanl\u0131\u011f\u0131na, ahd\u0131na ve vicdan\u0131na g\u00fcveniyoruz&#8221; dedi.<\/p>\n<p style=\"text-align: justify;\">Orgeneral Ba\u015fbu\u011f, Ramazan Bayram\u0131&#8217;n\u0131n ikinci g\u00fcn\u00fc burada olmaktan b\u00fcy\u00fck bir mutluluk duydu\u011funu ifade ederek, &#8220;Elbette, g\u00f6n\u00fcl ister ki her yerde olal\u0131m ama bilin ki nereye giderseniz gidin, Edirne&#8217;de, Ankara&#8217;da, Bursa&#8217;da, Hakkari&#8217;de, \u015e\u0131rnak&#8217;ta, Erzurum&#8217;da, Rize&#8217;de, Trabzon&#8217;da ve Ordu&#8217;da da bunlar\u0131 g\u00f6receksiniz&#8221; dedi.<\/p>\n<p style=\"text-align: justify;\"><strong><em>Askerlerle tek tek bayramla\u015ft\u0131 <\/em><\/strong><\/p>\n<p style=\"text-align: justify;\">Orgeneral \u0130lker Ba\u015fbu\u011f, Suriye&#8217;ye en yak\u0131n s\u0131n\u0131r karakolu olan S\u0131n\u0131rtepe S\u0131n\u0131r Karakolu&#8217;nu ziyaret etti.<\/p>\n<p style=\"text-align: justify;\">Askeri helikopterle gelen Orgeneral Ba\u015fbu\u011f, askerlerle tek tek bayramla\u015farak bir s\u00fcre sohbet etti.<\/p>\n<p style=\"text-align: justify;\">Daha sonra karakoldaki g\u00f6zetleme kulesine \u00e7\u0131kan Orgeneral Ba\u015fbu\u011f, n\u00f6bet\u00e7i askerle de bayramla\u015farak, g\u00f6zetlenen alanla ilgili bilgi ald\u0131.<\/p>\n<p style=\"text-align: justify;\">Orgeneral Ba\u015fbu\u011f, askerlerle birlikte \u00f6\u011fle yeme\u011fi de yedi.<\/p>\n<p style=\"text-align: justify;\">Orgeneral \u0130lker Ba\u015fbu\u011f&#8217;a, Kara Kuvvetleri Komutan\u0131 Orgeneral I\u015f\u0131k Ko\u015faner, Jandarma Genel Komutan\u0131 Orgeneral Atila I\u015f\u0131k ve Mardin Valisi Hasan Duruer de e\u015flik etti.<\/p>\n<p style=\"text-align: justify;\">Geziyi takip eden gazetecilere Ba\u015fbu\u011f&#8217;un Mardin&#8217;i ziyaret edece\u011fi bilgisi u\u00e7aktayken verildi.<\/p>\n<p style=\"text-align: justify;\"><span style=\"color: #888888;\">CNN T\u00dcRK<\/span><\/p>\n","protected":false},"excerpt":{"rendered":"<p style=\"text-align: center;\">\n<p style=\"text-align: justify;\">Bayram\u0131n 2. g\u00fcn\u00fcnde Mardin&#8217;in Nusaybin il\u00e7esindeki S\u0131n\u0131rtepe Karakolu&#8217;nu ziyaret eden ve s\u0131n\u0131rdaki askerlerle bayramla\u015fan Genelkurmay Ba\u015fkan\u0131 Orgeneral \u0130lker Ba\u015fbu\u011f, Mardin&#8217;den sert mesajlar verdi. Ter\u00f6r \u00f6rg\u00fct\u00fc PKK i\u00e7in, &#8220;Silah ve kanla hi\u00e7bir yere var\u0131lmaz. PKK&#8217;n\u0131n amac\u0131na ula\u015fmas\u0131 memk\u00fcn de\u011fildir. Tek \u00e7\u0131kar yol PKK&#8217;n\u0131n silah b\u0131rakmas\u0131d\u0131r&#8221; diyen Ba\u015fbu\u011f DTP&#8217;yi kastederek, &#8220;Halk\u0131m\u0131z\u0131 siyaset <\/p>\n","protected":false},"author":1,"featured_media":0,"comment_status":"open","ping_status":"closed","sticky":false,"template":"","format":"standard","meta":{"footnotes":""},"categories":[105],"tags":[],"class_list":["post-14831","post","type-post","status-publish","format-standard","hentry","category-gundem","odd"],"_links":{"self":[{"href":"http:\/\/www.korhanyilmaz.com\/index.php?rest_route=\/wp\/v2\/posts\/14831","targetHints":{"allow":["GET"]}}],"collection":[{"href":"http:\/\/www.korhanyilmaz.com\/index.php?rest_route=\/wp\/v2\/posts"}],"about":[{"href":"http:\/\/www.korhanyilmaz.com\/index.php?rest_route=\/wp\/v2\/types\/post"}],"author":[{"embeddable":true,"href":"http:\/\/www.korhanyilmaz.com\/index.php?rest_route=\/wp\/v2\/users\/1"}],"replies":[{"embeddable":true,"href":"http:\/\/www.korhanyilmaz.com\/index.php?rest_route=%2Fwp%2Fv2%2Fcomments&post=14831"}],"version-history":[{"count":0,"href":"http:\/\/www.korhanyilmaz.com\/index.php?rest_route=\/wp\/v2\/posts\/14831\/revisions"}],"wp:attachment":[{"href":"http:\/\/www.korhanyilmaz.com\/index.php?rest_route=%2Fwp%2Fv2%2Fmedia&parent=14831"}],"wp:term":[{"taxonomy":"category","embeddable":true,"href":"http:\/\/www.korhanyilmaz.com\/index.php?rest_route=%2Fwp%2Fv2%2Fcategories&post=14831"},{"taxonomy":"post_tag","embeddable":true,"href":"http:\/\/www.korhanyilmaz.com\/index.php?rest_route=%2Fwp%2Fv2%2Ftags&post=14831"}],"curies":[{"name":"wp","href":"https:\/\/api.w.org\/{rel}","templated":true}]}}