{"id":14827,"date":"2009-09-21T15:50:08","date_gmt":"2009-09-21T12:50:08","guid":{"rendered":"http:\/\/www.korhanyilmaz.com\/?p=14827"},"modified":"2009-09-21T15:50:08","modified_gmt":"2009-09-21T12:50:08","slug":"hukumet-tsknin-tezkere-talebine-sicak","status":"publish","type":"post","link":"http:\/\/www.korhanyilmaz.com\/?p=14827","title":{"rendered":"H\u00fck\u00fcmet TSK&#039;n\u0131n tezkere talebine s\u0131cak"},"content":{"rendered":"<p style=\"text-align: justify;\"><a href=\"http:\/\/www.korhanyilmaz.com\/wp-content\/uploads\/2009\/09\/TEZKERE.jpg\"  class=\"lightview\"><img loading=\"lazy\" decoding=\"async\" class=\"aligncenter size-full wp-image-14828\" src=\"http:\/\/www.korhanyilmaz.com\/wp-content\/uploads\/2009\/09\/TEZKERE.jpg\" alt=\"\" width=\"307\" height=\"236\" \/><\/a><\/p>\n<p style=\"text-align: justify;\">Genelkurmay Ba\u015fkanl\u0131\u011f\u0131&#8217;n\u0131n &#8220;S\u0131n\u0131r \u00f6tesi harekat yetkisi uzat\u0131ls\u0131n&#8221; talebine h\u00fck\u00fcmet de olumlu bak\u0131yor. Ba\u015fbakan Recep Tayyip Erdo\u011fan, Genelkurmay&#8217;\u0131n bu iste\u011fini ilk toplanacak Bakanlar Kurulu&#8217;nda g\u00f6r\u00fc\u015feceklerini ve Meclis&#8217;e g\u00f6ndereceklerini s\u00f6yledi. Erdo\u011fan, ABD ziyaretinden \u00f6nce sorular\u0131 cevaplad\u0131.<\/p>\n<p style=\"text-align: justify;\">Ba\u015fbakan Erdo\u011fan, New York&#8217;taki BM 64. Genel Kurulu ile Pitsburg&#8217;daki G-20 zirvesine kat\u0131lmak \u00fczere bug\u00fcn ABD&#8217;ye gitti.<\/p>\n<p style=\"text-align: justify;\">Bas\u0131n mensuplar\u0131n\u0131n \u00e7e\u015fitli konulardaki sorular\u0131n\u0131 yan\u0131tlayan Erdo\u011fan, &#8220;S\u0131n\u0131r \u00f6tesi operasyonlara imkan sa\u011flayan tezkerenin uzat\u0131lmas\u0131 i\u00e7in Ba\u015fbakanl\u0131\u011fa talep yaz\u0131s\u0131 g\u00f6nderildi\u011finin&#8221; hat\u0131rlat\u0131lmas\u0131 \u00fczerine, konuyla ilgili m\u00fcste\u015far\u0131na gerekli talimat\u0131 verdi\u011fini, d\u00f6nd\u00fc\u011f\u00fcnde ilk Bakanlar Kurulu toplant\u0131s\u0131nda, TBMM&#8217;ye g\u00f6nderilecek \u015fekilde haz\u0131rl\u0131klar\u0131n yap\u0131laca\u011f\u0131n\u0131 s\u00f6yledi. <!--more--><\/p>\n<p style=\"text-align: justify;\">Erdo\u011fan, &#8220;Gazetelerde yorumland\u0131\u011f\u0131 \u015fekilde &#8216;yap\u0131lmayacak, edilmeyecek&#8217; bu t\u00fcr \u015feyler s\u00f6z konusu de\u011fil. Bizler parlamentoya bu konuyla ilgili yaz\u0131m\u0131z\u0131 g\u00f6nderece\u011fiz&#8221; dedi.<\/p>\n<p style=\"text-align: justify;\"><strong><em>K\u00fcrt a\u00e7\u0131l\u0131m\u0131 <\/em><\/strong><\/p>\n<p style=\"text-align: justify;\">Ba\u015fbakan Erdo\u011fan, &#8220;Demokratik A\u00e7\u0131l\u0131m&#8221; \u00e7al\u0131\u015fmalar\u0131n\u0131n, AK Parti&#8217;nin, AK Parti iktidar\u0131n\u0131n bir projesi olarak de\u011fil, &#8220;Milli Birlik Projesi&#8221; olarak t\u00fcm milletin elini ta\u015f\u0131n alt\u0131na koydu\u011fu bir proje olarak yans\u0131mas\u0131n\u0131 istediklerini bildirdi.<\/p>\n<p style=\"text-align: justify;\">Bir gazetecinin, &#8220;Demokratik A\u00e7\u0131l\u0131m, ABD&#8217;deki ikili g\u00f6r\u00fc\u015fmelerinizde g\u00fcndeme gelecek mi?&#8221; y\u00f6n\u00fcndeki sorusuna Erdo\u011fan, g\u00fcndeme gelmesi halinde bunu da payla\u015facaklar\u0131n\u0131, bu konuyu oradaki dostlar\u0131na anlatmakta fayda oldu\u011funu s\u00f6yledi.<\/p>\n<p style=\"text-align: justify;\">Erdo\u011fan, bu konuyla ilgili olumsuz kampanyalar s\u00fcrd\u00fcr\u00fcld\u00fc\u011f\u00fcne i\u015faret ederek, &#8220;Bizim de olumsuz de\u011fil, olumlu neticeleri oradaki dostlar\u0131m\u0131zla payla\u015fmam\u0131zda fayda var&#8221; dedi.<\/p>\n<p style=\"text-align: justify;\"><strong><em>Ermeni a\u00e7\u0131l\u0131m\u0131<\/em><\/strong><\/p>\n<p style=\"text-align: justify;\">&#8220;Ermeni a\u00e7\u0131l\u0131m\u0131 olacak m\u0131? E\u011fer olacaksa protokol\u00fc hangi ko\u015fullarla imzalayacaks\u0131n\u0131z?&#8221; y\u00f6n\u00fcndeki soru \u00fczerine Ba\u015fbakan Erdo\u011fan, bu a\u00e7\u0131l\u0131m\u0131n da &#8220;Demokratik A\u00e7\u0131l\u0131m&#8221; s\u00fcreci i\u00e7inde s\u00fcrd\u00fcr\u00fcld\u00fc\u011f\u00fcn\u00fc kaydetti.<\/p>\n<p style=\"text-align: justify;\">Ba\u015fbakan Erdo\u011fan, bu s\u00fcrecin i\u00e7inde, ba\u015fta ter\u00f6r sorunu olmak \u00fczere 5. yap\u0131lan Alevi \u00c7al\u0131\u015ftay\u0131&#8217;n\u0131n da yer ald\u0131\u011f\u0131n\u0131 ve bunun da T\u00fcrkiye&#8217;nin sorunlar\u0131ndan birisi oldu\u011funu ifade ederek, &#8220;Devam etmekte olan Ermenistan ile ili\u015fkiler konusu da sorun alanlar\u0131ndan birisi. Bunun \u00fczerinde de \u00e7al\u0131\u015fmalar\u0131m\u0131z devam ediyor. \u00c7al\u0131\u015fmalar\u0131 olumlu noktaya ta\u015f\u0131man\u0131n arzusu i\u00e7indeyiz. Bunun yan\u0131nda T\u00fcrkiye&#8217;nin i\u015fsizlik sorunu var. Bunun \u00fczerinde de \u0131srarla duruyoruz. Az\u0131nl\u0131klar\u0131n da kendilerine ait sorunlar\u0131 var. Bunun \u00fczerinde de duruyoruz. Sorun alanlar\u0131 nerelerse, bu sorun alanlar\u0131 \u00fczerinde &#8216;Demokratik A\u00e7\u0131l\u0131m&#8217; ile bu \u00e7al\u0131\u015fmalar\u0131 s\u00fcrd\u00fcr\u00fcp, bu sorun alanlar\u0131n\u0131 en asgari noktaya indirip, Milli Birlik Projemizi \u00e7ok daha g\u00fczel bir \u015fekilde takdim ederek, milli birli\u011fimizi g\u00fc\u00e7lendirmenin gayreti i\u00e7inde olaca\u011f\u0131z&#8221; dedi.<\/p>\n<p style=\"text-align: justify;\"><strong><em>Baykal&#8217;a davetiye <\/em><\/strong><\/p>\n<p style=\"text-align: justify;\">Bir gazetecinin, &#8220;S\u00fcrece ili\u015fkin CHP Genel Ba\u015fkan\u0131 Deniz Baykal&#8217;a davetiye g\u00f6nderilece\u011finin a\u00e7\u0131kland\u0131\u011f\u0131n\u0131 hat\u0131rlatarak, davetiyede s\u00fcre\u00e7le ilgili a\u00e7\u0131klamalar\u0131n yer al\u0131p almayaca\u011f\u0131n\u0131&#8221; sormas\u0131 \u00fczerine Erdo\u011fan, davetiyede bu t\u00fcr detaylar\u0131n olmayaca\u011f\u0131n\u0131, g\u00f6r\u00fc\u015fme talebinin yer alaca\u011f\u0131n\u0131 s\u00f6yledi.<\/p>\n<p style=\"text-align: justify;\">Ba\u015fbakan Erdo\u011fan, sadece usul noktas\u0131nda baz\u0131 detaylar\u0131n yer alabilece\u011fini, i\u00e7erikle ilgili noktay\u0131 kendisiyle oturup konu\u015facaklar\u0131n\u0131 anlatarak, &#8220;Burada as\u0131l olan kendilerinin bu havuza ne kadar kat\u0131lacaklar\u0131. \u00c7\u00fcnk\u00fc, bu havuzda bile\u015fenleri oturup de\u011ferlendirme yapaca\u011f\u0131z. Bu de\u011ferlendirmeleri yapt\u0131ktan sonra da milletin vekili durumunda olan TBMM&#8217;de bunu a\u00e7mak suretiyle ideal bir noktaya i\u015fi ta\u015f\u0131mak istiyoruz. Ta\u015f\u0131yaca\u011f\u0131z. Gayretimiz bu istikamette olacak. Bu AK Parti&#8217;nin, AK Parti iktidar\u0131n\u0131n bir projesi olarak yans\u0131mas\u0131n. Bu &#8216;Milli Birlik Projesi&#8217; olarak t\u00fcm milletin elini ta\u015f\u0131n alt\u0131na koydu\u011fu bir proje olarak yans\u0131s\u0131n istiyoruz. Onun i\u00e7in kat\u0131l\u0131m\u0131n \u00e7ok daha geni\u015f kapsaml\u0131 olmas\u0131n\u0131 arzu ediyoruz. Arzumuz adeta toplumsal mutabakatla olsun istiyoruz. Ama bu mutabakat\u0131n i\u00e7inde yer almak isteyenlere eyvallah, yer almak istemeyenlerde kusura bakmas\u0131nlar. Biz yolumuza devam etmek zorunday\u0131z. &#8216;Burada bir engel var&#8217; diye duracak de\u011filiz. Biz bu engelleri a\u015fa a\u015fa arzulanan noktaya gidece\u011fiz&#8221; dedi.<\/p>\n<p style=\"text-align: justify;\">Ba\u015fbakan Erdo\u011fan, yapt\u0131rd\u0131klar\u0131 kamuoyu ara\u015ft\u0131rmalar\u0131nda halk\u0131n ciddi bir k\u0131sm\u0131n\u0131n bu konuyla ilgili beklentisinin oldu\u011funu ve \u00e7\u0131tan\u0131n y\u00fckseklerde bulundu\u011funu tespit ettiklerini bildirdi.<\/p>\n<p style=\"text-align: justify;\"><strong><em>Yo\u011fun temas trafi\u011fi <\/em><\/strong><\/p>\n<p style=\"text-align: justify;\">Ba\u015fbakan Erdo\u011fan, ABD ziyareti s\u0131ras\u0131nda yakla\u015f\u0131k 20 \u00fclkenin devlet ve h\u00fck\u00fcmet ba\u015fkan\u0131yla ikili temaslarda bulunmay\u0131 ama\u00e7lad\u0131\u011f\u0131n\u0131 s\u00f6yledi.<\/p>\n<p style=\"text-align: justify;\">BM Genel Kurul g\u00f6r\u00fc\u015fmelerinden \u00f6nce 22 Eyl\u00fcl&#8217;de BM Genel Sekreteri Ban Ki-moon&#8217;un ba\u015fkanl\u0131\u011f\u0131nda d\u00fczenlenen ve g\u00fcn\u00fcm\u00fcz\u00fcn en \u00f6nemli sorunlar\u0131 aras\u0131nda bulunan &#8220;\u0130klim De\u011fi\u015fikli\u011fi&#8221; temal\u0131 y\u00fcksek d\u00fczeyli toplant\u0131ya kat\u0131laca\u011f\u0131n\u0131 kaydeden Erdo\u011fan, 192 \u00fclkenin kat\u0131laca\u011f\u0131 bu y\u0131l ki BM Genel Kurulu \u00e7al\u0131\u015fmalar\u0131nda, 130 \u00fclkenin devlet ve h\u00fck\u00fcmet ba\u015fkanlar\u0131 seviyesinde temsil edilmesinin beklendi\u011fini ifade etti.<\/p>\n<p style=\"text-align: justify;\">Ba\u015fbakan Erdo\u011fan, program\u0131 \u00e7er\u00e7evesinde 23 Eyl\u00fcl g\u00fcn\u00fc BM 64. Genel Kurulu&#8217;nun a\u00e7\u0131l\u0131\u015f oturumuna kat\u0131laca\u011f\u0131n\u0131, ertesi g\u00fcnde Genel Kurul&#8217;da uluslararas\u0131 g\u00fcndeme ili\u015fkin konularda T\u00fcrkiye&#8217;nin g\u00f6r\u00fc\u015flerini a\u00e7\u0131klayan bir konu\u015fma yapaca\u011f\u0131n\u0131 bildirdi.<\/p>\n<p style=\"text-align: justify;\">T\u00fcrkiye&#8217;nin bu Genel Kurul&#8217;a BM G\u00fcvenlik Konseyi ge\u00e7ici \u00fcyesi olarak kat\u0131laca\u011f\u0131n\u0131 an\u0131msatan Erdo\u011fan, bu \u00e7er\u00e7evede BM G\u00fcvenlik Konseyi D\u00f6nem Ba\u015fkanl\u0131\u011f\u0131n\u0131 y\u00fcr\u00fctmekte olan ABD&#8217;nin Ba\u015fkan\u0131 Barack H\u00fcseyin Obama&#8217;n\u0131n ba\u015fkanl\u0131\u011f\u0131nda d\u00fczenlenecek, &#8220;N\u00fckleer Silahs\u0131zlanma ve Yay\u0131lman\u0131n \u00d6nlenmesi&#8221; konulu G\u00fcvenlik Konseyi toplant\u0131s\u0131na da kat\u0131larak bir konu\u015fma yapaca\u011f\u0131n\u0131 aktard\u0131.<\/p>\n<p style=\"text-align: justify;\"><strong><em>G-20 zirvesi<\/em><\/strong><\/p>\n<p style=\"text-align: justify;\">Daha sonra G-20 Zirvesi genel oturumuna kat\u0131lmak \u00fczere 24-25 Eyl\u00fcl&#8217;de Pitsburg&#8217;da bulunaca\u011f\u0131n\u0131 anlatan Ba\u015fbakan Erdo\u011fan, &#8220;Ziyaretim s\u0131ras\u0131nda yakla\u015f\u0131k 20 \u00fclkenin devlet ve h\u00fck\u00fcmet ba\u015fkan\u0131yla ikili temaslarda bulunmay\u0131 ama\u00e7l\u0131yorum&#8221; dedi.<\/p>\n<p style=\"text-align: justify;\">BM Genel Sekreteri Ban Ki-moon ile de bir araya gelece\u011fini belirten Erdo\u011fan, temaslar\u0131nda b\u00f6lgesel sorunlar ba\u015fta olmak \u00fczere g\u00fcndemdeki uluslararas\u0131 konularda muhataplar\u0131yla g\u00f6r\u00fc\u015fme f\u0131rsat\u0131n\u0131 bulaca\u011f\u0131n\u0131 s\u00f6yledi.<\/p>\n<p style=\"text-align: justify;\">New York&#8217;ta bulunaca\u011f\u0131 s\u00fcre i\u00e7erisinde D\u0131\u015fi\u015fleri Bakanlar\u0131 Toplant\u0131s\u0131&#8217;na, Demokratik Pakistan&#8217;\u0131n Dostlar\u0131 Grubu Zirvesi&#8217;ne ve \u0130slam Konferans\u0131 \u00d6rg\u00fct\u00fc&#8217;n\u00fcn kurulu\u015funun 40. y\u0131l don\u00fcm\u00fc nedeniyle d\u00fczenlenecek faaliyete de kat\u0131laca\u011f\u0131n\u0131 ifade eden Erdo\u011fan, ayr\u0131ca, Clinton K\u00fcresel Giri\u015fimi taraf\u0131ndan d\u00fczenlenecek olan &#8220;G-20 ve K\u00fcresel Sorunlara Etkisi&#8221; konulu toplant\u0131ya kat\u0131larak bir konu\u015fma yapaca\u011f\u0131n\u0131 s\u00f6yledi.<\/p>\n<p style=\"text-align: justify;\">Ba\u015fbakan Erdo\u011fan, Princeton ve New York \u00fcniversitelerinde verece\u011fi konferanslarda da akademik \u00e7evreler ve \u00f6\u011frencilerle bir araya gelerek T\u00fcrk d\u0131\u015f politikas\u0131n\u0131, \u00f6nceliklerini ve Medeniyetler \u0130ttifak\u0131 Giri\u015fimi hakk\u0131ndaki g\u00f6r\u00fc\u015flerini a\u00e7\u0131klama f\u0131rsat\u0131n\u0131 bulaca\u011f\u0131n\u0131, ayr\u0131ca Balkan-Amerikan Dernekleri Federasyonu taraf\u0131ndan d\u00fczenlenecek konferans\u0131n a\u00e7\u0131l\u0131\u015f resepsiyonuna kat\u0131larak burada bir konu\u015fma yapaca\u011f\u0131n\u0131 bildirdi.<\/p>\n<p style=\"text-align: justify;\">Ziyareti s\u0131ras\u0131nda di\u011fer yurt d\u0131\u015f\u0131 gezilerinde oldu\u011fu gibi 26 Eyl\u00fcl&#8217;de d\u00fczenlenecek bir toplant\u0131da T\u00fcrk vatanda\u015flar\u0131yla ve i\u015f adamlar\u0131yla bir araya gelme f\u0131rsat\u0131 bulaca\u011f\u0131n\u0131 dile getiren Erdo\u011fan, bunun yan\u0131 s\u0131ra bir s\u00fcre \u00f6nce ya\u015fam\u0131n\u0131 yitiren Ahmet Erteg\u00fcn&#8217;e verilmesi daha \u00f6nce kararla\u015ft\u0131r\u0131lan Devlet Ni\u015fan\u0131&#8217;n\u0131 da d\u00fczenlenecek bir resepsiyon s\u0131ras\u0131nda e\u015fine sunaca\u011f\u0131n\u0131 belirtti.<\/p>\n<p style=\"text-align: justify;\">Ba\u015fbakan Erdo\u011fan, temaslar\u0131n\u0131n ard\u0131ndan 26 Eyl\u00fcl&#8217;de New York&#8217;tan hareket edece\u011fini ve 27 Eyl\u00fcl&#8217;de T\u00fcrkiye&#8217;de olaca\u011f\u0131n\u0131 s\u00f6zlerine ekledi.<\/p>\n<p style=\"text-align: justify;\">Ba\u015fbakan Erdo\u011fan&#8217;a e\u015fi Emine Erdo\u011fan, D\u0131\u015fi\u015fleri Bakan\u0131 Ahmet Davuto\u011flu, Devlet Bakan\u0131 Ali Babacan, Devlet Bakan\u0131 ve Ba\u015fm\u00fczakereci Egemen Ba\u011f\u0131\u015f ve Maliye Bakan\u0131 Mehmet \u015eim\u015fek ve baz\u0131 milletvekilleri e\u015flik ediyor.<\/p>\n<p style=\"text-align: justify;\"><span style=\"color: #888888;\">CNN T\u00dcRK<\/span><\/p>\n","protected":false},"excerpt":{"rendered":"<p style=\"text-align: justify;\">\n<p style=\"text-align: justify;\">Genelkurmay Ba\u015fkanl\u0131\u011f\u0131&#8217;n\u0131n &#8220;S\u0131n\u0131r \u00f6tesi harekat yetkisi uzat\u0131ls\u0131n&#8221; talebine h\u00fck\u00fcmet de olumlu bak\u0131yor. Ba\u015fbakan Recep Tayyip Erdo\u011fan, Genelkurmay&#8217;\u0131n bu iste\u011fini ilk toplanacak Bakanlar Kurulu&#8217;nda g\u00f6r\u00fc\u015feceklerini ve Meclis&#8217;e g\u00f6ndereceklerini s\u00f6yledi. Erdo\u011fan, ABD ziyaretinden \u00f6nce sorular\u0131 cevaplad\u0131.<\/p>\n<p style=\"text-align: justify;\">Ba\u015fbakan Erdo\u011fan, New York&#8217;taki BM 64. Genel Kurulu ile Pitsburg&#8217;daki G-20 zirvesine kat\u0131lmak \u00fczere <\/p>\n","protected":false},"author":1,"featured_media":0,"comment_status":"open","ping_status":"closed","sticky":false,"template":"","format":"standard","meta":{"footnotes":""},"categories":[105],"tags":[],"class_list":["post-14827","post","type-post","status-publish","format-standard","hentry","category-gundem","odd"],"_links":{"self":[{"href":"http:\/\/www.korhanyilmaz.com\/index.php?rest_route=\/wp\/v2\/posts\/14827","targetHints":{"allow":["GET"]}}],"collection":[{"href":"http:\/\/www.korhanyilmaz.com\/index.php?rest_route=\/wp\/v2\/posts"}],"about":[{"href":"http:\/\/www.korhanyilmaz.com\/index.php?rest_route=\/wp\/v2\/types\/post"}],"author":[{"embeddable":true,"href":"http:\/\/www.korhanyilmaz.com\/index.php?rest_route=\/wp\/v2\/users\/1"}],"replies":[{"embeddable":true,"href":"http:\/\/www.korhanyilmaz.com\/index.php?rest_route=%2Fwp%2Fv2%2Fcomments&post=14827"}],"version-history":[{"count":0,"href":"http:\/\/www.korhanyilmaz.com\/index.php?rest_route=\/wp\/v2\/posts\/14827\/revisions"}],"wp:attachment":[{"href":"http:\/\/www.korhanyilmaz.com\/index.php?rest_route=%2Fwp%2Fv2%2Fmedia&parent=14827"}],"wp:term":[{"taxonomy":"category","embeddable":true,"href":"http:\/\/www.korhanyilmaz.com\/index.php?rest_route=%2Fwp%2Fv2%2Fcategories&post=14827"},{"taxonomy":"post_tag","embeddable":true,"href":"http:\/\/www.korhanyilmaz.com\/index.php?rest_route=%2Fwp%2Fv2%2Ftags&post=14827"}],"curies":[{"name":"wp","href":"https:\/\/api.w.org\/{rel}","templated":true}]}}