{"id":14824,"date":"2009-09-21T16:41:42","date_gmt":"2009-09-21T14:41:42","guid":{"rendered":"http:\/\/www.korhanyilmaz.com\/?p=14824"},"modified":"2009-09-21T16:41:42","modified_gmt":"2009-09-21T14:41:42","slug":"baykal-basbakan-telas-icinde","status":"publish","type":"post","link":"http:\/\/www.korhanyilmaz.com\/?p=14824","title":{"rendered":"Baykal: &#039;Ba\u015fbakan tela\u015f i\u00e7inde&#8230;&#039;"},"content":{"rendered":"<p style=\"text-align: center;\"><a href=\"http:\/\/www.korhanyilmaz.com\/wp-content\/uploads\/2009\/09\/baykal2.jpg\"  class=\"lightview\"><img loading=\"lazy\" decoding=\"async\" class=\"aligncenter size-full wp-image-14825\" src=\"http:\/\/www.korhanyilmaz.com\/wp-content\/uploads\/2009\/09\/baykal2.jpg\" alt=\"\" width=\"307\" height=\"236\" \/><\/a><\/p>\n<p style=\"text-align: justify;\">CHP lideri Deniz Baykal, partisindeki bayramla\u015fma t\u00f6reninde h\u00fck\u00fcmetin a\u00e7\u0131l\u0131m \u00e7al\u0131\u015fmalar\u0131n\u0131 ele\u015ftirdi; &#8220;Ucu belirsiz bir s\u00fcre\u00e7; Ba\u015fbakan tela\u015f i\u00e7inde&#8221; dedi. Baykal, Meclis&#8217;te yap\u0131lmas\u0131 planlanan kapal\u0131 oturum ile ilgili de konu\u015ftu; &#8220;Millete kar\u015f\u0131 kapal\u0131 oturum yapmakla bu sorunu ayd\u0131nlatmak m\u00fcmk\u00fcn olmaz&#8221; dedi.<\/p>\n<p style=\"text-align: justify;\">Baykal, genel merkezde partililerle bayramla\u015fma \u00f6ncesinde g\u00fcndemdeki konulara ili\u015fkin a\u00e7\u0131klamalarda bulundu ve gazetecilerin sorular\u0131n\u0131 yan\u0131tlad\u0131.<\/p>\n<p style=\"text-align: justify;\">T\u00fcrkiye&#8217;nin ekonomik s\u0131k\u0131nt\u0131lar, sosyal sorunlar ve hukuk ihlalleri nedeniyle buruk bir bayram ya\u015fad\u0131\u011f\u0131n\u0131 savunan Baykal, \u00f6zellikle i\u015fsizlikle kar\u015f\u0131 kar\u015f\u0131ya kalm\u0131\u015f vatanda\u015flar\u0131n ac\u0131lar\u0131n\u0131 payla\u015ft\u0131\u011f\u0131n\u0131 vurgulad\u0131. <!--more--><\/p>\n<p style=\"text-align: justify;\">T\u00fcrkiye&#8217;de hukuk ihlalleri ya\u015fand\u0131\u011f\u0131n\u0131 da iddia eden Baykal, &#8220;Ekonomik s\u0131k\u0131nt\u0131lar\u0131n yan\u0131 s\u0131ra Silivri cezaevinde ac\u0131lar \u00e7ekmekte olan bu memleketin d\u00fcr\u00fcst ve namuslu ayd\u0131nlar\u0131n\u0131 selaml\u0131yorum&#8221; dedi.<\/p>\n<p style=\"text-align: justify;\"><strong><em>&#8220;Ba\u015fbakan tela\u015f i\u00e7inde&#8221; <\/em><\/strong><\/p>\n<p style=\"text-align: justify;\">Ba\u015fbakan Recep Tayyip Erdo\u011fan&#8217;\u0131n bayram\u0131 &#8220;K\u00fcrt a\u00e7\u0131l\u0131m\u0131 tart\u0131\u015fmalar\u0131 zeminine ta\u015f\u0131d\u0131\u011f\u0131n&#8221; ileri s\u00fcren Baykal, &#8220;Ba\u015fbakan&#8217;\u0131n bir tela\u015f, s\u0131ra d\u0131\u015f\u0131 gayret i\u00e7inde oldu\u011funu g\u00f6rd\u00fc\u011f\u00fcn\u00fc ve s\u00fcrekli olarak bu konuya ili\u015fkin kararl\u0131klar\u0131n\u0131 aktard\u0131\u011f\u0131n\u0131&#8221; ifade etti.<\/p>\n<p style=\"text-align: justify;\">Erdo\u011fan&#8217;\u0131n bu konuyla ilgili olarak &#8220;iktidara y\u00f6nelik bir b\u00f6l\u00fcc\u00fck su\u00e7lamas\u0131n\u0131n toplum taraf\u0131ndan benimsenmekte oldu\u011fu ger\u00e7e\u011fini&#8221; g\u00f6rd\u00fc\u011f\u00fcn\u00fc ileri s\u00fcren Baykal, &#8220;Bu iktidara y\u00f6nelik bir b\u00f6l\u00fcc\u00fcl\u00fck su\u00e7lamas\u0131 milli vicdanda giderek daha yayg\u0131n yer tutuyor. Ba\u015fbakan da bunun alt\u0131nda eziliyor. &#8216;B\u00f6l\u00fcc\u00fc biz de\u011filiz muhalefettir&#8217; demeye ba\u015fl\u0131yor. B\u00f6yle bo\u015f laflarla kimin b\u00f6l\u00fcc\u00fc oldu\u011fu belirlenemez. Bu i\u015f su\u00e7lamayla, kar\u015f\u0131l\u0131kla hakaretle ortaya \u00e7\u0131kmaz ama T\u00fcrkiye&#8217;nin b\u00f6yle bir tart\u0131\u015fman\u0131n i\u00e7ine girdi\u011fi Ba\u015fbakan&#8217;\u0131n kendini savunma zorunlulu\u011fu i\u00e7ine girdi\u011fi a\u00e7\u0131kt\u0131r&#8221; dedi.<\/p>\n<p style=\"text-align: justify;\">Erdo\u011fan&#8217;\u0131n T\u00fcrkiye&#8217;yi bir b\u00fct\u00fcn olarak g\u00f6rmektense onu olu\u015fturan etnik k\u00fclt\u00fcrleri ayr\u0131\u015ft\u0131rmay\u0131 marifet sayd\u0131\u011f\u0131n\u0131 ileri s\u00fcren Baykal, tavr\u0131n\u0131n alt\u0131nda da bu ger\u00e7e\u011fin yatt\u0131\u011f\u0131n\u0131 iddia etti. Farkl\u0131 etnik kimliklerin T\u00fcrkiye&#8217;nin zenginli\u011fi oldu\u011funu dile getiren Baykal, T\u00fcrk kimli\u011finin ise t\u00fcm etnik kimlikleri kucaklayan milli bir kimlik oldu\u011funu vurgulad\u0131.<\/p>\n<p style=\"text-align: justify;\">Baykal, &#8220;Hem etnik kimli\u011fe \u00f6zg\u00fcrl\u00fck olacak hem de T\u00fcrk milletine sayg\u0131 olacak&#8221; dedi. Baykal, T\u00fcrkiye&#8217;nin tek devlet \u00e7at\u0131s\u0131 alt\u0131nda oldu\u011funu hat\u0131rlatarak, &#8220;T\u00fcrkiye&#8217;yi ay\u0131rmak, b\u00f6lmek isteyen i\u00e7erdeki d\u0131\u015far\u0131daki \u00e7evrelerin de\u011firmenine su ta\u015f\u0131mak T\u00fcrkiye Cumhuriyeti Ba\u015fbakan\u0131&#8217;n\u0131n g\u00f6revi de\u011fildir&#8221; diye konu\u015ftu.<\/p>\n<p style=\"text-align: justify;\"><strong><em>&#8220;Halk\u0131 aldatma gayreti&#8221; <\/em><\/strong><\/p>\n<p style=\"text-align: justify;\">Ba\u015fbakan Erdo\u011fan&#8217;\u0131n &#8220;a\u00e7\u0131l\u0131m&#8221; diyerek b\u00fcy\u00fck hedeflerle yola \u00e7\u0131kt\u0131\u011f\u0131n\u0131, ancak i\u00e7eri\u011fine ili\u015fkin tatmin edici bilgi vermedi\u011fini, hi\u00e7bir somut \u00e7\u00f6z\u00fcm \u00f6nerisi ortaya koymad\u0131\u011f\u0131n\u0131 \u00f6rne s\u00fcren Baykal, CHP&#8217;nin rotas\u0131 belli olmayan bir yolculu\u011fa \u00e7\u0131kmayaca\u011f\u0131n\u0131 kaydetti.<\/p>\n<p style=\"text-align: justify;\">Baykal, &#8220;Ba\u015fbakan&#8217;\u0131n i\u00e7ine girdi\u011fi bu propaganda tela\u015f\u0131n\u0131n alt\u0131nda halk\u0131 aldatma, halk\u0131 yan\u0131ltma, yanl\u0131\u015fa sevk etme gayreti vard\u0131r. Farkl\u0131 ve g\u00fczel \u015feyler s\u00f6yleyip &#8216;analar\u0131n g\u00f6zya\u015f\u0131 dinsin&#8217; edebiyat\u0131yla T\u00fcrkiye&#8217;yi bamba\u015fka s\u0131k\u0131nt\u0131lar\u0131n i\u00e7ine do\u011fru s\u00fcr\u00fckleyecek bir yolculu\u011fa Ba\u015fbakan \u00e7\u0131km\u0131\u015ft\u0131r. \u015eimdi o yolculu\u011fun Washington dura\u011f\u0131na do\u011fru gitmektedir&#8221;  dedi.<\/p>\n<p style=\"text-align: justify;\"><strong><em>&#8220;Atalay ve Erdo\u011fan birbirleriyle \u00e7eli\u015fiyor&#8221; <\/em><\/strong><\/p>\n<p style=\"text-align: justify;\">TBMM&#8217;de konuya ili\u015fkin bir kapal\u0131 oturuma kar\u015f\u0131 olduklar\u0131 g\u00f6r\u00fc\u015f\u00fcn\u00fc de yineleyen Baykal, bunun d\u00fcr\u00fcst bir yakla\u015f\u0131m olmad\u0131\u011f\u0131n\u0131 savundu. Baykal, a\u00e7\u0131l\u0131m \u00e7al\u0131\u015fmalar\u0131na ili\u015fkin Ba\u015fbakan Erdo\u011fan ile \u0130\u00e7i\u015fleri Bakan\u0131 Be\u015fir Atalay&#8217;\u0131n a\u00e7\u0131klamalar\u0131n\u0131n birbiriyle \u00e7eli\u015fti\u011fini iddia etti.<\/p>\n<p style=\"text-align: justify;\">Baykal, Ba\u015fbakan Erdo\u011fan&#8217;\u0131n s\u0131k s\u0131k &#8220;her ne pahas\u0131na olursa olsun biz bu i\u015fin arkas\u0131nday\u0131z&#8221; dedi\u011fini ifade ederek, &#8220;Burada neyi kastediyor onu da tam anlayamad\u0131k. Kendisinin ve partisinin g\u00f6rece\u011fi zarar\u0131 kastediyorsa mesele yok. Ama T\u00fcrkiye&#8217;nin g\u00f6rece\u011fi zarar\u0131 kast ediyorsa orada dur bir dakika&#8230; Bunu s\u00f6ylemeye senin hakk\u0131n yoktur. T\u00fcrkiye&#8217;ye zarar vermene hi\u00e7birimiz m\u00fcsaade etmeyiz&#8221; diye konu\u015ftu.<\/p>\n<p style=\"text-align: justify;\"><strong><em>&#8220;Gelmemi\u015f mektuba cevap verilmez&#8221; <\/em><\/strong><\/p>\n<p style=\"text-align: justify;\">Baykal, bir soru \u00fczerine, Ba\u015fbakan Erdo\u011fan&#8217;dan hen\u00fcz kendisine gelmi\u015f bir mektup olmad\u0131\u011f\u0131n\u0131 s\u00f6yledi. Baykal, bir ba\u015fka soru \u00fczerine de &#8220;Gelmemi\u015f mektuba cevap verilmez&#8221; dedi.<\/p>\n<p style=\"text-align: justify;\">Baykal, mektubun gelmesi halinde yan\u0131t\u0131n\u0131n yaz\u0131l\u0131 m\u0131 s\u00f6zl\u00fc m\u00fc olaca\u011f\u0131 sorusuna ise &#8220;Mektup s\u00f6zl\u00fc gelirse s\u00f6zl\u00fc olacak&#8221; kar\u015f\u0131l\u0131\u011f\u0131n\u0131 verdi. CHP Genel Ba\u015fkan\u0131 Deniz Baykal, a\u00e7\u0131klamalar\u0131n\u0131n ard\u0131ndan genel merkezde toplanan partililerle bayramla\u015ft\u0131.<\/p>\n<p style=\"text-align: justify;\"><strong><em>\u00d6ymen de h\u00fck\u00fcmeti ele\u015ftirdi <\/em><\/strong><\/p>\n<p style=\"text-align: justify;\">CHP Genel Ba\u015fkan Yard\u0131mc\u0131s\u0131 Onur \u00d6ymen de, &#8220;Demokrasi a\u00e7\u0131l\u0131m\u0131 ad\u0131 bir kere bu h\u00fck\u00fcmetin a\u011fz\u0131na hi\u00e7 yak\u0131\u015fm\u0131yor. Hi\u00e7bir sivil iktidar d\u00f6neminde T\u00fcrkiye&#8217;de demokrasi bu kadar b\u00fcy\u00fck bir tahribata u\u011framam\u0131\u015ft\u0131&#8221; dedi.<\/p>\n<p style=\"text-align: justify;\">\u00d6ymen, &#8220;Bir taraftan K\u00fcrt a\u00e7\u0131l\u0131m\u0131, bir taraftan Ermeni a\u00e7\u0131l\u0131m\u0131 diyorlar. Hi\u00e7 merak etmeyin yak\u0131nda K\u0131br\u0131s a\u00e7\u0131l\u0131m\u0131 diyecekler. Bunlar\u0131n hepsi T\u00fcrkiye&#8217;nin temel \u00e7\u0131karlar\u0131na, de\u011ferlerinden fedakarl\u0131k anlam\u0131na geliyor. \u0130\u015fte T\u00fcrkiye \u015fimdi, son derece tehlikeli bir d\u00f6nemece girmi\u015ftir. Demokrasinin temel de\u011feri olan bas\u0131n \u00f6zg\u00fcrl\u00fc\u011f\u00fc, bu kadar ayaklar alt\u0131na al\u0131nmam\u0131\u015ft\u0131. Yarg\u0131 ba\u011f\u0131ms\u0131zl\u0131\u011f\u0131 bu kadar peri\u015fan edilmemi\u015fti. Bunlar\u0131 yapacaks\u0131n\u0131z, sonra ortaya \u00e7\u0131kacaks\u0131n\u0131z diyeceksiniz ki; &#8216;Demokratikle\u015fme a\u00e7\u0131l\u0131m\u0131&#8217; \u0130smet Pa\u015fa b\u00f6yle durumlarda &#8216;Hadi cam\u0131n sende&#8217; derdi&#8221; dedi.<\/p>\n<p style=\"text-align: justify;\">T\u00fcrkiye&#8217;de hukukun \u00e7\u00f6kt\u00fc\u011f\u00fcn\u00fc, yarg\u0131 ba\u011f\u0131ms\u0131zl\u0131\u011f\u0131n\u0131n bitti\u011fini savunan \u00d6ymen, yarg\u0131 ba\u011f\u0131ms\u0131zl\u0131\u011f\u0131n\u0131n olmad\u0131\u011f\u0131 \u00fclkelere demokrasi denemeyece\u011fini ifade etti.<\/p>\n<p style=\"text-align: justify;\"><strong><em>DYH&#8217;ye vergi cezas\u0131 <\/em><\/strong><\/p>\n<p style=\"text-align: justify;\">\u00d6ymen, &#8220;T\u00fcrkiye&#8217;de demokrasi bu h\u00fck\u00fcmet zaman\u0131nda, \u00f6zellikle son zamanlarda \u00e7ok b\u00fcy\u00fck bir tehlike alt\u0131ndad\u0131r. Bir bas\u0131n yay\u0131n organ\u0131na 2.5 milyar dolar ceza veriyorsunuz. Bu arada bir ba\u015fka gruba ceza verdiniz. \u015eirketlerine ayr\u0131ca ceza yaz\u0131yorsunuz. Yani &#8216;bitirece\u011fim&#8217; diyorsunuz. Mesaj bu. Biz muhalif olan, daha do\u011frusu bize muhalif yaz\u0131lara yer veren yay\u0131n organlar\u0131n\u0131 &#8216;bitirece\u011fim&#8217; diyorsunuz. Demokrasiyi bitirmeye karar vermi\u015fler. Bu iktidar \u00e7ok a\u00e7\u0131k s\u00f6yl\u00fcyorum, demokrasiyi bitirmeye karar vermi\u015ftir. Bas\u0131n\u0131 tahrip ederek demokrasiyi nas\u0131l ya\u015fatabilirsiniz?&#8221; diye konu\u015ftu.<\/p>\n<p style=\"text-align: justify;\">H\u00fck\u00fcmetin demokratik a\u00e7\u0131l\u0131m \u00e7al\u0131\u015fmalar\u0131 kapsam\u0131nda k\u0131sa, orta ve uzun vadede farkl\u0131 planlar\u0131n\u0131n oldu\u011funu dile getiren \u00d6ymen, &#8220;K\u0131sa vadede baz\u0131 yerle\u015fim merkezlerinin ismini de\u011fi\u015ftireceklermi\u015f. Say\u0131n Cumhurba\u015fkan\u0131ndan rica ediyoruz, l\u00fctfen Bursa&#8217;n\u0131n Mustafakemalpa\u015fa il\u00e7esini ziyaret etmeyiniz. Bakars\u0131n\u0131z oran\u0131n da ad\u0131n\u0131 de\u011fi\u015ftirmeye kalkarlar. Onun Bizans d\u00f6nemindeki ad\u0131n\u0131 vermeye kalkarlar. Sizin ne yapaca\u011f\u0131n\u0131z\u0131 kimse kestiremez. Bakars\u0131n\u0131z Gazipa\u015fa&#8217;n\u0131n da ad\u0131 de\u011fi\u015fmi\u015f. Alfabemizi de\u011fi\u015ftireceklermi\u015f. Niye? Alfabede x yokmu\u015f. \u015eu i\u015fe bak\u0131n. Atat\u00fcrk&#8217;\u00fcn T\u00fcrkiye&#8217;de \u00f6zenle yapt\u0131\u011f\u0131 bir Dil Devrimi&#8217;ni tahrip edeceksiniz&#8221; dedi.<\/p>\n<p style=\"text-align: justify;\"><span style=\"color: #888888;\">CNN T\u00dcRK<\/span><\/p>\n","protected":false},"excerpt":{"rendered":"<p style=\"text-align: center;\">\n<p style=\"text-align: justify;\">CHP lideri Deniz Baykal, partisindeki bayramla\u015fma t\u00f6reninde h\u00fck\u00fcmetin a\u00e7\u0131l\u0131m \u00e7al\u0131\u015fmalar\u0131n\u0131 ele\u015ftirdi; &#8220;Ucu belirsiz bir s\u00fcre\u00e7; Ba\u015fbakan tela\u015f i\u00e7inde&#8221; dedi. Baykal, Meclis&#8217;te yap\u0131lmas\u0131 planlanan kapal\u0131 oturum ile ilgili de konu\u015ftu; &#8220;Millete kar\u015f\u0131 kapal\u0131 oturum yapmakla bu sorunu ayd\u0131nlatmak m\u00fcmk\u00fcn olmaz&#8221; dedi.<\/p>\n<p style=\"text-align: justify;\">Baykal, genel merkezde partililerle bayramla\u015fma \u00f6ncesinde g\u00fcndemdeki konulara <\/p>\n","protected":false},"author":1,"featured_media":0,"comment_status":"open","ping_status":"closed","sticky":false,"template":"","format":"standard","meta":{"footnotes":""},"categories":[105],"tags":[],"class_list":["post-14824","post","type-post","status-publish","format-standard","hentry","category-gundem","odd"],"_links":{"self":[{"href":"http:\/\/www.korhanyilmaz.com\/index.php?rest_route=\/wp\/v2\/posts\/14824","targetHints":{"allow":["GET"]}}],"collection":[{"href":"http:\/\/www.korhanyilmaz.com\/index.php?rest_route=\/wp\/v2\/posts"}],"about":[{"href":"http:\/\/www.korhanyilmaz.com\/index.php?rest_route=\/wp\/v2\/types\/post"}],"author":[{"embeddable":true,"href":"http:\/\/www.korhanyilmaz.com\/index.php?rest_route=\/wp\/v2\/users\/1"}],"replies":[{"embeddable":true,"href":"http:\/\/www.korhanyilmaz.com\/index.php?rest_route=%2Fwp%2Fv2%2Fcomments&post=14824"}],"version-history":[{"count":0,"href":"http:\/\/www.korhanyilmaz.com\/index.php?rest_route=\/wp\/v2\/posts\/14824\/revisions"}],"wp:attachment":[{"href":"http:\/\/www.korhanyilmaz.com\/index.php?rest_route=%2Fwp%2Fv2%2Fmedia&parent=14824"}],"wp:term":[{"taxonomy":"category","embeddable":true,"href":"http:\/\/www.korhanyilmaz.com\/index.php?rest_route=%2Fwp%2Fv2%2Fcategories&post=14824"},{"taxonomy":"post_tag","embeddable":true,"href":"http:\/\/www.korhanyilmaz.com\/index.php?rest_route=%2Fwp%2Fv2%2Ftags&post=14824"}],"curies":[{"name":"wp","href":"https:\/\/api.w.org\/{rel}","templated":true}]}}