{"id":14821,"date":"2009-09-21T17:48:55","date_gmt":"2009-09-21T15:48:55","guid":{"rendered":"http:\/\/www.korhanyilmaz.com\/?p=14821"},"modified":"2009-09-21T17:48:55","modified_gmt":"2009-09-21T15:48:55","slug":"bahcelinin-hedefinde-abd-gezisi-var","status":"publish","type":"post","link":"http:\/\/www.korhanyilmaz.com\/?p=14821","title":{"rendered":"Bah\u00e7eli&#039;nin hedefinde ABD gezisi var"},"content":{"rendered":"<p style=\"text-align: center;\"><a href=\"http:\/\/www.korhanyilmaz.com\/wp-content\/uploads\/2009\/09\/bahceli1.jpg\"  class=\"lightview\"><img loading=\"lazy\" decoding=\"async\" class=\"aligncenter size-full wp-image-14822\" src=\"http:\/\/www.korhanyilmaz.com\/wp-content\/uploads\/2009\/09\/bahceli1.jpg\" alt=\"\" width=\"307\" height=\"236\" \/><\/a><\/p>\n<p style=\"text-align: justify;\">K\u00fcrt a\u00e7\u0131l\u0131m\u0131n\u0131n d\u0131\u015f kaynakl\u0131 oldu\u011funu savunan MHP Genel Ba\u015fkan\u0131 Devlet Bah\u00e7eli, Ba\u015fbakan Erdo\u011fan&#8217;\u0131n Amerika ziyaretini &#8216;Ba\u015fbakan&#8217;\u0131n ABD&#8217;den hangi onaylanm\u0131\u015f paket de\u011ferleri ile gelece\u011fi merak edilmektedir&#8221; s\u00f6zleriyle de\u011ferlendirdi. Parti \u00fcyeleri ile bayramla\u015fan Bah\u00e7eli, Meclis&#8217;te d\u00fczenlenmesi planlanan kapal\u0131 oturumda konu\u015fulanlar\u0131 a\u00e7\u0131klama fikrinde kararl\u0131 olduklar\u0131n\u0131 da yineledi: &#8220;Cezas\u0131 ne ise katlan\u0131r\u0131z.&#8221;<\/p>\n<p style=\"text-align: justify;\">Bah\u00e7eli, Ramazan Bayram\u0131 dolay\u0131s\u0131yla partisinin genel merkezinde, partililerle bayramla\u015ft\u0131.<\/p>\n<p style=\"text-align: justify;\">Burada konu\u015fan Bah\u00e7eli, Ramazan ay\u0131n\u0131n sel, trafik kazas\u0131 ve ter\u00f6rle m\u00fccadelede bir\u00e7ok Mehmet\u00e7i\u011fin \u015fehit oldu\u011fu haberleri nedeniyle \u00fcz\u00fcnt\u00fc i\u00e7inde ge\u00e7irildi\u011fini ifade etti. <!--more--><\/p>\n<p style=\"text-align: justify;\">Bu nedenle bayram\u0131n da karamsar ve kayg\u0131 verici bir ortamda kar\u015f\u0131land\u0131\u011f\u0131n\u0131 s\u00f6yleyen Bah\u00e7eli, &#8220;Bayram\u0131n ifade etti\u011fi b\u00fct\u00fcn de\u011ferler, bu m\u00fcbarek Ramazan ay\u0131nda iftar yemeklerinde, cuma namaz\u0131 \u00e7\u0131k\u0131\u015flar\u0131nda, baz\u0131 a\u00e7\u0131l\u0131\u015f ve parti toplant\u0131lar\u0131nda her y\u00f6n\u00fcyle istismar edilip, s\u00f6m\u00fcr\u00fclerek bizim i\u00e7in T\u00fcrkiye a\u00e7\u0131s\u0131ndan bir y\u0131k\u0131m projesi olan baz\u0131 a\u00e7\u0131l\u0131mlar\u0131n propagandas\u0131n\u0131 temel te\u015fkil eden yakla\u015f\u0131mlarla kar\u015f\u0131 kar\u015f\u0131ya kalmak, milletimizi di\u011fer sosyal olaylarda oldu\u011fu gibi bu konuda da derinden \u00fczm\u00fc\u015ft\u00fcr&#8221; diye konu\u015ftu.<\/p>\n<p style=\"text-align: justify;\">Ba\u015fbakan Recep Tayyip Erdo\u011fan&#8217;\u0131n &#8220;ABD yolcusu&#8221; oldu\u011funu an\u0131msatan MHP Genel Ba\u015fkan\u0131 Bah\u00e7eli,  &#8220;Say\u0131n Ba\u015fbakan\u0131n, Amerika d\u00f6n\u00fc\u015f\u00fcnde hangi onaylanm\u0131\u015f paket de\u011ferleriyle gelece\u011fi merak edilmektedir. Ancak bizce tahmin edilmektedir. B\u00f6yle bir ortamda Say\u0131n Ba\u015fbakan\u0131n matematik bilimiyle sosyolojik tespitlerinin de \u00e7ok do\u011fru \u00e7\u0131kmad\u0131\u011f\u0131, hala bayram arifesinde milletimizin b\u00f6l\u00fcnmesini cesaretlendirecek yanl\u0131\u015f ifadeleri kullanmaya devam etti\u011fi g\u00f6r\u00fclmektedir. Say\u0131n Ba\u015fbakan\u0131n, matematik bilimiyle sosyolojik tespitinde, G\u00fcneydo\u011fu Anadolu&#8217;da iki partinin oldu\u011funu, bu arada da g\u00fcvenlik g\u00fc\u00e7lerinin bulundu\u011funu ifade etmektedir&#8221; dedi.<\/p>\n<p style=\"text-align: justify;\">Bah\u00e7eli, &#8220;Demokrasinin vazge\u00e7ilmez unsurlar\u0131 olarak kabul edilen siyasi partileri G\u00fcneydo\u011fu Anadolu B\u00f6lgesinde yok farz ederek, T\u00fcrkiye&#8217;nin b\u00f6l\u00fcnmesinde \u00fcst\u00fcn \u00e7abalar\u0131 olan iki siyasi partinin varl\u0131\u011f\u0131ndan bahsetmektedir. Say\u0131n Ba\u015fbakan toprak b\u00fct\u00fcnl\u00fc\u011f\u00fcn\u00fc koruyamamaktad\u0131r, \u00fclkede istikrar\u0131 koruyamamaktad\u0131r, bin y\u0131ll\u0131k karde\u015fli\u011fimizi koruyamamaktad\u0131r. Say\u0131n Ba\u015fbakan, demokrasinin vazge\u00e7ilmez unsurlar\u0131n\u0131 yok farz etmekte ve MHP&#8217;nin Hakkari&#8217;deki il binas\u0131n\u0131 dahi koruyamamaktad\u0131r. Ve Say\u0131n Ba\u015fbakan b\u00fct\u00fcn iftar yemeklerinde, cuma namaz\u0131 \u00e7\u0131k\u0131\u015flar\u0131nda, hala kendileri a\u00e7\u0131s\u0131ndan belirsizlik ta\u015f\u0131yan bir K\u00fcrt a\u00e7\u0131l\u0131m\u0131, bir y\u0131k\u0131m projesinin seline kap\u0131lm\u0131\u015f, s\u00fcr\u00fcklenmektedir&#8221; ifadelerini kulland\u0131.<\/p>\n<p style=\"text-align: justify;\"><em><strong>&#8220;MHP, m\u00fccadelesini s\u00fcrd\u00fcrecek&#8221; <\/strong><\/em><\/p>\n<p style=\"text-align: justify;\">Devlet Bah\u00e7eli, TBMM&#8217;nin Ekimde a\u00e7\u0131laca\u011f\u0131n\u0131 hat\u0131rlatarak, &#8220;Millet iradesi, Meclis&#8217;te tecelli eden \u015fekliyle T\u00fcrkiye&#8217;nin temel sorunlar\u0131n\u0131 tart\u0131\u015facakt\u0131r. Milletimizin ayd\u0131nlanmas\u0131na vesile olacakt\u0131r&#8221; dedi.<\/p>\n<p style=\"text-align: justify;\">Partisinin TBMM&#8217;de \u00fczerine d\u00fc\u015fen g\u00f6revi yerine getirece\u011fini ifade eden Bah\u00e7eli, Meclis&#8217;te konuyla ilgili kapal\u0131 oturum bile olsa, MHP&#8217;nin d\u00fc\u015f\u00fcncelerini net olarak ifade edece\u011fini, ancak kapal\u0131 oturum sonras\u0131nda milletten saklanan ne varsa &#8220;a\u00e7\u0131k kalplilikle tek tek a\u00e7\u0131klayaca\u011f\u0131n\u0131&#8221; s\u00f6yledi.<\/p>\n<p style=\"text-align: justify;\">Bah\u00e7eli, &#8220;MHP, a\u00e7\u0131l\u0131m projesi ad\u0131 alt\u0131nda T\u00fcrkiye&#8217;nin b\u00f6l\u00fcnmesine \u00e7aba g\u00f6steren unsurlarla demokrasi i\u00e7erisinde, yasa ve Anayasa \u00e7er\u00e7evesinde m\u00fccadelesini s\u00fcrd\u00fcrecek, Say\u0131n Ba\u015fbakana bir Anayasal su\u00e7 i\u015fledi\u011fini tekrar tekrar anlatarak, bu yanl\u0131\u015f yoldan \u00e7\u0131kmas\u0131n\u0131 sa\u011flaman\u0131n gayreti i\u00e7inde olacakt\u0131r&#8221; diye konu\u015ftu.<\/p>\n<p style=\"text-align: justify;\">MHP&#8217;nin, &#8220;Hi\u00e7 bir y\u0131k\u0131m projesinin unsuru ve aleti olmayaca\u011f\u0131n\u0131&#8221; vurgulayan Bah\u00e7eli, &#8220;MHP, milli ve \u00fcniter yap\u0131n\u0131n, toprak b\u00fct\u00fcnl\u00fc\u011f\u00fcn\u00fcn ve bin y\u0131ll\u0131k karde\u015fli\u011fin savunucusu olarak, b\u00fct\u00fcn d\u00fc\u015f\u00fcncelerini halkla payla\u015farak, bu yanl\u0131\u015f yoldan millet\u00e7e kurtulu\u015fun sa\u011flanmas\u0131 i\u00e7in inand\u0131\u011f\u0131 \u015fekilde m\u00fccadelesini s\u00fcrd\u00fcrecektir&#8221; dedi.<\/p>\n<p style=\"text-align: justify;\"><strong><em>&#8220;Sakat bir c\u00fcmle&#8221; <\/em><\/strong><\/p>\n<p style=\"text-align: justify;\">Gazetecilerin sorular\u0131n\u0131 da yan\u0131tlayan MHP Genel Ba\u015fkan\u0131 Bah\u00e7eli, bir gazetecinin, &#8220;Ba\u015fbakan Erdo\u011fan, a\u00e7\u0131l\u0131m\u0131 b\u00f6l\u00fcc\u00fc olarak niteleyenlerin ger\u00e7ekte b\u00f6l\u00fcc\u00fc olduklar\u0131n\u0131 \u00f6ne s\u00fcrd\u00fc. Bunu nas\u0131l de\u011ferlendiriyorsunuz?&#8221; sorusuna, &#8220;\u00c7ok sakat bir c\u00fcmle. Hala yanl\u0131\u015f\u0131n fark\u0131na varmam\u0131\u015f. T\u00fcrkiye&#8217;yi 36&#8217;ya b\u00f6lerek, etnik unsurlar\u0131 sayarak, T\u00fcrkiye&#8217;yi ilmik ilmik b\u00f6lmeye \u00e7al\u0131\u015fan bir Ba\u015fbakan&#8217;\u0131n bunu s\u00f6ylemesi kadar utan\u00e7 verici bir yakla\u015f\u0131m olamaz&#8221; yan\u0131t\u0131n\u0131 verdi.<\/p>\n<p style=\"text-align: justify;\">&#8220;TBMM&#8217;de yap\u0131lan kapal\u0131 oturumlar\u0131n kamuoyuna a\u00e7\u0131klanmas\u0131n\u0131n yasa gere\u011fi su\u00e7 oldu\u011funun&#8221; belirtilmesi ve &#8220;Bunu g\u00f6ze al\u0131yorsunuz herhalde&#8221; denilmesi \u00fczerine de Devlet Bah\u00e7eli, &#8220;Almasam s\u00f6yleyebilir miyim. Kapal\u0131 oturumun kamuoyuyla, milletimizle payla\u015f\u0131lmas\u0131n\u0131n cezas\u0131 neyse MHP olarak ve Genel Ba\u015fkan olarak buna katlanaca\u011f\u0131m\u0131z\u0131 ifade etmek istiyorum&#8221; dedi.<\/p>\n<p style=\"text-align: justify;\">Bah\u00e7eli, &#8220;DTP&#8217;li Hamit Geylani&#8217;nin kendisine y\u00f6nelik s\u00f6zlerini nas\u0131l de\u011ferlendirdi\u011fi&#8221; \u015feklindeki bir soruyu ise &#8220;Onu muhatap dahi alm\u0131yoruz&#8221; diyerek yan\u0131tlamad\u0131.<\/p>\n<p style=\"text-align: justify;\"><span style=\"color: #888888;\">CNN T\u00dcRK<\/span><\/p>\n","protected":false},"excerpt":{"rendered":"<p style=\"text-align: center;\">\n<p style=\"text-align: justify;\">K\u00fcrt a\u00e7\u0131l\u0131m\u0131n\u0131n d\u0131\u015f kaynakl\u0131 oldu\u011funu savunan MHP Genel Ba\u015fkan\u0131 Devlet Bah\u00e7eli, Ba\u015fbakan Erdo\u011fan&#8217;\u0131n Amerika ziyaretini &#8216;Ba\u015fbakan&#8217;\u0131n ABD&#8217;den hangi onaylanm\u0131\u015f paket de\u011ferleri ile gelece\u011fi merak edilmektedir&#8221; s\u00f6zleriyle de\u011ferlendirdi. Parti \u00fcyeleri ile bayramla\u015fan Bah\u00e7eli, Meclis&#8217;te d\u00fczenlenmesi planlanan kapal\u0131 oturumda konu\u015fulanlar\u0131 a\u00e7\u0131klama fikrinde kararl\u0131 olduklar\u0131n\u0131 da yineledi: &#8220;Cezas\u0131 ne ise katlan\u0131r\u0131z.&#8221;<\/p>\n<p style=\"text-align:  \n\n","protected":false},"author":1,"featured_media":0,"comment_status":"open","ping_status":"closed","sticky":false,"template":"","format":"standard","meta":{"footnotes":""},"categories":[105],"tags":[],"class_list":["post-14821","post","type-post","status-publish","format-standard","hentry","category-gundem","odd"],"_links":{"self":[{"href":"http:\/\/www.korhanyilmaz.com\/index.php?rest_route=\/wp\/v2\/posts\/14821","targetHints":{"allow":["GET"]}}],"collection":[{"href":"http:\/\/www.korhanyilmaz.com\/index.php?rest_route=\/wp\/v2\/posts"}],"about":[{"href":"http:\/\/www.korhanyilmaz.com\/index.php?rest_route=\/wp\/v2\/types\/post"}],"author":[{"embeddable":true,"href":"http:\/\/www.korhanyilmaz.com\/index.php?rest_route=\/wp\/v2\/users\/1"}],"replies":[{"embeddable":true,"href":"http:\/\/www.korhanyilmaz.com\/index.php?rest_route=%2Fwp%2Fv2%2Fcomments&post=14821"}],"version-history":[{"count":0,"href":"http:\/\/www.korhanyilmaz.com\/index.php?rest_route=\/wp\/v2\/posts\/14821\/revisions"}],"wp:attachment":[{"href":"http:\/\/www.korhanyilmaz.com\/index.php?rest_route=%2Fwp%2Fv2%2Fmedia&parent=14821"}],"wp:term":[{"taxonomy":"category","embeddable":true,"href":"http:\/\/www.korhanyilmaz.com\/index.php?rest_route=%2Fwp%2Fv2%2Fcategories&post=14821"},{"taxonomy":"post_tag","embeddable":true,"href":"http:\/\/www.korhanyilmaz.com\/index.php?rest_route=%2Fwp%2Fv2%2Ftags&post=14821"}],"curies":[{"name":"wp","href":"https:\/\/api.w.org\/{rel}","templated":true}]}}