{"id":14815,"date":"2009-09-20T23:15:59","date_gmt":"2009-09-20T20:15:59","guid":{"rendered":"http:\/\/www.korhanyilmaz.com\/?p=14815"},"modified":"2009-09-20T23:15:59","modified_gmt":"2009-09-20T20:15:59","slug":"abdye-aciliyor","status":"publish","type":"post","link":"http:\/\/www.korhanyilmaz.com\/?p=14815","title":{"rendered":"ABD&#039;ye a\u00e7\u0131l\u0131yor"},"content":{"rendered":"<p style=\"text-align: center;\"><a href=\"http:\/\/www.korhanyilmaz.com\/wp-content\/uploads\/2009\/09\/acilim.jpg\"  class=\"lightview\"><img loading=\"lazy\" decoding=\"async\" class=\"aligncenter size-full wp-image-14816\" src=\"http:\/\/www.korhanyilmaz.com\/wp-content\/uploads\/2009\/09\/acilim.jpg\" alt=\"\" width=\"450\" height=\"225\" \/><\/a><\/p>\n<p style=\"text-align: justify;\">BA\u015eBAKAN, BAYKAL VE BAH\u00c7EL\u0130\u2019DEN \u00d6NCE OBAMA \u0130LE G\u00d6R\u00dc\u015eECEK<\/p>\n<p style=\"text-align: justify;\">Liderlerin bayram mesajlar\u0131 adeta restle\u015fmeye d\u00f6nd\u00fc. Baykal, \u201cMilyonlarca i\u015fsiz, \u015fehitlerimizin ac\u0131s\u0131 ve milli birli\u011fimizi par\u00e7alamaya y\u00f6nelik aray\u0131\u015flar y\u00fcz\u00fcnden buruk bir bayram ge\u00e7iriyoruz\u201d derken, Bah\u00e7eli de sert bir mesaj verdi: Tahrip edilmek istenen milli birli\u011fimize y\u00f6nelik kirli oyunlar tarihin \u00e7\u00f6pl\u00fc\u011f\u00fcne gidecek!<\/p>\n<p style=\"text-align: justify;\"><strong><em>A\u00e7\u0131k\u00e7a meydan okudu<\/em><\/strong><\/p>\n<p style=\"text-align: justify;\">\u015e\u0130MD\u0130YE dek gizli oturum dahil, muhalefeti bir \u015fekilde \u2018a\u00e7\u0131l\u0131m\u2019a ortak etmeye \u00e7al\u0131\u015fan Ba\u015fbakan Erdo\u011fan ise \u201cHedefe kilitlendik. Bu i\u015f yak\u0131nda bitecek!\u201d mesaj\u0131 verdi.  23-30 Eyl\u00fcl\u2019de New York\u2019ta ger\u00e7ekle\u015ftirilecek BM Genel Kurulu ile G-20 Zirvesi\u2019ne kat\u0131lacak olan Erdo\u011fan\u2019\u0131n Obama ile de bir g\u00f6r\u00fc\u015fme ger\u00e7ekle\u015ftirmesi bekleniyor. <!--more--><\/p>\n<p style=\"text-align: justify;\">MHP Genel Ba\u015fkan\u0131 Devlet Bah\u00e7eli, bayram namaz\u0131n\u0131 k\u0131ld\u0131ktan sonra Alparslan T\u00fcrke\u015f\u2019in kabrini ziyaret etti. Bah\u00e7eli, mezar\u0131n \u00fcst\u00fcndeki \u00e7i\u00e7ekleri sulad\u0131.<\/p>\n<p style=\"text-align: justify;\">Ba\u015fbakan Erdo\u011fan ve Topba\u015f, namaz sonras\u0131 \u015eehzade-ba\u015f\u0131\u2019n\u0131n \u00e7imlerinde y\u00fcr\u00fcd\u00fc.<\/p>\n<p style=\"text-align: justify;\">CHP lideri Deniz Baykal, namazdan sonra \u00dcmitk\u00f6y\u2019deki bir simit\u00e7i f\u0131r\u0131na girdi. \u00c7al\u0131\u015fanlarla bayramla\u015f\u0131p bir s\u00fcre sohbet eden Baykal, 20 tane simit ald\u0131.<\/p>\n<p style=\"text-align: justify;\"><strong><em>\u2018A\u00e7\u0131l\u0131m\u2019 resti \u00e7eken Erdo\u011fan ABD yolcusu<\/em><\/strong><\/p>\n<p style=\"text-align: justify;\">Ba\u015fbakan Erdo\u011fan, Amerika\u2019ya u\u00e7madan \u00f6nce CHP lideri Baykal ile MHP lideri Bah\u00e7eli\u2019ye a\u00e7\u0131k\u00e7a meydan okudu ve \u201cA\u00e7\u0131l\u0131mlar\u0131 b\u00fcy\u00fck \u00f6l\u00e7\u00fcde tamamlad\u0131k, hedefe kilitlendik\u201d dedi.<\/p>\n<p style=\"text-align: justify;\">AKP h\u00fck\u00fcmetinin s\u00f6zde a\u00e7\u0131l\u0131mlar\u0131yla gerilen ortam, siyasilerin bayram mesajlar\u0131na da yans\u0131d\u0131. Bug\u00fcn ABD\u2019ye gidecek olan Ba\u015fbakan Recep Tayyip Erdo\u011fan, yapt\u0131\u011f\u0131 konu\u015fmada s\u00f6zde a\u00e7\u0131l\u0131mlar\u0131n b\u00fcy\u00fck \u00f6l\u00e7\u00fcde tamamland\u0131\u011f\u0131n\u0131 belirtirken, muhalefet partileri de verdikleri mesajlarda h\u00fck\u00fcmetin icraatlar\u0131n\u0131 ele\u015ftirdi. \u0130\u015fte o mesajlar:<\/p>\n<p style=\"text-align: justify;\"><strong><em>\u00dclkeyi b\u00f6l\u00fcyorsunuz diyenler b\u00f6l\u00fcc\u00fcd\u00fcr<\/em><\/strong><\/p>\n<p style=\"text-align: justify;\">Ba\u015fbakan Erdo\u011fan, Ramazan Bayram\u0131 mesaj\u0131nda, a\u00e7\u0131l\u0131mlar\u0131 b\u00fcy\u00fck \u00f6l\u00e7\u00fcde tamamlad\u0131klar\u0131n\u0131 ve hedefe kilitlendiklerini s\u00f6yledi.  Erdo\u011fan, \u201cMutlulukla ifade etmeliyim ki bug\u00fcn art\u0131k zorluklar\u0131n bir\u00e7o\u011funu geride b\u0131rakan, sosyal bir hukuk devleti olarak hem sosyal restorasyonunu hem demokratik a\u00e7\u0131l\u0131mlar\u0131n\u0131 b\u00fcy\u00fck \u00f6l\u00e7\u00fcde tamamlayan, s\u00fcrekli at\u0131l\u0131m i\u00e7erisinde olan bir T\u00fcrkiye var\u201d dedi. AKP \u0130stanbul Te\u015fkilat\u0131\u2019nda bayramla\u015fma program\u0131 dahilinde de bir konu\u015fma yapan Ba\u015fbakan Erdo\u011fan, \u201cBir milli birlik projesi dedik. Ama bak\u0131yorsunuz ki s\u0131fat\u0131 muhalefet olanlar buna muhalefet ediyorlar ve beyaza siyah deme gayreti i\u00e7indeler. Gelin bunu g\u00f6r\u00fc\u015felim dedi\u011finiz zaman hay\u0131r biz sizinle g\u00f6r\u00fc\u015fmeyiz diyorlar. G\u00f6r\u00fc\u015f\u00fclmeden neyin ne oldu\u011funu bilmeden nas\u0131l oluyor da bunu damgal\u0131yorsunuz? A\u00e7\u0131kland\u0131 m\u0131 bir \u015fey?  \u00dclkeyi b\u00f6l\u00fcyorsunuz diyenler b\u00f6l\u00fcc\u00fcd\u00fcr. Kimse Ak Parti\u2019ye b\u00f6l\u00fcc\u00fc yaftas\u0131n\u0131 yap\u0131\u015ft\u0131ramaz\u201d \u015feklinde konu\u015ftu. Erdo\u011fan,  \u201cBaz\u0131lar\u0131 konu\u015fuyor. Bir yerlerde gazilerimizi y\u00fcr\u00fctm\u00fc\u015fler veya y\u00fcr\u00fcm\u00fc\u015fler. Ben gazi karde\u015flerimize sesleniyorum; Ba\u015f\u0131n\u0131z\u0131 iki elinizin aras\u0131na al\u0131n, iyi  d\u00fc\u015f\u00fcn\u00fcn. Bilesiniz ki bu ay y\u0131ld\u0131zl\u0131 bayra\u011fa sar\u0131l\u0131 tabutlar\u0131n gelmesini biz istemiyoruz\u201d dedi.<\/p>\n<p style=\"text-align: justify;\"><strong><em>Baykal: Bayram\u0131 buruk ge\u00e7iriyoruz<\/em><\/strong><\/p>\n<p style=\"text-align: justify;\">CHP Genel Ba\u015fkan\u0131 Deniz Baykal ise, bayramlar\u0131n, dostluk, karde\u015flik ve dayan\u0131\u015fma duygular\u0131n\u0131n \u00f6n plana \u00e7\u0131kmas\u0131 gereken g\u00fcnler oldu\u011funu s\u00f6yledi. Gelece\u011fe y\u00f6nelik umutlar\u0131n her zaman ayakta kalmas\u0131 gerekti\u011fini dile getiren Baykal, nice bayramlara birlik, beraberlik, bar\u0131\u015f, karde\u015flik ve huzur i\u00e7inde ula\u015f\u0131lmas\u0131 temennisinde bulundu. Bayramlarda genelde Antalya\u2019ya giden CHP Genel Ba\u015fkan\u0131 Deniz Baykal, bu bayram namaz\u0131n\u0131 Ankara\u2019da kald\u0131. Torunlar\u0131n\u0131n kurslar\u0131 sebebiyle Ramazan Bayram\u0131\u2019n\u0131 Ankara\u2019da ge\u00e7iren Baykal, \u00dcmitk\u00f6y Nazmi Be\u011fen Camisi\u2019ne Alican ve Mehmet adl\u0131 iki torunuyla birlikte geldi. Namaza 10 dakika kala camiye gelen CHP Genel Ba\u015fkan\u0131, giri\u015fte vatanda\u015flarla tokala\u015ft\u0131. Daha sonra i\u00e7erde imam taraf\u0131ndan verilen vaaz\u0131 dinleyen Baykal, birlik beraberlik mesaj\u0131 verip h\u00fck\u00fcmetin s\u00f6zde K\u00fcrt a\u00e7\u0131l\u0131m\u0131na g\u00f6nderme yapt\u0131. \u0130slam aleminin Ramazan Bayram\u0131\u2019n\u0131 kutlayan Baykal, bu y\u0131l buruk bir bayram ge\u00e7irildi\u011fini belirtti.<\/p>\n<p style=\"text-align: justify;\"><em><strong>Milyonlarca insan i\u015fsiz<\/strong><\/em><\/p>\n<p style=\"text-align: justify;\">Ekonomik kriz nedeniyle i\u015fini kaybeden vatanda\u015flar\u0131n say\u0131s\u0131n\u0131n son d\u00f6nemde h\u0131zla artt\u0131\u011f\u0131n\u0131 ve ciddi ekonomik s\u0131k\u0131nt\u0131lar ya\u015fand\u0131\u011f\u0131n\u0131 \u00fcz\u00fcnt\u00fcyle g\u00f6rd\u00fc\u011f\u00fcn\u00fc anlatan Deniz Baykal, daha g\u00fczel bayramlar\u0131 hep beraber ya\u015famay\u0131 diledi. \u201cBu bayram g\u00fcn\u00fcnde ben i\u015finden uzakla\u015fm\u0131\u015f, \u00e7olu\u011funun, \u00e7ocu\u011funun ihtiya\u00e7lar\u0131na cevap veremez hale d\u00fc\u015fm\u00fc\u015f, bor\u00e7lar\u0131n\u0131 \u00f6deyemez hale d\u00fc\u015fm\u00fc\u015f milyonlarca insan\u0131m\u0131z\u0131n ac\u0131s\u0131n\u0131 y\u00fcre\u011fimde ta\u015f\u0131yarak bu bayram\u0131 kutluyorum.\u201d diyen Deniz Baykal,<\/p>\n<p style=\"text-align: justify;\"><strong><em>\u015eehitlerin ac\u0131s\u0131n\u0131 unutamay\u0131z<\/em><\/strong><\/p>\n<p style=\"text-align: justify;\">\u201cBu bak\u0131mdan buruk diyorum. Onlar\u0131 unutarak bu bayram\u0131 ya\u015famak m\u00fcmk\u00fcn de\u011fildir. T\u00fcrkiye ter\u00f6r dolay\u0131s\u0131yla da \u00e7ok b\u00fcy\u00fck ac\u0131lar ya\u015famaya devam ediyor. \u015eehitlerin ac\u0131s\u0131n\u0131 y\u00fcre\u011fimde ta\u015f\u0131yorum. Bu memleketin ba\u011f\u0131ms\u0131zl\u0131\u011f\u0131, b\u00fct\u00fcnl\u00fc\u011f\u00fc i\u00e7in g\u00f6rev yapmakta olan y\u00fcz binlerce insan\u0131m\u0131z\u0131 bu bayram g\u00fcn\u00fcnde unutamay\u0131z. \u015eehitlerimizi, gazilerimizi unutamay\u0131z. Onlar\u0131n da ac\u0131lar\u0131n\u0131 hep beraber hissetmeliyiz, kendimizi onlar\u0131n yerine koymal\u0131y\u0131z diye d\u00fc\u015f\u00fcn\u00fcyorum.<\/p>\n<p style=\"text-align: justify;\"><strong><em>Par\u00e7alama aray\u0131\u015flar\u0131 var<\/em><\/strong><\/p>\n<p style=\"text-align: justify;\">T\u00fcrkiye\u2019de ter\u00f6r bizi \u00e7ok b\u00fcy\u00fck bir \u015fekilde rahats\u0131z ediyor ama en az\u0131ndan ter\u00f6r kadar bizi rahats\u0131z eden milli birli\u011fimizi, b\u00fct\u00fcnl\u00fc\u011f\u00fcm\u00fcz\u00fc, sarsmaya y\u00f6nelik, milletimizi, par\u00e7alamaya y\u00f6nelik aray\u0131\u015flara \u00e7abalara bilerek, bilmeyerek memleketin i\u00e7indeki insanlar\u0131n da g\u00f6z yummas\u0131d\u0131r. Hatta yer yer f\u0131rsat vermesidir, destek vermesidir. Bu bayramda bu \u00fcz\u00fcnt\u00fcleri de ya\u015f\u0131yoruz. Bu konuda daha bilin\u00e7li olmam\u0131z laz\u0131m. Milli birli\u011fimizi koruman\u0131n gereklerini unutmamam\u0131z laz\u0131m. Sadece birlik, beraberlik konu\u015fmalar\u0131 yaparak bu i\u015f olmaz. Birli\u011fimizi, b\u00fct\u00fcnl\u00fc\u011f\u00fcm\u00fcz\u00fc bozmaya y\u00f6nelik faaliyetlere kar\u015f\u0131 kararl\u0131 bir duru\u015f sergilememiz laz\u0131m. Bu konuda da \u00fcz\u00fcnt\u00fclerimiz oldu\u011funu ifade etmeliyim\u201d diye konu\u015ftu. Sel felaketi nedeniyle ya\u015fanan ac\u0131lar\u0131n da t\u00fcm toplum taraf\u0131ndan payla\u015f\u0131ld\u0131\u011f\u0131na dikkat \u00e7eken Baykal, bayrama girerken b\u00fct\u00fcn bu \u00fcz\u00fcnt\u00fc ve ac\u0131lar\u0131 ya\u015fayanlar\u0131 unutmamak, onlarla dayan\u0131\u015fma i\u00e7inde olmak gerekti\u011fini ifade etti. Bu ac\u0131lara kar\u015f\u0131n gelece\u011fe y\u00f6nelik umutlar\u0131n her zaman ayakta kalmas\u0131 gerekti\u011fini vurgulayan Deniz Baykal, \u015f\u00f6yle devam etti: \u201cBen hi\u00e7 ku\u015fku duymuyorum T\u00fcrkiye milli birli\u011fini, b\u00fct\u00fcnl\u00fc\u011f\u00fcn\u00fc bozmak isteyenler kar\u015f\u0131s\u0131nda bu oyunlara, bu tuzaklara d\u00fc\u015fmeyece\u011fini en k\u0131sa zamanda \u00e7ok a\u00e7\u0131k bir \u015fekilde ortaya koyacakt\u0131r. Ekonomik ve sosyal sorunlar\u0131n birlik ve beraberlik i\u00e7erisinde \u00fcstesinden gelinece\u011fine inan\u0131yorum. Gelece\u011fe y\u00f6nelik umutlar hi\u00e7 bir zaman kaybedilmemesi gerekiyor.\u201d<\/p>\n<p style=\"text-align: justify;\"><strong><em>Obama\u2019yla bir araya gelecek<\/em><\/strong><\/p>\n<p style=\"text-align: justify;\">Bayram namaz\u0131n\u0131 Fatih\u2019teki \u015eehzadeba\u015f\u0131 Camisi\u2019nde k\u0131lan AKP Genel Ba\u015fkan\u0131 Ba\u015fbakan Recep Tayyip Erdo\u011fan, namazdan sonra cemaatle bayramla\u015ft\u0131, cami \u00e7\u0131k\u0131\u015f\u0131nda ikram edilen lokumdan yedi. Erdo\u011fan, New York\u2019taki Birle\u015fmi\u015f Millet Genel Kurulu ile G-20 zirvesine kat\u0131lmak \u00fczere bug\u00fcn ABD\u2019ye gidecek.<\/p>\n<p style=\"text-align: justify;\">New York\u2019ta ger\u00e7ekle\u015ftirilecek BM 64. Genel Kurulu\u2019nda 24 Eyl\u00fcl Per\u015fembe g\u00fcn\u00fc uluslararas\u0131 g\u00fcndem ve Birle\u015fmi\u015f Milletler konular\u0131nda T\u00fcrkiye\u2019nin g\u00f6r\u00fc\u015flerini ortaya koyan bir konu\u015fma yapacak olan Erdo\u011fan\u2019\u0131n ABD Ba\u015fkan\u0131 Barack Obama\u2019yla da ikili g\u00f6r\u00fc\u015fme yapaca\u011f\u0131 ve a\u00e7\u0131l\u0131m\u0131 anlataca\u011f\u0131 belirtiliyor.<\/p>\n<p style=\"text-align: justify;\"><strong><em>Dini de\u011ferler \u00e7\u0131kar hesaplar\u0131na alet ediliyor<\/em><\/strong><\/p>\n<p style=\"text-align: justify;\">Deniz Baykal, bayram namaz\u0131n\u0131 k\u0131ld\u0131\u011f\u0131 camiden \u00e7\u0131k\u0131\u015f\u0131nda, bayramlar\u0131n dostluk, dayan\u0131\u015fma, payla\u015fma, yard\u0131mla\u015fma, d\u00fcr\u00fcstl\u00fck, kul hakk\u0131na el uzatmama, yetim hakk\u0131 yememe, birlik ve karde\u015flik g\u00fcnleri oldu\u011funu belirtti. Baykal, g\u00fcn\u00fcm\u00fczde bu de\u011ferlerin siyasi ve bireysel \u00e7\u0131kar hesaplar\u0131na alet edildi\u011fini ifade etti.<\/p>\n<p style=\"text-align: justify;\"><strong><em>Namaz sonras\u0131 T\u00fcrke\u015f\u2019in mezar\u0131n\u0131 ziyaret etti<\/em><\/strong><\/p>\n<p style=\"text-align: justify;\">MHP Genel Ba\u015fkan\u0131 Devlet Bah\u00e7eli, Ramazan Bayram\u0131 namaz\u0131n\u0131 Gazi Merkez Camisi\u2019nde k\u0131ld\u0131. Bah\u00e7eli daha sonra MHP Kurucu Genel Ba\u015fkan\u0131 merhum Alparslan T\u00fcrke\u015f\u2019in mezar\u0131n\u0131 ziyaret ederek dua edip karanfil b\u0131rakt\u0131.<\/p>\n<p style=\"text-align: justify;\"><strong><em>Bah\u00e7eli: Kirli oyunlar tarihin \u00e7\u00f6pl\u00fc\u011f\u00fcne at\u0131lacak<\/em><\/strong><\/p>\n<p style=\"text-align: justify;\">MHP Genel Ba\u015fkan\u0131 Devlet Bah\u00e7eli yay\u0131mlad\u0131\u011f\u0131 bayram mesaj\u0131nda, \u201cMilletimizin \u00fczerine \u00e7\u00f6reklenen sosyal, siyasal ve ekonomik a\u00e7mazlardan dolay\u0131 karamsar ve endi\u015feli bir \u015fekilde kar\u015f\u0131lad\u0131\u011f\u0131m\u0131z bu bayram g\u00fcnlerinin, tahrip edilmeye u\u011fra\u015f\u0131lan milli birli\u011fimize g\u00fc\u00e7 vermesi en \u00f6ncelikli temennimdir\u201d dedi. Bah\u00e7eli\u2019nin mesaj\u0131 \u015f\u00f6yle: \u201c\u0130\u00e7inden ge\u00e7ti\u011fimiz karanl\u0131k ve sorunlarla y\u00fckl\u00fc zaman zarf\u0131nda, as\u0131rlar\u0131n \u015fahitli\u011fiyle olu\u015fmu\u015f karde\u015fli\u011fimizin bozulmas\u0131, birlikte ya\u015fama idealimizin \u00e7\u00f6kertilmesi, \u00fcniter yap\u0131m\u0131z\u0131n suland\u0131r\u0131lmas\u0131 hedeflense de t\u0131pk\u0131 bayram g\u00fcnlerindeki gibi aziz milletimizin b\u00fct\u00fcn fertleri bir araya gelerek sahnelenmeye \u00e7al\u0131\u015f\u0131lan kirli oyunu tarihin \u00e7\u00f6pl\u00fc\u011f\u00fcne atacaklard\u0131r.\u201d<\/p>\n<p style=\"text-align: justify;\"><span style=\"color: #888888;\">Haber Kayna\u011f\u0131 : Fatih Erboz &#8211; <a href=\"http:\/\/www.yenicaggazetesi.com.tr\/haberdetay.php?hit=23365\" target=\"_blank\">yenicaggazetesi.com.tr<\/a><\/span><\/p>\n","protected":false},"excerpt":{"rendered":"<p style=\"text-align: center;\">\n<p style=\"text-align: justify;\">BA\u015eBAKAN, BAYKAL VE BAH\u00c7EL\u0130\u2019DEN \u00d6NCE OBAMA \u0130LE G\u00d6R\u00dc\u015eECEK<\/p>\n<p style=\"text-align: justify;\">Liderlerin bayram mesajlar\u0131 adeta restle\u015fmeye d\u00f6nd\u00fc. Baykal, \u201cMilyonlarca i\u015fsiz, \u015fehitlerimizin ac\u0131s\u0131 ve milli birli\u011fimizi par\u00e7alamaya y\u00f6nelik aray\u0131\u015flar y\u00fcz\u00fcnden buruk bir bayram ge\u00e7iriyoruz\u201d derken, Bah\u00e7eli de sert bir mesaj verdi: Tahrip edilmek istenen milli birli\u011fimize y\u00f6nelik kirli oyunlar tarihin \u00e7\u00f6pl\u00fc\u011f\u00fcne gidecek!<\/p>\n","protected":false},"author":1,"featured_media":0,"comment_status":"open","ping_status":"closed","sticky":false,"template":"","format":"standard","meta":{"footnotes":""},"categories":[105],"tags":[],"class_list":["post-14815","post","type-post","status-publish","format-standard","hentry","category-gundem","odd"],"_links":{"self":[{"href":"http:\/\/www.korhanyilmaz.com\/index.php?rest_route=\/wp\/v2\/posts\/14815","targetHints":{"allow":["GET"]}}],"collection":[{"href":"http:\/\/www.korhanyilmaz.com\/index.php?rest_route=\/wp\/v2\/posts"}],"about":[{"href":"http:\/\/www.korhanyilmaz.com\/index.php?rest_route=\/wp\/v2\/types\/post"}],"author":[{"embeddable":true,"href":"http:\/\/www.korhanyilmaz.com\/index.php?rest_route=\/wp\/v2\/users\/1"}],"replies":[{"embeddable":true,"href":"http:\/\/www.korhanyilmaz.com\/index.php?rest_route=%2Fwp%2Fv2%2Fcomments&post=14815"}],"version-history":[{"count":0,"href":"http:\/\/www.korhanyilmaz.com\/index.php?rest_route=\/wp\/v2\/posts\/14815\/revisions"}],"wp:attachment":[{"href":"http:\/\/www.korhanyilmaz.com\/index.php?rest_route=%2Fwp%2Fv2%2Fmedia&parent=14815"}],"wp:term":[{"taxonomy":"category","embeddable":true,"href":"http:\/\/www.korhanyilmaz.com\/index.php?rest_route=%2Fwp%2Fv2%2Fcategories&post=14815"},{"taxonomy":"post_tag","embeddable":true,"href":"http:\/\/www.korhanyilmaz.com\/index.php?rest_route=%2Fwp%2Fv2%2Ftags&post=14815"}],"curies":[{"name":"wp","href":"https:\/\/api.w.org\/{rel}","templated":true}]}}