{"id":14811,"date":"2009-09-20T22:44:24","date_gmt":"2009-09-20T19:44:24","guid":{"rendered":"http:\/\/www.korhanyilmaz.com\/?p=14811"},"modified":"2009-09-20T22:44:24","modified_gmt":"2009-09-20T19:44:24","slug":"mit%e2%80%99ten-resmi-uyari-geldi-pkk%e2%80%99ya-dikkat","status":"publish","type":"post","link":"http:\/\/www.korhanyilmaz.com\/?p=14811","title":{"rendered":"M\u0130T\u2019ten resmi uyar\u0131 geldi: PKK\u2019ya dikkat!"},"content":{"rendered":"<p style=\"text-align: justify;\"><a href=\"http:\/\/www.korhanyilmaz.com\/wp-content\/uploads\/2009\/09\/pkk.jpg\"  class=\"lightview\"><img loading=\"lazy\" decoding=\"async\" class=\"aligncenter size-full wp-image-14812\" src=\"http:\/\/www.korhanyilmaz.com\/wp-content\/uploads\/2009\/09\/pkk.jpg\" alt=\"\" width=\"450\" height=\"225\" \/><\/a><\/p>\n<p style=\"text-align: justify;\">Milli \u0130stihbarat Te\u015fkilat\u0131\u2019n\u0131n (M\u0130T), t\u00fcm g\u00fcvenlik birimlerini, KCK\/TM\u2019nin (Koma Civaken Kurdistan Demokratik Toplum Konfederalizmi\/T\u00fcrkiye Meclisi) PKK kadrolar\u0131 ve sempatizanlar\u0131na ba\u015fkald\u0131r\u0131 s\u00fcrecinin ba\u015flat\u0131lmas\u0131 talimatlar\u0131 verdi\u011fi y\u00f6n\u00fcnde uyard\u0131\u011f\u0131 ortaya \u00e7\u0131kt\u0131. M\u0130T\u2019in 2 hafta \u00f6nce g\u00fcvenlik birimlerine g\u00f6nderdi\u011fi yaz\u0131da PKK\u2019n\u0131n, ter\u00f6ristb\u015f\u0131 Abdullah \u00d6calan\u2019\u0131n \u2019yol haritas\u0131n\u0131n\u2019avukatlara teslim edilmesine kadar ge\u00e7en s\u00fcre\u00e7te b\u00fcy\u00fck eylemler yap\u0131labilece\u011fi ifade edildi. Yaz\u0131da KCK\/TM\u2019nin eylemlere geni\u015f kat\u0131l\u0131m sa\u011flanmas\u0131, ate\u015f yakma, polise mukavemet ve ta\u015fl\u0131 sopal\u0131 sald\u0131r\u0131lar d\u00fczenlenmesi y\u00f6n\u00fcnde talimat verdi\u011fi kaydedildi. M\u0130T, \u00f6zel ara\u00e7lar\u0131n yak\u0131larak kamu d\u00fczenini bozucu eylemlere gidilmesi y\u00f6n\u00fcnde planlamalar yap\u0131ld\u0131\u011f\u0131na dikkati \u00e7ekti. Yaz\u0131 \u00fczerine Emniyet Genel M\u00fcd\u00fcrl\u00fc\u011f\u00fc, Do\u011fu ve G\u00fcneydo\u011fu\u2019daki birimlerini uyard\u0131.<\/p>\n<p style=\"text-align: justify;\"><span style=\"color: #888888;\">Haber Kayna\u011f\u0131 : <a href=\"http:\/\/www.yenicaggazetesi.com.tr\/haberdetay.php?hit=23368\" target=\"_blank\">yenicaggazetesi.com.tr<\/a><\/span><\/p>\n","protected":false},"excerpt":{"rendered":"<p style=\"text-align: justify;\">\n<p style=\"text-align: justify;\">Milli \u0130stihbarat Te\u015fkilat\u0131\u2019n\u0131n (M\u0130T), t\u00fcm g\u00fcvenlik birimlerini, KCK\/TM\u2019nin (Koma Civaken Kurdistan Demokratik Toplum Konfederalizmi\/T\u00fcrkiye Meclisi) PKK kadrolar\u0131 ve sempatizanlar\u0131na ba\u015fkald\u0131r\u0131 s\u00fcrecinin ba\u015flat\u0131lmas\u0131 talimatlar\u0131 verdi\u011fi y\u00f6n\u00fcnde uyard\u0131\u011f\u0131 ortaya \u00e7\u0131kt\u0131. M\u0130T\u2019in 2 hafta \u00f6nce g\u00fcvenlik birimlerine g\u00f6nderdi\u011fi yaz\u0131da PKK\u2019n\u0131n, ter\u00f6ristb\u015f\u0131 Abdullah \u00d6calan\u2019\u0131n \u2019yol haritas\u0131n\u0131n\u2019avukatlara teslim edilmesine kadar ge\u00e7en s\u00fcre\u00e7te b\u00fcy\u00fck eylemler yap\u0131labilece\u011fi <\/p>\n","protected":false},"author":1,"featured_media":0,"comment_status":"open","ping_status":"closed","sticky":false,"template":"","format":"standard","meta":{"footnotes":""},"categories":[105],"tags":[],"class_list":["post-14811","post","type-post","status-publish","format-standard","hentry","category-gundem","odd"],"_links":{"self":[{"href":"http:\/\/www.korhanyilmaz.com\/index.php?rest_route=\/wp\/v2\/posts\/14811","targetHints":{"allow":["GET"]}}],"collection":[{"href":"http:\/\/www.korhanyilmaz.com\/index.php?rest_route=\/wp\/v2\/posts"}],"about":[{"href":"http:\/\/www.korhanyilmaz.com\/index.php?rest_route=\/wp\/v2\/types\/post"}],"author":[{"embeddable":true,"href":"http:\/\/www.korhanyilmaz.com\/index.php?rest_route=\/wp\/v2\/users\/1"}],"replies":[{"embeddable":true,"href":"http:\/\/www.korhanyilmaz.com\/index.php?rest_route=%2Fwp%2Fv2%2Fcomments&post=14811"}],"version-history":[{"count":0,"href":"http:\/\/www.korhanyilmaz.com\/index.php?rest_route=\/wp\/v2\/posts\/14811\/revisions"}],"wp:attachment":[{"href":"http:\/\/www.korhanyilmaz.com\/index.php?rest_route=%2Fwp%2Fv2%2Fmedia&parent=14811"}],"wp:term":[{"taxonomy":"category","embeddable":true,"href":"http:\/\/www.korhanyilmaz.com\/index.php?rest_route=%2Fwp%2Fv2%2Fcategories&post=14811"},{"taxonomy":"post_tag","embeddable":true,"href":"http:\/\/www.korhanyilmaz.com\/index.php?rest_route=%2Fwp%2Fv2%2Ftags&post=14811"}],"curies":[{"name":"wp","href":"https:\/\/api.w.org\/{rel}","templated":true}]}}