{"id":14807,"date":"2009-09-20T22:43:53","date_gmt":"2009-09-20T19:43:53","guid":{"rendered":"http:\/\/www.korhanyilmaz.com\/?p=14807"},"modified":"2009-09-20T22:43:53","modified_gmt":"2009-09-20T19:43:53","slug":"dtpnin-son-kustahligi","status":"publish","type":"post","link":"http:\/\/www.korhanyilmaz.com\/?p=14807","title":{"rendered":"DTP&#039;nin &#039;son&#039; k\u00fcstahl\u0131\u011f\u0131"},"content":{"rendered":"<p style=\"text-align: center;\"><a href=\"http:\/\/www.korhanyilmaz.com\/wp-content\/uploads\/2009\/09\/dtp.jpg\"  class=\"lightview\"><img loading=\"lazy\" decoding=\"async\" class=\"aligncenter size-full wp-image-14808\" src=\"http:\/\/www.korhanyilmaz.com\/wp-content\/uploads\/2009\/09\/dtp.jpg\" alt=\"\" width=\"450\" height=\"225\" \/><\/a><\/p>\n<p style=\"text-align: justify;\">\u201cSon ter\u00f6riste kadar operasyon s\u00fcrecek\u201d diyen TSK\u2019ya \u00e7irkin cevap: Son ter\u00f6ristli\u011fe aday milyonlarca insan var.<\/p>\n<p style=\"text-align: justify;\">Tahriklerine bir yenisini ekleyen DTP, bu kez TSK\u2019ya dil uzatt\u0131. Tunceli\u2019de, aralar\u0131nda Belediye Ba\u015fkan\u0131 DTP\u2019li Edibe \u015eahin\u2019in de bulundu\u011fu DTP\u2019liler, bebek katili \u00d6calan\u2019\u0131n \u2019yol haritas\u0131\u2019n\u0131n a\u00e7\u0131klanmas\u0131, operasyonlar ve DTP\u2019ye y\u00f6nelik g\u00f6zalt\u0131lar\u0131n durdurulmas\u0131 i\u00e7in eylem yapt\u0131.<\/p>\n<p style=\"text-align: justify;\"><strong><em>DTP\u2019nin k\u00fcstahl\u0131\u011f\u0131!<\/em><\/strong><\/p>\n<p style=\"text-align: justify;\">\u201cSon ter\u00f6rist etkisiz hale getirilinceye kadar operasyonlar s\u00fcrecek\u201d diyen Genelkurmay\u2019a DTP Tunceli \u0130l Ba\u015fkan\u0131 G\u00fcne\u015f\u2019ten \u00e7irkin cevap: Kar\u015f\u0131lar\u0131nda son ter\u00f6ristli\u011fe aday milyonlarca insan var. <!--more--><\/p>\n<p style=\"text-align: justify;\">Tunceli\u2019de, aralar\u0131nda Belediye Ba\u015fkan\u0131 DTP\u2019li Edibe \u015eahin\u2019in de bulundu\u011fu yakla\u015f\u0131k 200 DTP\u2019li, bebek katili Abdullah \u00d6calan\u2019\u0131n \u201cyol haritas\u0131\u201d n\u0131n a\u00e7\u0131klanmas\u0131, operasyonlar ve DTP\u2019ye y\u00f6nelik g\u00f6zalt\u0131lar\u0131n durdurulmas\u0131 i\u00e7in Sanat Soka\u011f\u0131\u2019nda bir araya gelerek y\u00fcr\u00fcy\u00fc\u015fe ge\u00e7ti. Grup daha sonra AKP \u0130l Ba\u015fkanl\u0131\u011f\u0131 \u00f6n\u00fcne siyah \u00e7elenk b\u0131rakt\u0131. DTP\u2019liler \u201cOperasyon ve g\u00f6zalt\u0131lar\u0131 k\u0131n\u0131yoruz\u201d yaz\u0131l\u0131 \u00e7elengi b\u0131rak\u0131rken, DTP Tunceli \u0130l Ba\u015fkan\u0131 Veli Haydar G\u00fcne\u015f, Genelkurmay\u2019\u0131n haftal\u0131k bilgilendirme toplant\u0131s\u0131nda PKK\u2019ya y\u00f6nelik operasyonlara ili\u015fkin yapt\u0131\u011f\u0131 a\u00e7\u0131klamalar\u0131n, K\u00fcrt halk\u0131 \u00fczerinde so\u011fuk du\u015f etkisi yapt\u0131\u011f\u0131n\u0131 \u00f6ne s\u00fcrd\u00fc.<\/p>\n<p style=\"text-align: justify;\"><strong><em>Orduya dil uzatt\u0131<\/em><\/strong><\/p>\n<p style=\"text-align: justify;\">Genelkurmay\u2019\u0131n \u201cSon terer\u00f6rist etkisiz hale getirilinceye kadar operasyonlar s\u00fcrecek\u201d a\u00e7\u0131klamas\u0131na tepki g\u00f6steren G\u00fcne\u015f \u00f6zetle \u015funlar\u0131 s\u00f6yledi: \u201cOrdunun son ter\u00f6ristten kast\u0131 nedir bilmiyoruz. Ama b\u00f6yle d\u00fc\u015f\u00fcnd\u00fckleri s\u00fcrece, kar\u015f\u0131lar\u0131nda son ter\u00f6ristli\u011fe aday milyonlarca insan bulacaklar\u0131ndan eminiz. Biz hem siyaset\u00e7i, hem insan olarak ordunun bu \u00fclkenin kaderiyle oynamas\u0131na izin vermeyece\u011fiz. G\u00fcvenlik g\u00fc\u00e7lerinin 25 y\u0131ll\u0131k sava\u015f boyunca K\u00fcrtlere y\u00f6nelik uygulamalar\u0131ndan dolay\u0131 su\u00e7 dosyas\u0131 \u00e7ok kabar\u0131k. Toplum nezdinde iyi bir itibara sahip olmad\u0131\u011f\u0131n\u0131 bilmesi gerekir.\u201d<\/p>\n<p style=\"text-align: justify;\"><strong><em>Genelkurmay ne demi\u015fti?<\/em><\/strong><\/p>\n<p style=\"text-align: justify;\">Genelkurmay Ba\u015fkanl\u0131\u011f\u0131 Genel Sekreteri T\u00fcmgeneral Ferit G\u00fcler, Haftal\u0131k Bilgilendirme Toplant\u0131s\u0131\u2019nda \u201cT\u00fcrk Silahl\u0131 Kuvvetleri, b\u00f6l\u00fcc\u00fc ter\u00f6r \u00f6rg\u00fct\u00fcyle m\u00fccadelesinde en son ter\u00f6rist etkisiz hale getirilinceye kadar b\u00fct\u00fcn faaliyetlerine planland\u0131\u011f\u0131 \u015fekilde devam edecektir\u201d demi\u015fti.<\/p>\n<p style=\"text-align: justify;\"><strong><em>AKP binas\u0131na siyah \u00e7elenk<\/em><\/strong><\/p>\n<p style=\"text-align: justify;\">Tunceli Belediye Ba\u015fkan\u0131 Edibe \u015eahin, DTP Tunceli \u0130l Ba\u015fkan\u0131 Veli Haydar G\u00fcne\u015f ve partililerin kat\u0131ld\u0131\u011f\u0131 y\u00fcr\u00fcy\u00fc\u015fte s\u0131k s\u0131k b\u00f6l\u00fcc\u00fcba\u015f\u0131 Abdullah \u00d6calan lehine sloganlar at\u0131ld\u0131.<\/p>\n<p style=\"text-align: justify;\">200 kadar DTP\u2019li, AKP \u0130l Ba\u015fkanl\u0131\u011f\u0131 \u00f6n\u00fcne siyah \u00e7elenk b\u0131rakt\u0131.<\/p>\n<p style=\"text-align: justify;\"><span style=\"color: #888888;\">Haber Kayna\u011f\u0131 : <a href=\"http:\/\/www.yenicaggazetesi.com.tr\/haberdetay.php?hit=23366\" target=\"_blank\">yenicaggazetesi.com.tr<\/a><\/span><\/p>\n","protected":false},"excerpt":{"rendered":"<p style=\"text-align: center;\">\n<p style=\"text-align: justify;\">\u201cSon ter\u00f6riste kadar operasyon s\u00fcrecek\u201d diyen TSK\u2019ya \u00e7irkin cevap: Son ter\u00f6ristli\u011fe aday milyonlarca insan var.<\/p>\n<p style=\"text-align: justify;\">Tahriklerine bir yenisini ekleyen DTP, bu kez TSK\u2019ya dil uzatt\u0131. Tunceli\u2019de, aralar\u0131nda Belediye Ba\u015fkan\u0131 DTP\u2019li Edibe \u015eahin\u2019in de bulundu\u011fu DTP\u2019liler, bebek katili \u00d6calan\u2019\u0131n \u2019yol haritas\u0131\u2019n\u0131n a\u00e7\u0131klanmas\u0131, operasyonlar ve DTP\u2019ye y\u00f6nelik g\u00f6zalt\u0131lar\u0131n durdurulmas\u0131 i\u00e7in <\/p>\n","protected":false},"author":1,"featured_media":0,"comment_status":"open","ping_status":"closed","sticky":false,"template":"","format":"standard","meta":{"footnotes":""},"categories":[105],"tags":[],"class_list":["post-14807","post","type-post","status-publish","format-standard","hentry","category-gundem","odd"],"_links":{"self":[{"href":"http:\/\/www.korhanyilmaz.com\/index.php?rest_route=\/wp\/v2\/posts\/14807","targetHints":{"allow":["GET"]}}],"collection":[{"href":"http:\/\/www.korhanyilmaz.com\/index.php?rest_route=\/wp\/v2\/posts"}],"about":[{"href":"http:\/\/www.korhanyilmaz.com\/index.php?rest_route=\/wp\/v2\/types\/post"}],"author":[{"embeddable":true,"href":"http:\/\/www.korhanyilmaz.com\/index.php?rest_route=\/wp\/v2\/users\/1"}],"replies":[{"embeddable":true,"href":"http:\/\/www.korhanyilmaz.com\/index.php?rest_route=%2Fwp%2Fv2%2Fcomments&post=14807"}],"version-history":[{"count":0,"href":"http:\/\/www.korhanyilmaz.com\/index.php?rest_route=\/wp\/v2\/posts\/14807\/revisions"}],"wp:attachment":[{"href":"http:\/\/www.korhanyilmaz.com\/index.php?rest_route=%2Fwp%2Fv2%2Fmedia&parent=14807"}],"wp:term":[{"taxonomy":"category","embeddable":true,"href":"http:\/\/www.korhanyilmaz.com\/index.php?rest_route=%2Fwp%2Fv2%2Fcategories&post=14807"},{"taxonomy":"post_tag","embeddable":true,"href":"http:\/\/www.korhanyilmaz.com\/index.php?rest_route=%2Fwp%2Fv2%2Ftags&post=14807"}],"curies":[{"name":"wp","href":"https:\/\/api.w.org\/{rel}","templated":true}]}}