{"id":14803,"date":"2009-09-20T22:46:32","date_gmt":"2009-09-20T19:46:32","guid":{"rendered":"http:\/\/www.korhanyilmaz.com\/?p=14803"},"modified":"2009-09-20T22:46:32","modified_gmt":"2009-09-20T19:46:32","slug":"deniz-feneri-akp%e2%80%99ye-s-o-s-sinyali-yolladi","status":"publish","type":"post","link":"http:\/\/www.korhanyilmaz.com\/?p=14803","title":{"rendered":"Deniz Feneri AKP\u2019ye S.O.S sinyali yollad\u0131!"},"content":{"rendered":"<p style=\"text-align: center;\"><a href=\"http:\/\/www.korhanyilmaz.com\/wp-content\/uploads\/2009\/09\/fener.jpg\"  class=\"lightview\"><img loading=\"lazy\" decoding=\"async\" class=\"aligncenter size-full wp-image-14804\" src=\"http:\/\/www.korhanyilmaz.com\/wp-content\/uploads\/2009\/09\/fener.jpg\" alt=\"\" width=\"450\" height=\"225\" \/><\/a><\/p>\n<p style=\"text-align: justify;\"><strong><em>AKP\u2019den yard\u0131m istediler<\/em><\/strong><\/p>\n<p style=\"text-align: justify;\">Ba\u011f\u0131\u015f yolsuzlu\u011fu ile ili\u015fkisi bulunmad\u0131\u011f\u0131n\u0131 ileri s\u00fcren T\u00fcrkiye\u2019deki Deniz Feneri Derne\u011fi, iktidar partisinin internet sitesinde \u201cAcil \u00e7a\u011fr\u0131\u201dda bulundu.<\/p>\n<p style=\"text-align: justify;\">T\u00fcrkiye\u2019deki Deniz Feneri, AKP sitesinden, durumlar\u0131n\u0131n bozuldu\u011funu belirterek destek istedi. Gazeteport\u2019ta Yusuf Sahici\u2019nin haberine g\u00f6re, Almanya\u2019daki dava sonucu yap\u0131lan yard\u0131mlar\u0131n y\u00fczde 70 oran\u0131nda  azald\u0131\u011f\u0131n\u0131 savunan dernek temsilcileri tan\u0131t\u0131m talep etti. <!--more--><\/p>\n<p style=\"text-align: justify;\"><strong><em>Duyuru yapt\u0131lar<\/em><\/strong><\/p>\n<p style=\"text-align: justify;\">\u201cAKP Gen\u00e7lik Kollar\u0131 Ba\u015fkanl\u0131\u011f\u0131\u201d ad\u0131na a\u00e7\u0131lan www.akpartiforum.com adresine \u201cAcil \u00e7a\u011fr\u0131\u201d ba\u015fl\u0131\u011f\u0131 ile bir duyuru g\u00f6nderen Deniz Feneri Derne\u011fi \u00fcyeleri, siteye de konan duyular\u0131nda \u015f\u00f6yle dediler:  <em>\u201cCenab-\u0131 Hak Hurucat Suresinin 6. ayet-i kerimesinde \u2019Ey \u00eem\u00e2n edenler! E\u011fer f\u00e2s\u0131k (yalanc\u0131, g\u00fcnahk\u00e2r) bir kimse size bir haber getirirse, \u00f6nce (onun do\u011frulu\u011funu) iyice ara\u015ft\u0131r\u0131n ki bilmeyerek bir toplulu\u011fa sata\u015f\u0131rs\u0131n\u0131z da (bu hareketiniz do\u011fru olmad\u0131\u011f\u0131ndan) yapt\u0131\u011f\u0131n\u0131za pi\u015fman olan kimseler olursunuz.\u2019 buyurmaktad\u0131r&#8230; T\u00fcrkiye\u2019deki Deniz Feneri hakk\u0131nda elde tutulur bir \u015fey olmad\u0131\u011f\u0131 halde yalanc\u0131l\u0131\u011f\u0131, ahlaks\u0131zl\u0131\u011f\u0131, din d\u00fc\u015fmanl\u0131\u011f\u0131 tescillenmi\u015f Do\u011fan Grubu medyas\u0131n iftiralar\u0131na inanmak m\u00fcsl\u00fcmana yak\u0131\u015f\u0131r m\u0131? Ama maalesef  yard\u0131mlar \u00e7ok ciddi bir \u015fekilde azalm\u0131\u015f&#8230;Bu ger\u00e7ekten \u00fcz\u00fcc\u00fc bir durum.\u201d <\/em><\/p>\n<p style=\"text-align: justify;\"><em><strong>Reklamlar\u0131 var<\/strong><\/em><\/p>\n<p style=\"text-align: justify;\">Ayn\u0131 sitede, Deniz Feneri\u2019nin reklamlar\u0131 da yer al\u0131rken, bu duyurudan AKP Genel Merkez Gen\u00e7lik Kollar\u0131 Ba\u015fkanl\u0131\u011f\u0131\u2019n\u0131n sorumlu tutulamayaca\u011f\u0131 da belirtildi.<\/p>\n<p style=\"text-align: justify;\"><span style=\"color: #888888;\">Haber Kayna\u011f\u0131 : <a href=\"http:\/\/www.yenicaggazetesi.com.tr\/haberdetay.php?hit=23370\" target=\"_blank\">yenicaggazetesi.com.tr<\/a><\/span><\/p>\n","protected":false},"excerpt":{"rendered":"<p style=\"text-align: center;\">\n<p style=\"text-align: justify;\">AKP\u2019den yard\u0131m istediler<\/p>\n<p style=\"text-align: justify;\">Ba\u011f\u0131\u015f yolsuzlu\u011fu ile ili\u015fkisi bulunmad\u0131\u011f\u0131n\u0131 ileri s\u00fcren T\u00fcrkiye\u2019deki Deniz Feneri Derne\u011fi, iktidar partisinin internet sitesinde \u201cAcil \u00e7a\u011fr\u0131\u201dda bulundu.<\/p>\n<p style=\"text-align: justify;\">T\u00fcrkiye\u2019deki Deniz Feneri, AKP sitesinden, durumlar\u0131n\u0131n bozuldu\u011funu belirterek destek istedi. Gazeteport\u2019ta Yusuf Sahici\u2019nin haberine g\u00f6re, Almanya\u2019daki dava sonucu yap\u0131lan yard\u0131mlar\u0131n y\u00fczde 70 oran\u0131nda azald\u0131\u011f\u0131n\u0131 savunan <\/p>\n","protected":false},"author":1,"featured_media":0,"comment_status":"open","ping_status":"closed","sticky":false,"template":"","format":"standard","meta":{"footnotes":""},"categories":[105],"tags":[],"class_list":["post-14803","post","type-post","status-publish","format-standard","hentry","category-gundem","odd"],"_links":{"self":[{"href":"http:\/\/www.korhanyilmaz.com\/index.php?rest_route=\/wp\/v2\/posts\/14803","targetHints":{"allow":["GET"]}}],"collection":[{"href":"http:\/\/www.korhanyilmaz.com\/index.php?rest_route=\/wp\/v2\/posts"}],"about":[{"href":"http:\/\/www.korhanyilmaz.com\/index.php?rest_route=\/wp\/v2\/types\/post"}],"author":[{"embeddable":true,"href":"http:\/\/www.korhanyilmaz.com\/index.php?rest_route=\/wp\/v2\/users\/1"}],"replies":[{"embeddable":true,"href":"http:\/\/www.korhanyilmaz.com\/index.php?rest_route=%2Fwp%2Fv2%2Fcomments&post=14803"}],"version-history":[{"count":0,"href":"http:\/\/www.korhanyilmaz.com\/index.php?rest_route=\/wp\/v2\/posts\/14803\/revisions"}],"wp:attachment":[{"href":"http:\/\/www.korhanyilmaz.com\/index.php?rest_route=%2Fwp%2Fv2%2Fmedia&parent=14803"}],"wp:term":[{"taxonomy":"category","embeddable":true,"href":"http:\/\/www.korhanyilmaz.com\/index.php?rest_route=%2Fwp%2Fv2%2Fcategories&post=14803"},{"taxonomy":"post_tag","embeddable":true,"href":"http:\/\/www.korhanyilmaz.com\/index.php?rest_route=%2Fwp%2Fv2%2Ftags&post=14803"}],"curies":[{"name":"wp","href":"https:\/\/api.w.org\/{rel}","templated":true}]}}