{"id":14798,"date":"2009-09-19T21:39:14","date_gmt":"2009-09-19T18:39:14","guid":{"rendered":"http:\/\/www.korhanyilmaz.com\/?p=14798"},"modified":"2009-09-19T21:39:14","modified_gmt":"2009-09-19T18:39:14","slug":"son-halka-basbakan","status":"publish","type":"post","link":"http:\/\/www.korhanyilmaz.com\/?p=14798","title":{"rendered":"Son halka Ba\u015fbakan"},"content":{"rendered":"<p style=\"text-align: center;\"><a href=\"http:\/\/www.korhanyilmaz.com\/wp-content\/uploads\/2009\/09\/son-halka.jpg\"  class=\"lightview\"><img loading=\"lazy\" decoding=\"async\" class=\"aligncenter size-full wp-image-14799\" src=\"http:\/\/www.korhanyilmaz.com\/wp-content\/uploads\/2009\/09\/son-halka.jpg\" alt=\"\" width=\"450\" height=\"225\" \/><\/a><\/p>\n<p style=\"text-align: justify;\">Yeni Osmanl\u0131c\u0131l\u0131k zincirinin halkalar\u0131 aras\u0131na G\u00fcl ve B\u00fcy\u00fckan\u0131t\u2019tan sonra Ba\u015fbakan Erdo\u011fan kat\u0131ld\u0131:T\u00fcrkiye\u2019yi Osmanl\u0131 gibi yere sa\u011flam bast\u0131raca\u011f\u0131z!..<\/p>\n<p style=\"text-align: justify;\">Cumhurba\u015fkan\u0131 G\u00fcl ve Ya\u015far B\u00fcy\u00fckan\u0131t\u2019tan sonra Ba\u015fbakan Erdo\u011fan da \u00f6zlemini dile getirdi: Osmanl\u0131n\u0131n ayaklar\u0131 yere sa\u011flam basm\u0131\u015ft\u0131. \u015eimdi T\u00fcrkiye Cumhuriyetimizi o noktaya getirmemiz laz\u0131m!<\/p>\n<p style=\"text-align: justify;\"><strong><em>G\u00fc\u00e7l\u00fc d\u00f6nemlere at\u0131f!<\/em><\/strong><\/p>\n<p style=\"text-align: justify;\">Erdo\u011fan, baz\u0131 gazetelerin genel yay\u0131n y\u00f6netmenlerine verdi\u011fi iftarda, \u015f\u00f6yle dedi: Osmanl\u0131 \u00e7ok rahatt\u0131. Ayaklar\u0131 yere sa\u011flam basm\u0131\u015ft\u0131. Ondan sonra pergelin bir ucu her tarafa rahatl\u0131kla d\u00f6nebiliyordu! <!--more--><\/p>\n<p style=\"text-align: justify;\"><strong><em>Yeni Osmanl\u0131c\u0131l\u0131k itiraf\u0131<\/em><\/strong><\/p>\n<p style=\"text-align: justify;\">G\u00fcl ve B\u00fcy\u00fckan\u0131t\u2019tan sonra Ba\u015fbakan Erdo\u011fan da baklay\u0131 a\u011fz\u0131ndan ka\u00e7\u0131rd\u0131: Osmanl\u0131\u2019n\u0131n ayaklar\u0131 yere zaten sa\u011flam basm\u0131\u015ft\u0131. \u015eimdi bizim T\u00fcrkiye Cumhuriyetimizi o noktaya getirmemiz laz\u0131m.<\/p>\n<p style=\"text-align: justify;\">Cumhurba\u015fkan\u0131 Abdullah G\u00fcl ve Genelkurmay eski Ba\u015fkan\u0131 emekli Orgeneral Ya\u015far B\u00fcy\u00fckan\u0131t\u2019\u0131n ard\u0131ndan Ba\u015fbakan Recep Tayyip Erdo\u011fan da yeni Osmanl\u0131c\u0131l\u0131k \u00f6zlemini itiraf etti. Erdo\u011fan, gazete ve TV kanallar\u0131n\u0131n genel yay\u0131n y\u00f6netmenlerine Dolmabah\u00e7e\u2019de verdi\u011fi iftar yeme\u011finde, T\u00fcrkiye Cumhuriyeti\u2019ne Osmanl\u0131\u2019n\u0131n g\u00fc\u00e7l\u00fc, ayaklar\u0131 yere basan d\u00f6nemlerini hedef g\u00f6sterdi. Yeme\u011fin ard\u0131ndan yapt\u0131\u011f\u0131 a\u00e7\u0131klamada Yeni Osmanl\u0131c\u0131l\u0131k \u00f6zlemini dile getiren Erdo\u011fan \u015fu mesajlar\u0131 verdi:<\/p>\n<p style=\"text-align: justify;\"><strong><em>Pergelin ucu d\u00f6nebiliyordu<\/em><\/strong><\/p>\n<p style=\"text-align: justify;\">\u201dBizim \u015fu anda \u00fcniter yap\u0131m\u0131z\u0131 \u00e7ok g\u00fc\u00e7l\u00fc k\u0131lmam\u0131z laz\u0131m. E\u011fer \u00fcniter yap\u0131m\u0131zda bir zafiyet ba\u015flarsa o cesur ad\u0131mlar\u0131 atman\u0131z da m\u00fcmk\u00fcn olmaz. \u015eu anda bir defa \u00fcniter yap\u0131m\u0131z \u00fczerinde \u00e7izik atmak isteyenler var. Buna bir defa f\u0131rsat vermememiz gerekir. Burada ayaklar\u0131 yere sa\u011flam basmam\u0131z laz\u0131m. Ama \u015fimdi \u015f\u00f6yle bir Osmanl\u0131\u2019ya bakt\u0131\u011f\u0131m\u0131z zaman, Osmanl\u0131 bu noktada \u00e7ok rahatt\u0131. \u00c7\u00fcnk\u00fc ayaklar\u0131 yere zaten sa\u011flam basm\u0131\u015ft\u0131. Ondan sonra pergelin bir ucu her tarafa rahatl\u0131kla d\u00f6nebiliyordu. Bu noktadayd\u0131. \u015eimdi bizim T\u00fcrkiye Cumhuriyetimizi o noktaya getirmemiz laz\u0131m.<\/p>\n<p style=\"text-align: justify;\"><strong><em>G\u00fc\u00e7l\u00fc d\u00f6nemlere at\u0131f<\/em><\/strong><\/p>\n<p style=\"text-align: justify;\">Ba\u015fbakan Recep Tayyip Erdo\u011fan, bir soru \u00fczerine bu s\u00f6zleri sarf ederken \u201cOsmanl\u0131\u2019n\u0131n g\u00fc\u00e7l\u00fc d\u00f6nemlerini kastetti\u011fini\u201d belirtti. \u201cOsmanl\u0131\u2019y\u0131 referans g\u00f6sterip \u2019Cumhuriyet\u2019i o noktaya getirmemiz laz\u0131m\u2019 dediniz. Buna biraz a\u00e7\u0131kl\u0131k getirir misiniz? Tam olarak ne demek istediniz?\u201d sorusu \u00fczerine Erdo\u011fan \u015funlar\u0131 s\u00f6yledi:<\/p>\n<p style=\"text-align: justify;\"><strong><em>Buraya gelmemiz laz\u0131m<\/em><\/strong><\/p>\n<p style=\"text-align: justify;\">\u201cBu k\u0131yaslamayla benim ortaya koydu\u011fum \u015fey \u00e7ok a\u00e7\u0131k, net. D\u00fcnyada \u015fimdi g\u00fc\u00e7l\u00fc \u00fclke dedi\u011fimiz zaman b\u00fct\u00fcn sosyal ve ekonomik yap\u0131s\u0131yla, uluslararas\u0131 diplomasideki g\u00fcc\u00fcyle bir devletten bahsediyoruz. \u015eu anda g\u00fcndemi belirleyen bir T\u00fcrkiye var. Ekonomide de hemen bizim GSY\u0130H\u2019nin 1 trilyon dolar\u0131n \u00fczerine \u00e7\u0131kt\u0131\u011f\u0131 bir T\u00fcrkiye ve 2023 hedefimizi ifade ettim. O da d\u00fcnyada ilk 10 i\u00e7erisine girmi\u015f bir T\u00fcrkiye. \u015eu anda 17. s\u0131raday\u0131z. Geldi\u011fimizde 26. s\u0131radayd\u0131k. \u015eimdi 17.\u2019yiz. Ama ilk 10\u2019un i\u00e7erisine girdi\u011fimiz g\u00fcn i\u015fte o ayak yere \u00e7ok daha sa\u011flam basacak. Bunlar bizim i\u00e7in \u00e7ok b\u00fcy\u00fck \u00f6nem arz ediyor ve bizim \u00fclkemizin i\u00e7erisinde de tabii benim vatanda\u015f\u0131m tek tek art\u0131k onurlu bir \u015fekilde \u2019ben\u2019 diyecek. Buraya gelmemiz laz\u0131m. Bizim kastetti\u011fimiz budur. Ba\u015fka bir \u015fey de\u011fil.\u201d<\/p>\n<p style=\"text-align: justify;\"><strong><em>Kendi okudu, kendi a\u011flad\u0131<\/em><\/strong><\/p>\n<p style=\"text-align: justify;\">Ba\u015fbakan Recep Tayyip Erdo\u011fan, kendi okudu\u011fu \u015fiiri dinlerken duyguland\u0131. Erdo\u011fan, \u00f6nceki ak\u015fam bir televizyon kanal\u0131nda canl\u0131 olarak yay\u0131nlanan \u201cBa\u015fbakan \u00d6zel\u201d adl\u0131 programda, ilk kez siyaset konu\u015fmad\u0131. Erdo\u011fan, T\u00fcrk sanat m\u00fczi\u011fi sanat\u00e7\u0131s\u0131 Zekai Tunca ve T\u00fcrk\u00fcc\u00fc Ne\u015fet Erta\u015f ile birlikte farkl\u0131 bir ak\u015fam ge\u00e7irdi. Erdo\u011fan\u2019\u0131n, \u201cBu \u015eark\u0131 Burada Bitmez\u201d adl\u0131 alb\u00fcmde seslendirdi\u011fi, \u015fair Erdem Beyaz\u0131t\u2019a ait \u201cSana, Bana, Vatan\u0131ma, \u00dclkemin \u0130nsanlar\u0131na Dair\u201d adl\u0131 \u015fiirine de programda yer verildi. Kendi sesinden \u015fiiri dinleyen Erdo\u011fan, g\u00f6zya\u015flar\u0131n\u0131 tutamad\u0131. Mendiliyle g\u00f6zya\u015flar\u0131n\u0131 silen Erdo\u011fan, \u201cOkurken \u00e7ok duyguluydum, her duyguyu ya\u015f\u0131yorum. Anadolu topraklar\u0131 g\u00f6z\u00fcm\u00fcn \u00f6n\u00fcne geliyor\u201d dedi.<\/p>\n<p style=\"text-align: justify;\"><strong><em>K\u00fcresel g\u00fc\u00e7lere hizmet eden bu fikir BOP\u2019un g\u00f6bek ad\u0131d\u0131r<\/em><\/strong><\/p>\n<p style=\"text-align: justify;\">\u201cOsmanl\u0131c\u0131l\u0131k, Yeni Osmanl\u0131c\u0131l\u0131k\u201d gibi kavramlar ABD\u2019nin s\u00f6m\u00fcrgele\u015ftirme plan\u0131 olan B\u00fcy\u00fck Ortado\u011fu Projesi\u2019nin uygulamaya konulmas\u0131yla dillendirilmeye ba\u015fland\u0131. Irak ve Afganistan\u2019\u0131n i\u015fgali ile ba\u015flayan ve 22 \u00fclkenin s\u0131n\u0131rlar\u0131n\u0131n de\u011fi\u015ftirilmesini \u00f6ng\u00f6ren projenin,  T\u00fcrkiye\u2019deki mimarlar\u0131 taraf\u0131ndan s\u0131k s\u0131k g\u00fcndeme getiriliyor. BOP\u2019un e\u015fba\u015fkan\u0131 olmakla \u00f6v\u00fcnen Ba\u015fbakan Erdo\u011fan da s\u0131k s\u0131k \u201cOsmanl\u0131&#8230;.Yeni Osmanl\u0131\u201d vurgusunu kullan\u0131yor. Peki nedir bu Yeni Osmanl\u0131c\u0131k&#8230; Yeni Osmanl\u0131c\u0131l\u0131k kavram\u0131 hakk\u0131nda yaz\u0131lan birka\u00e7 eserden birisi olan \u201cT\u00fcrkiye\u2019nin Siyasi \u0130ntihar\u0131 Yeni Osmanl\u0131 Tuza\u011f\u0131\u201d kitab\u0131n\u0131n yazar\u0131 Cengiz \u00d6zak\u0131nc\u0131 bu konuda \u00e7ok ilgin\u00e7 tespitlerde bulunuyor.  Yeni Osmanl\u0131c\u0131l\u0131k fikrinin B\u00fcy\u00fck Ortado\u011fu Projesi\u2019nin g\u00f6bek ad\u0131 oldu\u011funu ifade eden \u00d6zak\u0131nc\u0131, \u015f\u00f6yle devam ediyor:<\/p>\n<p style=\"text-align: justify;\"><strong><em>Hedefi ulus devlet<\/em><\/strong><\/p>\n<p style=\"text-align: justify;\">\u201cYeni Osmanl\u0131c\u0131k fikri k\u00fcresel g\u00fc\u00e7lere hizmet etmektedir. Ulus devletleri hedef al\u0131p, eyaletle\u015fmeyi, federatif  bir yap\u0131y\u0131 \u00f6ng\u00f6rmektedir. T\u00fcrkiye \u00f6nderli\u011finde Ortado\u011fu Birle\u015fik Devletleri ad\u0131 alt\u0131nda federatif bir yap\u0131 dayatmaktad\u0131r. Yeni Osmanl\u0131c\u0131l\u0131k fikrinin kayna\u011f\u0131 olan ABD\u2019nin amac\u0131 Osmanl\u0131\u2019n\u0131n g\u00fc\u00e7l\u00fc d\u00f6nemlerinde oldu\u011fu gibi bir imparatorluk misyonu ortaya koymak de\u011fil, tam tersine kapit\u00fclasyonlara mahkum olmu\u015f bir Osmanl\u0131 \u0130mparatorlu\u011fu\u2019nun T\u00fcrkiye versiyonudur. Ger\u00e7ek ama\u00e7 budur. Nas\u0131l ki o d\u00f6nem kapit\u00fclasyonlardan dolay\u0131 Osmanl\u0131 \u0130mparatorlu\u011fu ba\u011f\u0131ms\u0131z ve istedi\u011fi gibi hareket edemiyordu, \u015fimdi de b\u00f6yle bir T\u00fcrkiye\u2019nin varl\u0131\u011f\u0131ndan yanalar. \u201c<\/p>\n<p style=\"text-align: justify;\"><strong><em>G\u00fcl: Tart\u0131\u015f\u0131lmas\u0131n\u0131 sa\u011fl\u0131kl\u0131 buluyorum<\/em><\/strong><\/p>\n<p style=\"text-align: justify;\">\u015eifreli mesajlar ve futbol diplomasisi ile a\u00e7\u0131l\u0131mlar ba\u015flatan Cumhurba\u015fkan\u0131 Abdullah G\u00fcl de yeni Osmanl\u0131c\u0131l\u0131k ak\u0131m\u0131n\u0131n destek\u00e7ilerinden birisi. G\u00fcl, 1992 y\u0131l\u0131nda Refah Partisi Milletvekili s\u0131fat\u0131yla yapt\u0131\u011f\u0131 bir konu\u015fmada T\u00fcrkiye\u2019deki mevcut sistemin halkla kavgal\u0131 oldu\u011funu, Atat\u00fcrk ilkelerinin T\u00fcrk milletine dayat\u0131ld\u0131\u011f\u0131n\u0131 iddia ederek \u015funlar\u0131 kaydemi\u015fti: \u015eimdi bu tercihin yap\u0131lmas\u0131 laz\u0131md\u0131. Ufak bir T\u00fcrkiye, b\u00f6l\u00fcnm\u00fc\u015f bir T\u00fcrkiye\u2019yi b\u0131rak\u0131n daha b\u00fcy\u00fck d\u00fcnyalar\u0131 dinda\u015flar\u0131m\u0131za, \u0131rkda\u015flar\u0131m\u0131za kadar hepsini kucaklayabilecek yeni bir anlay\u0131\u015f\u0131n getirilmesi&#8230; Bu a\u00e7\u0131dan bu ikinci Cumhuriyet, yeni Osmanl\u0131c\u0131l\u0131k kavramlar\u0131n\u0131n ve tart\u0131\u015fmalar\u0131n\u0131n, ortaya gelmesini ben \u00e7ok sa\u011fl\u0131kl\u0131 olarak g\u00f6r\u00fcyorum ve gelece\u011fe \u00fcmitle bak\u0131yorum&#8230;\u201d<\/p>\n<p style=\"text-align: justify;\"><strong><em>B\u00fcy\u00fckan\u0131t da ayn\u0131 modeli \u00f6vm\u00fc\u015ft\u00fc<\/em><\/strong><\/p>\n<p style=\"text-align: justify;\">Genelkurmay eski Ba\u015fkan\u0131 emekli Orgeneral Ya\u015far B\u00fcy\u00fckan\u0131t da, May\u0131s 2008\u2019de Osmanl\u0131 modeline \u00f6vg\u00fcler ya\u011fd\u0131rm\u0131\u015ft\u0131. Harp Akademileri Komutanl\u0131\u011f\u0131\u2019nda d\u00fczenlenen sempozyumun a\u00e7\u0131l\u0131\u015f konu\u015fmas\u0131n\u0131 yapan d\u00f6nemin Genelkurmay Ba\u015fkan\u0131 B\u00fcy\u00fckan\u0131t, bir gazetecinin, \u201c\u0130lk defa konu\u015fman\u0131zda Osmanl\u0131 d\u00f6nemine at\u0131f yapt\u0131n\u0131z\u201d s\u00f6zleri \u00fczerine, bunun do\u011fru oldu\u011funu, Osmanl\u0131 egemenli\u011fi s\u0131ras\u0131nda Orta Do\u011fu\u2018da mezhepler aras\u0131nda \u00e7at\u0131\u015fma olmad\u0131\u011f\u0131n\u0131 vurgulam\u0131\u015ft\u0131. B\u00fcy\u00fckan\u0131t, 1. D\u00fcnya Sava\u015f\u0131\u2018ndan itibaren s\u0131n\u0131rlar\u0131n cetvelle \u00e7izilmesinden sonra durumun bu hale d\u00f6n\u00fc\u015ft\u00fc\u011f\u00fcn\u00fc bildirmi\u015fti. Bir ba\u015fka gazetecinin, \u201cT\u00fcrkiye i\u00e7in Osmanl\u0131 modelini \u00f6nerenler var\u201d s\u00f6zleri \u00fczerine B\u00fcy\u00fckan\u0131t, \u201cBenim, asla ve asla T\u00fcrkiye Cumhuriyeti d\u0131\u015f\u0131nda bir model, hayalimden ge\u00e7mez. Ben tarihi bir ger\u00e7e\u011fi s\u00f6yl\u00fcyorum\u201d demi\u015fti.<\/p>\n<p style=\"text-align: justify;\"><strong><em>BA\u015eBAKAN\u2019IN S\u00d6ZLER\u0130NE ANA MUHALEFET SERT TEPK\u0130 G\u00d6STERD\u0130 <\/em><\/strong><\/p>\n<p style=\"text-align: justify;\"><strong><em>Soros istiyor diye T\u00fcrkiye federatif yap\u0131ya s\u00fcr\u00fckleniyor<\/em><\/strong><\/p>\n<p style=\"text-align: justify;\">CHP\u2019li Baratal\u0131,  \u201cAKP iktidar\u0131 T\u00fcrkiye\u2019yi bir maceraya s\u00fcr\u00fckl\u00fcyor\u201d dedi.<\/p>\n<p style=\"text-align: justify;\">Ba\u015fbakan Recep Tayyip Erdo\u011fan\u2019\u0131n Osmanl\u0131\u2019y\u0131 referans g\u00f6stermesine muhalefet tepki g\u00f6sterdi. CHP \u0130zmir Milletvekili B\u00fclent Baratal\u0131, Ba\u015fbakan Recep Tayyip Erdo\u011fan\u2019\u0131n T\u00fcrkiye\u2019ye ili\u015fkin tespitlerinin analizinin \u00e7ok iyi yap\u0131lmas\u0131 gerekti\u011fini s\u00f6yledi. AKP\u2019nin ideolojik parti olmad\u0131\u011f\u0131n\u0131, Ba\u015fbakan Recep Tayyip Erdo\u011fan ve fikirleri etraf\u0131nda toplanm\u0131\u015f bir organizasyon olarak g\u00f6rmek gerekti\u011fini savunan Baratal\u0131, \u015funlar\u0131 s\u00f6yledi: \u201cAKP T\u00fcrkiye\u2019yi bir maceraya s\u00fcr\u00fckl\u00fcyor. Bu maceran\u0131n ad\u0131 AKP\u2019nin zihninin arkas\u0131nda yatan Yeni Osmanl\u0131c\u0131l\u0131k felsefesidir. D\u0131\u015fi\u015fleri Bakan\u0131 Ahmet Davuto\u011flu\u2019nun gezileri incelenirse bu daha da iyi anla\u015f\u0131lacakt\u0131r. Davuto\u011flu gitti\u011fi her yerde Osmanl\u0131\u2019n\u0131n kal\u0131nt\u0131lar\u0131n\u0131 bulup \u00e7\u0131karmak istemektedir. Bu ger\u00e7ek\u00e7i bir yakla\u015f\u0131m de\u011fil, macerac\u0131 bir yakla\u015f\u0131md\u0131r. Osmanl\u0131 \u0130mparatorlu\u011fu g\u00fcc\u00fcn\u00fc Allah\u2019tan alan bir padi\u015fah taraf\u0131ndan y\u00f6netilmekte olan federatif bir yap\u0131yd\u0131. T\u00fcrkiye\u2019yi idare eden AKP iktidar\u0131n\u0131 bir de bu c\u00fcmlenin do\u011frultusunda okumak gerekir. T\u00fcrkiye Cumhuriyeti\u2019nin temel de\u011ferleriyle kavgal\u0131 olan iktidar T\u00fcrkiye\u2019yi federatif yap\u0131ya s\u00fcr\u00fcklemektedir. AKP bunu istemektedir. Soros bunu istemektedir. \u201d<\/p>\n<p style=\"text-align: justify;\"><strong><em>\u00dcniter yap\u0131 g\u00fc\u00e7lenmez<\/em><\/strong><\/p>\n<p style=\"text-align: justify;\">ABD\u2019nin, enerji kaynaklar\u0131n\u0131n g\u00fcvenli\u011fi i\u00e7in T\u00fcrkiye\u2019nin g\u00fc\u00e7l\u00fc ordusunu kullanmak istedi\u011fini ifade eden CHP\u2019li B\u00fclent Baratal\u0131, \u201c\u00dcniter yap\u0131 bu zihniyetle g\u00fc\u00e7lendirilmez. Ancak BOP ad\u0131 alt\u0131nda b\u00f6lgeyi yeniden yap\u0131land\u0131rmak isteyen emperyal zihniyete hizmet edilir\u201d \u015feklinde konu\u015ftu.<\/p>\n<p style=\"text-align: justify;\"><strong><em>T\u00fcrkiye\u2019ye hedef olarak g\u00f6stermek resmen cahilliktir<\/em><\/strong><\/p>\n<p style=\"text-align: justify;\">CHP\u2019li G\u00f6k de ya\u015fananlar\u0131 ayr\u0131\u015fma projesinin bir par\u00e7as\u0131 olarak nitelendirdi<\/p>\n<p style=\"text-align: justify;\">CHP Mersin milletvekili \u0130sa G\u00f6k de Ba\u015fbakan Erdo\u011fan\u2019\u0131n, 15. T\u00fcrk devletinin sonunu getiren bir modeli tekrar T\u00fcrkiye Cumhuriyeti\u2019ne hedef olarak g\u00f6stermenin cahillikten ba\u015fka bir \u015fey olmayaca\u011f\u0131n\u0131, bilerek yap\u0131ld\u0131\u011f\u0131 takdirde ABD ve emperyal g\u00fc\u00e7lere hizmet anlam\u0131 ta\u015f\u0131yaca\u011f\u0131n\u0131 s\u00f6yledi. T\u00fcm bu ya\u015fananlar\u0131 ayr\u0131\u015fma projesinin par\u00e7alar\u0131 olarak nitelendiren G\u00f6k, ayn\u0131 s\u00f6ylemin hukukta, idari yap\u0131lanmada da devam etti\u011fini belirterek \u015funlar\u0131 kaydetti:<\/p>\n<p style=\"text-align: justify;\"><strong><em>Ayr\u0131\u015fma projesidir<\/em><\/strong><\/p>\n<p style=\"text-align: justify;\">\u201cHukukta, idari yap\u0131lanmada ger\u00e7ekle\u015ftirilmek istenen de\u011fi\u015fiklikler ayn\u0131 zihniyetin uzant\u0131s\u0131d\u0131r. Hukukun yerelle\u015ftirilmesi \u00e7abalar\u0131, \u0130stinaf Mahkemeleri, Kamu Y\u00f6netimi Reformu, Kalk\u0131nma Ajanslar\u0131, bunun d\u0131\u015f\u0131nda petrol ve maden yasalar\u0131nda yap\u0131lmak istenen de\u011fi\u015fiklikler hep bu zihniyetin uzant\u0131lar\u0131. Peki nedir bu zihniyet? Osmanl\u0131 \u0130mparatorlu\u011fu\u2019nu millet esas\u0131na dayal\u0131 olarak verilen kolektif haklar do\u011frultusunda parampar\u00e7a eden zihniyettir. Yani 15. T\u00fcrk Devletini y\u0131kan zihniyettir.\u201d \u201cBu fikirleri ortaya atanlar Yak\u0131n \u00e7a\u011f tarihi okumuyor mu?\u201d diye soran CHP\u2019li G\u00f6k, \u201c Yak\u0131n \u00e7a\u011f T\u00fcrk tarihi okumak yerine bat\u0131l\u0131 ak\u0131l hocalar\u0131na m\u0131 g\u00fcveniyorlar? Irak, Yugoslavya modelleri ortadayken, \u0130ran\u2019da yap\u0131lmak istenenler ortadayken bu t\u00fcrden \u00f6rnekler neden referans g\u00f6sterilir? Anadolu\u2019nun sa\u011flam \u00e7imentosu neden par\u00e7alanmak isteniyor? Bunlar \u00e7ok iyi analiz edilmeli. T\u00fcm bunlar\u0131n bir ayr\u0131\u015fma projesi oldu\u011fu \u00e7ok iyi g\u00f6r\u00fclmeli\u201d dedi.<\/p>\n<p style=\"text-align: justify;\"><span style=\"color: #888888;\">Haber : Fatih Erboz &#8211; <a href=\"http:\/\/www.yenicaggazetesi.com.tr\/haberdetay.php?hit=23346\" target=\"_blank\">yenicaggazetesi.com.tr<\/a><\/span><\/p>\n","protected":false},"excerpt":{"rendered":"<p style=\"text-align: center;\">\n<p style=\"text-align: justify;\">Yeni Osmanl\u0131c\u0131l\u0131k zincirinin halkalar\u0131 aras\u0131na G\u00fcl ve B\u00fcy\u00fckan\u0131t\u2019tan sonra Ba\u015fbakan Erdo\u011fan kat\u0131ld\u0131:T\u00fcrkiye\u2019yi Osmanl\u0131 gibi yere sa\u011flam bast\u0131raca\u011f\u0131z!..<\/p>\n<p style=\"text-align: justify;\">Cumhurba\u015fkan\u0131 G\u00fcl ve Ya\u015far B\u00fcy\u00fckan\u0131t\u2019tan sonra Ba\u015fbakan Erdo\u011fan da \u00f6zlemini dile getirdi: Osmanl\u0131n\u0131n ayaklar\u0131 yere sa\u011flam basm\u0131\u015ft\u0131. \u015eimdi T\u00fcrkiye Cumhuriyetimizi o noktaya getirmemiz laz\u0131m!<\/p>\n<p style=\"text-align: justify;\">G\u00fc\u00e7l\u00fc d\u00f6nemlere at\u0131f!<\/p>\n<p style=\"text-align:  \n\n","protected":false},"author":1,"featured_media":0,"comment_status":"open","ping_status":"closed","sticky":false,"template":"","format":"standard","meta":{"footnotes":""},"categories":[105],"tags":[],"class_list":["post-14798","post","type-post","status-publish","format-standard","hentry","category-gundem","odd"],"_links":{"self":[{"href":"http:\/\/www.korhanyilmaz.com\/index.php?rest_route=\/wp\/v2\/posts\/14798","targetHints":{"allow":["GET"]}}],"collection":[{"href":"http:\/\/www.korhanyilmaz.com\/index.php?rest_route=\/wp\/v2\/posts"}],"about":[{"href":"http:\/\/www.korhanyilmaz.com\/index.php?rest_route=\/wp\/v2\/types\/post"}],"author":[{"embeddable":true,"href":"http:\/\/www.korhanyilmaz.com\/index.php?rest_route=\/wp\/v2\/users\/1"}],"replies":[{"embeddable":true,"href":"http:\/\/www.korhanyilmaz.com\/index.php?rest_route=%2Fwp%2Fv2%2Fcomments&post=14798"}],"version-history":[{"count":0,"href":"http:\/\/www.korhanyilmaz.com\/index.php?rest_route=\/wp\/v2\/posts\/14798\/revisions"}],"wp:attachment":[{"href":"http:\/\/www.korhanyilmaz.com\/index.php?rest_route=%2Fwp%2Fv2%2Fmedia&parent=14798"}],"wp:term":[{"taxonomy":"category","embeddable":true,"href":"http:\/\/www.korhanyilmaz.com\/index.php?rest_route=%2Fwp%2Fv2%2Fcategories&post=14798"},{"taxonomy":"post_tag","embeddable":true,"href":"http:\/\/www.korhanyilmaz.com\/index.php?rest_route=%2Fwp%2Fv2%2Ftags&post=14798"}],"curies":[{"name":"wp","href":"https:\/\/api.w.org\/{rel}","templated":true}]}}