{"id":14794,"date":"2009-09-19T21:35:05","date_gmt":"2009-09-19T18:35:05","guid":{"rendered":"http:\/\/www.korhanyilmaz.com\/?p=14794"},"modified":"2009-09-19T21:35:05","modified_gmt":"2009-09-19T18:35:05","slug":"baykal-turkiyeye-sahip-cikma-gunu","status":"publish","type":"post","link":"http:\/\/www.korhanyilmaz.com\/?p=14794","title":{"rendered":"Baykal: T\u00fcrkiye&#039;ye sahip \u00e7\u0131kma g\u00fcn\u00fc!"},"content":{"rendered":"<p style=\"text-align: center;\"><a href=\"http:\/\/www.korhanyilmaz.com\/wp-content\/uploads\/2009\/09\/BAYKAL.jpg\"  class=\"lightview\"><img loading=\"lazy\" decoding=\"async\" class=\"aligncenter size-full wp-image-14795\" src=\"http:\/\/www.korhanyilmaz.com\/wp-content\/uploads\/2009\/09\/BAYKAL.jpg\" alt=\"\" width=\"450\" height=\"225\" \/><\/a><\/p>\n<p style=\"text-align: justify;\">CHP lideri, Gaziler G\u00fcn\u00fc\u2019nde sert bir mesaj verdi: D\u00fcn i\u015fgalciler d\u0131\u015far\u0131da, ma\u015falar\u0131 i\u00e7erdeydi. Bug\u00fcn tablo tersine d\u00f6nd\u00fc.<\/p>\n<p style=\"text-align: justify;\"><strong><em>B\u00f6l\u00fcc\u00fcler i\u00e7eride ma\u015falar\u0131 d\u0131\u015far\u0131da<\/em><\/strong><\/p>\n<p style=\"text-align: justify;\">CHP Genel Ba\u015fkan\u0131 Deniz Baykal, \u201cD\u00fcn \u00fclkemizi b\u00f6l\u00fcp par\u00e7alamak isteyenler i\u015fgalciler d\u0131\u015fardan gelmi\u015fti, i\u015fbirlik\u00e7ileri, ma\u015falar\u0131 i\u00e7erdeydi. Bug\u00fcn \u00fclkenin birli\u011fi ve dirli\u011finde g\u00f6z\u00fc olanlar da, yanda\u015flar\u0131 da i\u00e7erde, i\u015fbirlik\u00e7ileri d\u0131\u015farda. Niyet ayn\u0131 niyet, tablo ayn\u0131 tablo, senaryo ayn\u0131 senaryo ama unutmas\u0131nlar ki, gazilerimizde ayn\u0131 gaziler\u201d dedi.  Baykal, \u201cGaziler G\u00fcn\u00fc\u201d nedeniyle bir mesaj yay\u0131nlad\u0131. Bug\u00fcn\u00fcn Mustafa Kemal Atat\u00fcrk\u2019e TBMM taraf\u0131ndan \u201cGazi\u201d lik unvan\u0131n\u0131n verildi\u011fi g\u00fcn oldu\u011funu hat\u0131rlatan Baykal, \u201cBug\u00fcn Gazilerimizin g\u00f6z\u00fcyle T\u00fcrkiye\u2019ye bakma, Gazilerimizle birlikte T\u00fcrkiyemize sahip \u00e7\u0131kma g\u00fcn\u00fc\u201d dedi. <!--more--><\/p>\n<p style=\"text-align: justify;\"><strong><em>\u0130lelebet korunacak<\/em><\/strong><\/p>\n<p style=\"text-align: justify;\">CHP lideri Baykal, \u015funlar\u0131 dile getirdi: \u201cD\u00fcn Gazi Mustafa Kemal ve arkada\u015flar\u0131 nas\u0131l oynanan oyunlar\u0131 bozdularsa, bug\u00fcn de Mustafa Kemal\u2019in izinden giden gazilerimiz \u00e7irkin oyunlar\u0131 bozdular, bozmaya da devam edecekler. D\u00fcn nas\u0131l Sevr par\u00e7alan\u0131p, \u00e7\u00f6p tenekesine at\u0131ld\u0131ysa, g\u00fcn\u00fcm\u00fczde de Sevr \u00f6zlemcilerinin niyetleri \u015fehitlerimizin ve gazilerimizin can\u0131, kan\u0131 pahas\u0131na tarihin \u00e7\u00f6pl\u00fc\u011f\u00fcne at\u0131lacak. Bu duygu ve d\u00fc\u015f\u00fcncelerle Gaziler G\u00fcn\u00fcn\u00fc kutluyor, Atat\u00fcrk ile arkada\u015flar\u0131na, \u015fehit ve gazilerimize minnet ve \u015f\u00fckranlar\u0131m\u0131z\u0131 sunuyorum.\u201d<\/p>\n<p style=\"text-align: justify;\"><span style=\"color: #888888;\">Haber Kayna\u011f\u0131 : <a href=\"http:\/\/www.yenicaggazetesi.com.tr\/haberdetay.php?hit=23343\" target=\"_blank\">yenicaggazetesi.com.tr<\/a><\/span><\/p>\n","protected":false},"excerpt":{"rendered":"<p style=\"text-align: center;\">\n<p style=\"text-align: justify;\">CHP lideri, Gaziler G\u00fcn\u00fc\u2019nde sert bir mesaj verdi: D\u00fcn i\u015fgalciler d\u0131\u015far\u0131da, ma\u015falar\u0131 i\u00e7erdeydi. Bug\u00fcn tablo tersine d\u00f6nd\u00fc.<\/p>\n<p style=\"text-align: justify;\">B\u00f6l\u00fcc\u00fcler i\u00e7eride ma\u015falar\u0131 d\u0131\u015far\u0131da<\/p>\n<p style=\"text-align: justify;\">CHP Genel Ba\u015fkan\u0131 Deniz Baykal, \u201cD\u00fcn \u00fclkemizi b\u00f6l\u00fcp par\u00e7alamak isteyenler i\u015fgalciler d\u0131\u015fardan gelmi\u015fti, i\u015fbirlik\u00e7ileri, ma\u015falar\u0131 i\u00e7erdeydi. Bug\u00fcn \u00fclkenin birli\u011fi ve dirli\u011finde g\u00f6z\u00fc olanlar da, yanda\u015flar\u0131 <\/p>\n","protected":false},"author":1,"featured_media":0,"comment_status":"open","ping_status":"closed","sticky":false,"template":"","format":"standard","meta":{"footnotes":""},"categories":[105],"tags":[],"class_list":["post-14794","post","type-post","status-publish","format-standard","hentry","category-gundem","odd"],"_links":{"self":[{"href":"http:\/\/www.korhanyilmaz.com\/index.php?rest_route=\/wp\/v2\/posts\/14794","targetHints":{"allow":["GET"]}}],"collection":[{"href":"http:\/\/www.korhanyilmaz.com\/index.php?rest_route=\/wp\/v2\/posts"}],"about":[{"href":"http:\/\/www.korhanyilmaz.com\/index.php?rest_route=\/wp\/v2\/types\/post"}],"author":[{"embeddable":true,"href":"http:\/\/www.korhanyilmaz.com\/index.php?rest_route=\/wp\/v2\/users\/1"}],"replies":[{"embeddable":true,"href":"http:\/\/www.korhanyilmaz.com\/index.php?rest_route=%2Fwp%2Fv2%2Fcomments&post=14794"}],"version-history":[{"count":0,"href":"http:\/\/www.korhanyilmaz.com\/index.php?rest_route=\/wp\/v2\/posts\/14794\/revisions"}],"wp:attachment":[{"href":"http:\/\/www.korhanyilmaz.com\/index.php?rest_route=%2Fwp%2Fv2%2Fmedia&parent=14794"}],"wp:term":[{"taxonomy":"category","embeddable":true,"href":"http:\/\/www.korhanyilmaz.com\/index.php?rest_route=%2Fwp%2Fv2%2Fcategories&post=14794"},{"taxonomy":"post_tag","embeddable":true,"href":"http:\/\/www.korhanyilmaz.com\/index.php?rest_route=%2Fwp%2Fv2%2Ftags&post=14794"}],"curies":[{"name":"wp","href":"https:\/\/api.w.org\/{rel}","templated":true}]}}