{"id":14782,"date":"2009-09-20T15:51:24","date_gmt":"2009-09-20T12:51:24","guid":{"rendered":"http:\/\/www.korhanyilmaz.com\/?p=14782"},"modified":"2009-09-20T15:51:24","modified_gmt":"2009-09-20T12:51:24","slug":"bayramin-ilk-gununu-siyasiler-nasil-gecirdi","status":"publish","type":"post","link":"http:\/\/www.korhanyilmaz.com\/?p=14782","title":{"rendered":"Bayram\u0131n ilk g\u00fcn\u00fcn\u00fc siyasiler nas\u0131l ge\u00e7irdi?"},"content":{"rendered":"<p style=\"text-align: center;\"><a href=\"http:\/\/www.korhanyilmaz.com\/wp-content\/uploads\/2009\/09\/BAYRAM.jpg\"  class=\"lightview\"><img loading=\"lazy\" decoding=\"async\" class=\"aligncenter size-full wp-image-14783\" src=\"http:\/\/www.korhanyilmaz.com\/wp-content\/uploads\/2009\/09\/BAYRAM.jpg\" alt=\"\" width=\"307\" height=\"236\" \/><\/a><\/p>\n<p style=\"text-align: justify;\">Siyasiler bayram\u0131n ilk g\u00fcn\u00fcne bayram namaz\u0131 k\u0131larak ba\u015flad\u0131. Liderler halka da bar\u0131\u015f mesajlar\u0131 verdi.<\/p>\n<p style=\"text-align: justify;\"><strong><em>Cumhurba\u015fkan\u0131 Abdullah G\u00fcl:<\/em><\/strong><\/p>\n<p style=\"text-align: justify;\">G\u00fcl bayram namaz\u0131n\u0131 Sultanahmet Camisi&#8217;nde k\u0131ld\u0131. G\u00fcl, bayram namaz\u0131 i\u00e7in o\u011flu Mehmet Emre ile camiye geldi. Burada bayram namaz\u0131n\u0131 k\u0131lan G\u00fcl, cami i\u00e7erisinde cemaat ile bayramla\u015ft\u0131.<\/p>\n<p style=\"text-align: justify;\">Cami \u00e7\u0131k\u0131\u015f\u0131nda bas\u0131n mensuplar\u0131na a\u00e7\u0131klama yapan G\u00fcl, b\u00fct\u00fcn vatanda\u015flar\u0131n ramazan bayram\u0131n\u0131 kutlayarak, bu g\u00fczel g\u00fcnlerin b\u00fct\u00fcn insanl\u0131\u011fa, \u00fclkeye hay\u0131rlar getirmesini temenni etti. <!--more--><\/p>\n<p style=\"text-align: justify;\">Bug\u00fcnlerin k\u0131ymetinin bilinmesi gerekti\u011fini ifade eden G\u00fcl, &#8220;Bayramlarda herkesin sevgiyle, sayg\u0131yla, birbirini kucaklamas\u0131 laz\u0131m. \u0130nan\u0131yorum ki, b\u00f6yle olacakt\u0131r. T\u00fcm milletimin, halk\u0131m\u0131n bayram\u0131n\u0131 kutluyorum&#8221; dedi.<\/p>\n<p style=\"text-align: justify;\">G\u00fcl, bas\u0131n mensuplar\u0131n\u0131n bayram\u0131n\u0131 da tebrik etti. Cumhurba\u015fkan\u0131 G\u00fcl daha sonra vatanda\u015flar\u0131n alk\u0131\u015flar\u0131 e\u015fli\u011finde camiden ayr\u0131ld\u0131. Bayram namaz\u0131nda Cumhurba\u015fkan\u0131 G\u00fcl&#8217;e, \u0130stanbul Valisi Muammer G\u00fcler ve Emniyet M\u00fcd\u00fcr\u00fc H\u00fcseyin \u00c7apk\u0131n e\u015flik etti.<\/p>\n<p style=\"text-align: justify;\"><strong><em>Ba\u015fbakan Recep Tayyip Erdo\u011fan:<\/em><\/strong><\/p>\n<p style=\"text-align: justify;\">Ba\u015fbakan da bayram namaz\u0131n\u0131 Fatih&#8217;teki \u015eehzadeba\u015f\u0131 Camisi&#8217;nde k\u0131ld\u0131. Bayram namaz\u0131n\u0131 k\u0131ld\u0131ktan sonra cemaatle de bayramla\u015fan Erdo\u011fan, cami \u00e7\u0131k\u0131\u015f\u0131nda yapt\u0131\u011f\u0131 a\u00e7\u0131klamada, rahmet ve bereket ay\u0131 olan ramazan\u0131 geride b\u0131rakmaktan dolay\u0131 h\u00fcz\u00fcnl\u00fc olduklar\u0131n\u0131, bunun yan\u0131nda bayrama ula\u015fman\u0131n da sevincini ya\u015fad\u0131klar\u0131n\u0131 s\u00f6yledi.<\/p>\n<p style=\"text-align: justify;\">Bayramlar\u0131n, bar\u0131\u015f\u0131n, sevginin, karde\u015fli\u011fin, dayan\u0131\u015fman\u0131n \u00f6zellikle ramazan ay\u0131nda payla\u015f\u0131m\u0131n ger\u00e7ekle\u015fti\u011fi bir ay oldu\u011funu dile getiren Ba\u015fbakan Erdo\u011fan, bu ay i\u00e7inde \u00f6zellikle varl\u0131k sahibi olanlar\u0131n yoksullu\u011fun ve yoksunlu\u011fun ne demek oldu\u011funu daha iyi anlama f\u0131rsat\u0131n\u0131 bulduklar\u0131na inand\u0131klar\u0131na kaydetti.<\/p>\n<p style=\"text-align: justify;\">Erdo\u011fan bu anlay\u0131\u015fla bayrama ula\u015ft\u0131klar\u0131n\u0131 vurgulayarak, &#8220;Ama \u00e7ok farkl\u0131 bir d\u00f6nemden ge\u00e7iyoruz. Bu s\u0131k\u0131nt\u0131l\u0131 d\u00f6nemde temennim odur ki; ramazan bayram\u0131n\u0131n bar\u0131\u015f, sevgi, dayan\u0131\u015fma ikliminde, \u00fclkemizin birli\u011fi, beraberli\u011fi, karde\u015fli\u011fi i\u00e7in el ele vermek suretiyle, \u00fclkemizi ayd\u0131nl\u0131k yar\u0131nlara ta\u015f\u0131man\u0131n da mutlulu\u011funu, hep birlikte ya\u015far\u0131z. Bunun gayreti i\u00e7inde olmal\u0131y\u0131z. Bu da tek tarafl\u0131 olmaz. Hep birlikte yapmam\u0131z gereken i\u015fler, atmam\u0131z gereken ad\u0131mlar var. Bu duygularla t\u00fcm milletimin, \u0130slam aleminin ramazan bayram\u0131n\u0131 tebrik ediyorum. \u0130nsanl\u0131\u011f\u0131n bar\u0131\u015f\u0131na, dayan\u0131\u015fmas\u0131na vesile olmas\u0131n\u0131 temenni ediyorum&#8221; dedi.<\/p>\n<p style=\"text-align: justify;\"><strong><em>MHP Genel Ba\u015fkan\u0131 Devlet Bah\u00e7eli:<\/em><\/strong><\/p>\n<p style=\"text-align: justify;\">Bah\u00e7eli ise Ramazan Bayram\u0131 namaz\u0131n\u0131 Gazi Merkez Camisi&#8217;nde k\u0131ld\u0131. Bah\u00e7eli, camiden ayr\u0131l\u0131rken vatanda\u015flarla bayramla\u015ft\u0131 ve cami i\u00e7in yard\u0131m yapt\u0131.<\/p>\n<p style=\"text-align: justify;\">Bah\u00e7eli, daha sonra, MHP Bursa Milletvekili Hamit Homri\u015f ve baz\u0131 partililer ile partisinin kurucu Genel Ba\u015fkan\u0131 Alparslan T\u00fcrke\u015f&#8217;in Be\u015ftepe&#8217;deki mezar\u0131n\u0131 ziyaret etti.<\/p>\n<p style=\"text-align: justify;\">T\u00fcrke\u015f&#8217;in mezar\u0131na k\u0131rm\u0131z\u0131 ve beyaz renkte karanfiller b\u0131rakan, mezar\u0131 sulayan ve dua eden Devlet Bah\u00e7eli, mezarl\u0131\u011f\u0131n g\u00fcvenlik g\u00f6revlileriyle de bayramla\u015ft\u0131.<\/p>\n<p style=\"text-align: justify;\"><strong><em>Devlet Bakan\u0131 ve Ba\u015fbakan Yard\u0131mc\u0131s\u0131 B\u00fclent Ar\u0131n\u00e7 ve \u0130\u00e7i\u015fleri Bakan\u0131 Be\u015fir Atalay:<\/em><\/strong><\/p>\n<p style=\"text-align: justify;\">Ar\u0131n\u00e7 ve Atalay, Kocatepe Camisi&#8217;nde bayram namaz\u0131 k\u0131ld\u0131. Ankaral\u0131lar, erken saatlerden itibaren bayram namazlar\u0131n\u0131 k\u0131lmak \u00fczere Kocatepe Camisi&#8217;ne geldi.<\/p>\n<p style=\"text-align: justify;\">Devlet Bakan\u0131 ve Ba\u015fbakan Yard\u0131mc\u0131s\u0131 Ar\u0131n\u00e7 ile \u0130\u00e7i\u015fleri Bakan\u0131 Atalay da bayram namaz\u0131n\u0131 Kocatepe Camisi&#8217;nde k\u0131ld\u0131. Ar\u0131n\u00e7 ve Atalay, namaz\u0131n ard\u0131ndan cemaatle bayramla\u015ft\u0131. Ar\u0131n\u00e7, namaz\u0131n ard\u0131ndan gazetecilerin Ramazan Bayram\u0131&#8217;n\u0131 da kutlad\u0131.<\/p>\n<p style=\"text-align: justify;\"><strong><em>D\u0131\u015fi\u015fleri Bakan\u0131 Ahmet Davuto\u011flu ile Saadet Partisi Genel Ba\u015fkan\u0131 Numan Kurtulmu\u015f:<\/em><\/strong><\/p>\n<p style=\"text-align: justify;\">\u0130ki lider bayram namaz\u0131n\u0131 Fatih Camisi&#8217;nde k\u0131ld\u0131. Camiden ayr\u0131l\u0131rken vatanda\u015flarla bayramla\u015fan D\u0131\u015fi\u015fleri Bakan\u0131 Davuto\u011flu ve Saadet Partisi Genel Ba\u015fkan\u0131 Kurtulmu\u015f, cami avlusundaki Fatih Sultan Mehmet Han&#8217;\u0131n t\u00fcrbesini de ziyaret etti.<\/p>\n<p style=\"text-align: justify;\">Davuto\u011flu, Ramazan Bayram\u0131&#8217;n\u0131n b\u00fct\u00fcn \u0130slam alemi i\u00e7in hay\u0131rlara vesile olmas\u0131n\u0131 diledi\u011fini belirtti.<\/p>\n<p style=\"text-align: justify;\"><span style=\"color: #888888;\">CNN T\u00dcRK<\/span><\/p>\n","protected":false},"excerpt":{"rendered":"<p style=\"text-align: center;\">\n<p style=\"text-align: justify;\">Siyasiler bayram\u0131n ilk g\u00fcn\u00fcne bayram namaz\u0131 k\u0131larak ba\u015flad\u0131. Liderler halka da bar\u0131\u015f mesajlar\u0131 verdi.<\/p>\n<p style=\"text-align: justify;\">Cumhurba\u015fkan\u0131 Abdullah G\u00fcl:<\/p>\n<p style=\"text-align: justify;\">G\u00fcl bayram namaz\u0131n\u0131 Sultanahmet Camisi&#8217;nde k\u0131ld\u0131. G\u00fcl, bayram namaz\u0131 i\u00e7in o\u011flu Mehmet Emre ile camiye geldi. Burada bayram namaz\u0131n\u0131 k\u0131lan G\u00fcl, cami i\u00e7erisinde cemaat ile bayramla\u015ft\u0131.<\/p>\n<p style=\"text-align: justify;\">Cami <\/p>\n","protected":false},"author":1,"featured_media":0,"comment_status":"open","ping_status":"closed","sticky":false,"template":"","format":"standard","meta":{"footnotes":""},"categories":[105],"tags":[],"class_list":["post-14782","post","type-post","status-publish","format-standard","hentry","category-gundem","odd"],"_links":{"self":[{"href":"http:\/\/www.korhanyilmaz.com\/index.php?rest_route=\/wp\/v2\/posts\/14782","targetHints":{"allow":["GET"]}}],"collection":[{"href":"http:\/\/www.korhanyilmaz.com\/index.php?rest_route=\/wp\/v2\/posts"}],"about":[{"href":"http:\/\/www.korhanyilmaz.com\/index.php?rest_route=\/wp\/v2\/types\/post"}],"author":[{"embeddable":true,"href":"http:\/\/www.korhanyilmaz.com\/index.php?rest_route=\/wp\/v2\/users\/1"}],"replies":[{"embeddable":true,"href":"http:\/\/www.korhanyilmaz.com\/index.php?rest_route=%2Fwp%2Fv2%2Fcomments&post=14782"}],"version-history":[{"count":0,"href":"http:\/\/www.korhanyilmaz.com\/index.php?rest_route=\/wp\/v2\/posts\/14782\/revisions"}],"wp:attachment":[{"href":"http:\/\/www.korhanyilmaz.com\/index.php?rest_route=%2Fwp%2Fv2%2Fmedia&parent=14782"}],"wp:term":[{"taxonomy":"category","embeddable":true,"href":"http:\/\/www.korhanyilmaz.com\/index.php?rest_route=%2Fwp%2Fv2%2Fcategories&post=14782"},{"taxonomy":"post_tag","embeddable":true,"href":"http:\/\/www.korhanyilmaz.com\/index.php?rest_route=%2Fwp%2Fv2%2Ftags&post=14782"}],"curies":[{"name":"wp","href":"https:\/\/api.w.org\/{rel}","templated":true}]}}