{"id":14779,"date":"2009-09-20T15:29:40","date_gmt":"2009-09-20T12:29:40","guid":{"rendered":"http:\/\/www.korhanyilmaz.com\/?p=14779"},"modified":"2009-09-20T15:29:40","modified_gmt":"2009-09-20T12:29:40","slug":"turkiye-sehitlerine-kostu","status":"publish","type":"post","link":"http:\/\/www.korhanyilmaz.com\/?p=14779","title":{"rendered":"T\u00fcrkiye \u015fehitlerine ko\u015ftu"},"content":{"rendered":"<p style=\"text-align: center;\"><a href=\"http:\/\/www.korhanyilmaz.com\/wp-content\/uploads\/2009\/09\/SEH\u0130T.jpg\"  class=\"lightview\"><img loading=\"lazy\" decoding=\"async\" class=\"aligncenter size-full wp-image-14780\" src=\"http:\/\/www.korhanyilmaz.com\/wp-content\/uploads\/2009\/09\/SEH\u0130T.jpg\" alt=\"\" width=\"307\" height=\"236\" \/><\/a><\/p>\n<p style=\"text-align: justify;\">Ramazan Bayram\u0131n\u0131n ilk g\u00fcn\u00fc \u015fehitlikler yine doldu ta\u015ft\u0131. T\u00fcrkiye&#8217;nin d\u00f6rt bir yan\u0131ndaki \u015fehitlikler ziyaret\u00e7i ak\u0131n\u0131na u\u011frad\u0131&#8230; Bu bayram da T\u00fcrkiye \u015fehitlerini unutmad\u0131&#8230;<\/p>\n<p style=\"text-align: justify;\">G\u00fcl bah\u00e7esine d\u00f6nen Edirnekap\u0131 \u015eehitli\u011fi&#8217;nde \u015fehit anne ve babalar\u0131 o\u011fullar\u0131n\u0131 ziyaret etmek i\u00e7in mezarlar\u0131 ba\u015f\u0131na ak\u0131n etti.<\/p>\n<p style=\"text-align: justify;\">Anne ve babalar\u0131n ac\u0131lar\u0131 yine \u00e7ok b\u00fcy\u00fckt\u00fc. O\u011flunu 206 y\u0131l\u0131nda A\u011fr\u0131 Do\u011fubeyaz\u0131t&#8217;ta \u015fehit veren anne Zinnet Y\u0131lmaz, Kadir gecesi o\u011flunun mezar\u0131na geldi\u011fini ve  mezar\u0131 bayrama haz\u0131rlad\u0131\u011f\u0131n\u0131 kaydetti. <!--more--><\/p>\n<p style=\"text-align: justify;\">Ac\u0131s\u0131n\u0131n hala \u00e7ok taze oldu\u011funu s\u00f6yleyen anne Y\u0131lmaz&#8217;\u0131n, &#8220;Geliriz biz onlar\u0131 unutmad\u0131k; hi\u00e7bir zaman unutmayaca\u011f\u0131z. O benim ilk o\u011flumdu. \u0130lk annelik duygusunu onda tatt\u0131m; fakat kara topraklara verdim o\u011flumu&#8221; s\u00f6zleri y\u00fcrekleri par\u00e7alad\u0131.<\/p>\n<p style=\"text-align: justify;\">Anne Y\u0131lmaz Galatasarayl\u0131 olan o\u011flunun mezar\u0131na da sar\u0131 k\u0131rm\u0131z\u0131 karanfiller b\u0131rakt\u0131.<\/p>\n<p style=\"text-align: justify;\"><em><strong>&#8220;Bu vatan hepimizin&#8221; <\/strong><\/em><\/p>\n<p style=\"text-align: justify;\">O\u011flu Mehmet Caner Mert&#8217;i Temmuz ay\u0131nda Trabzon&#8217;da \u015fehit veren anne G\u00fclbahar Mert ise, siyasilere \u00f6nemli mesajlar verdi.<\/p>\n<p style=\"text-align: justify;\">Mert, &#8220;Bu vatan hepmizin. Kimse b\u00f6lmeye \u00e7al\u0131\u015fmas\u0131n bu vatan\u0131. Mezarl\u0131klara bak\u0131n ayr\u0131cal\u0131kl\u0131 var m\u0131? Herkes bir. Hepimiz ayn\u0131 yerde yat\u0131yoruz. Vatan\u0131m\u0131z\u0131 b\u00f6lmeye \u00e7al\u0131\u015fmas\u0131nlar. E\u011fer birlikte kazand\u0131ysak, birlikte de sahip \u00e7\u0131kaca\u011f\u0131z. Herkesin \u00e7ocu\u011fu 15 ay askerlik yaps\u0131n. Benim \u00e7ocu\u011fum fakir diye mi 15 ay askerlik yap\u0131yor ? Pa\u015fan\u0131n \u00e7ocu\u011fu da Ba\u015fbakan\u0131n \u00e7ocu\u011fu da yaps\u0131n. 21 g\u00fcn yapmas\u0131n.&#8221; diye konu\u015ftu.<\/p>\n<p style=\"text-align: justify;\"><strong><em>Ne a\u00e7\u0131l\u0131m\u0131? <\/em><\/strong><\/p>\n<p style=\"text-align: justify;\">\u015eehit Mehmet Caner Mert&#8217;in amcas\u0131 Haydar Mert ise, K\u00fcrt a\u00e7\u0131l\u0131m\u0131yla ilgili siyasilere mesaj yollad\u0131.<\/p>\n<p style=\"text-align: justify;\">Mert, &#8220;K\u00fcrt a\u00e7\u0131l\u0131m\u0131 T\u00fcrk a\u00e7\u0131l\u0131m\u0131 diye bir olay var m\u0131 ? Sonu\u00e7ta hepimiz ayn\u0131 bayra\u011f\u0131 ayn\u0131 kan\u0131 ta\u015f\u0131yoruz. Bu K\u00fcrt a\u00e7\u0131l\u0131m\u0131 nedir? Sonu\u00e7ta K\u00fcrt de T\u00fcrk de yap\u0131yor askerli\u011fini. Ama bir ayr\u0131mc\u0131l\u0131k yap\u0131l\u0131yor. Zenginin \u00e7ocu\u011fu pa\u015fan\u0131n \u00e7ocu\u011fu askerli\u011fe gitmiyor. Onlar da 9 ayl\u0131k fakir \u00e7ocu\u011fu da 9 ayl\u0131k.  Askere de\u011fer verilsin es ge\u00e7ilmesin&#8221; dedi.<\/p>\n<p style=\"text-align: justify;\"><strong><em>Y\u00fcrekleri da\u011flayan anne feryad\u0131 <\/em><\/strong><\/p>\n<p style=\"text-align: justify;\">O\u011flu Turan Damgac\u0131&#8217;y\u0131 8 ay \u00f6nce \u015e\u0131rnak Cizre&#8217;de \u015fehit veren anne Elmas Damgac\u0131 \u015fehit olan o\u011flunun ac\u0131s\u0131na daha fazla dayanamad\u0131 ve sinir krizi ge\u00e7irdi. &#8220;Benim can\u0131m\u0131 yakt\u0131lar; canlar\u0131 yans\u0131n. Annesinin bir tanesiydi o. Turan\u0131ms\u0131z ne yapar\u0131m? O \u00d6calan&#8217;\u0131 bir \u00e7\u0131kars\u0131nlar Ba\u015fbakan\u0131n yan\u0131na gidece\u011fim. Nas\u0131l k\u0131yd\u0131lar bunlara? Yeter dayanam\u0131yorum&#8221; diye feryat eden anne Elmas Damgac\u0131 uzun s\u00fcre kendine gelemedi.<\/p>\n<p style=\"text-align: justify;\">O\u011fullar\u0131 \u00d6nder Murato\u011flu&#8217;nu 13 ay \u00f6nce Erzincan Kemah&#8217;ta \u015fehit veren anne Zeynep Murato\u011flu ile baba Nuri Murato\u011flu da K\u00fcrt a\u00e7\u0131l\u0131m\u0131na tepkilerini dile getirdi.<\/p>\n<p style=\"text-align: justify;\"><strong><em>\u015eehidin bayram mesaj\u0131 <\/em><\/strong><\/p>\n<p style=\"text-align: justify;\">\u015eehit Turan Topal&#8217;\u0131n mezar\u0131 ba\u015f\u0131nda yazan \u015fiir ise \u015fehitlerin ailelerine g\u00f6nderdi\u011fi bayram mesaj\u0131 gibiydi: &#8220;G\u00fcn gelir bayram olunca, kalpler sevgiyle dolunca, herkes evlad\u0131yla olursa, ellere bak\u0131p da a\u011flama anam&#8221; s\u00f6zleri \u015fehit ailelerini duyguland\u0131rd\u0131.<\/p>\n<p style=\"text-align: justify;\"><strong><em>DTP&#8217;liler ter\u00f6ristlerin mezarlar\u0131n\u0131 ziyaret etti <\/em><\/strong><\/p>\n<p style=\"text-align: justify;\">Hakkari&#8217;de DTP&#8217;li Belediye Ba\u015fkan\u0131 Fad\u0131l Bedirhano\u011flu ve DTP il Ba\u015fkan\u0131 Hifzullah Kansu&#8217;nun da aralar\u0131nda bulundu\u011fu 2 bin ki\u015filik bir grup, bayram namaz\u0131n\u0131n ard\u0131ndan toplu olarak ge\u00e7en hafta \u00e7at\u0131\u015fmada \u00f6ld\u00fcr\u00fclen ve Keklikp\u0131nar mahallesinde topra\u011fa verilen 2 PKK&#8217;l\u0131 ter\u00f6ristin mezar\u0131n\u0131 ziyaret etti.<\/p>\n<p style=\"text-align: justify;\">DTP&#8217;li Belediye Ba\u015fkan\u0131 Bedirhano\u011flu, okudu\u011fu K\u00fcrt\u00e7e duadan sonra, toplu olarak 5 PKK&#8217;l\u0131 ter\u00f6ristin cenazesinin bekletildi\u011fi Devlet Hastanesi Morgu \u00f6n\u00fcne g\u00fcl atarak bar\u0131\u015f istedi.<\/p>\n<p style=\"text-align: justify;\"><span style=\"color: #888888;\">CNN T\u00dcRK<\/span><\/p>\n","protected":false},"excerpt":{"rendered":"<p style=\"text-align: center;\">\n<p style=\"text-align: justify;\">Ramazan Bayram\u0131n\u0131n ilk g\u00fcn\u00fc \u015fehitlikler yine doldu ta\u015ft\u0131. T\u00fcrkiye&#8217;nin d\u00f6rt bir yan\u0131ndaki \u015fehitlikler ziyaret\u00e7i ak\u0131n\u0131na u\u011frad\u0131&#8230; Bu bayram da T\u00fcrkiye \u015fehitlerini unutmad\u0131&#8230;<\/p>\n<p style=\"text-align: justify;\">G\u00fcl bah\u00e7esine d\u00f6nen Edirnekap\u0131 \u015eehitli\u011fi&#8217;nde \u015fehit anne ve babalar\u0131 o\u011fullar\u0131n\u0131 ziyaret etmek i\u00e7in mezarlar\u0131 ba\u015f\u0131na ak\u0131n etti.<\/p>\n<p style=\"text-align: justify;\">Anne ve babalar\u0131n ac\u0131lar\u0131 yine \u00e7ok b\u00fcy\u00fckt\u00fc. <\/p>\n","protected":false},"author":1,"featured_media":0,"comment_status":"open","ping_status":"closed","sticky":false,"template":"","format":"standard","meta":{"footnotes":""},"categories":[7],"tags":[],"class_list":["post-14779","post","type-post","status-publish","format-standard","hentry","category-ekonomi","odd"],"_links":{"self":[{"href":"http:\/\/www.korhanyilmaz.com\/index.php?rest_route=\/wp\/v2\/posts\/14779","targetHints":{"allow":["GET"]}}],"collection":[{"href":"http:\/\/www.korhanyilmaz.com\/index.php?rest_route=\/wp\/v2\/posts"}],"about":[{"href":"http:\/\/www.korhanyilmaz.com\/index.php?rest_route=\/wp\/v2\/types\/post"}],"author":[{"embeddable":true,"href":"http:\/\/www.korhanyilmaz.com\/index.php?rest_route=\/wp\/v2\/users\/1"}],"replies":[{"embeddable":true,"href":"http:\/\/www.korhanyilmaz.com\/index.php?rest_route=%2Fwp%2Fv2%2Fcomments&post=14779"}],"version-history":[{"count":0,"href":"http:\/\/www.korhanyilmaz.com\/index.php?rest_route=\/wp\/v2\/posts\/14779\/revisions"}],"wp:attachment":[{"href":"http:\/\/www.korhanyilmaz.com\/index.php?rest_route=%2Fwp%2Fv2%2Fmedia&parent=14779"}],"wp:term":[{"taxonomy":"category","embeddable":true,"href":"http:\/\/www.korhanyilmaz.com\/index.php?rest_route=%2Fwp%2Fv2%2Fcategories&post=14779"},{"taxonomy":"post_tag","embeddable":true,"href":"http:\/\/www.korhanyilmaz.com\/index.php?rest_route=%2Fwp%2Fv2%2Ftags&post=14779"}],"curies":[{"name":"wp","href":"https:\/\/api.w.org\/{rel}","templated":true}]}}