{"id":14775,"date":"2009-09-20T19:35:30","date_gmt":"2009-09-20T16:35:30","guid":{"rendered":"http:\/\/www.korhanyilmaz.com\/?p=14775"},"modified":"2009-09-20T19:35:30","modified_gmt":"2009-09-20T16:35:30","slug":"erdogan-hasim-degil-hisim-olalim","status":"publish","type":"post","link":"http:\/\/www.korhanyilmaz.com\/?p=14775","title":{"rendered":"Erdo\u011fan: &#039;Has\u0131m de\u011fil, h\u0131s\u0131m olal\u0131m&#039;"},"content":{"rendered":"<p style=\"text-align: center;\"><a href=\"http:\/\/www.korhanyilmaz.com\/wp-content\/uploads\/2009\/09\/erdogan.jpg\"  class=\"lightview\"><img loading=\"lazy\" decoding=\"async\" class=\"aligncenter size-full wp-image-14776\" src=\"http:\/\/www.korhanyilmaz.com\/wp-content\/uploads\/2009\/09\/erdogan.jpg\" alt=\"\" width=\"307\" height=\"236\" \/><\/a><\/p>\n<p style=\"text-align: justify;\">Ba\u015fbakan Recep Tayyip Erdo\u011fan \u0130stanbul&#8217;da AK Parti \u0130l Ba\u015fkanl\u0131\u011f\u0131&#8217;n\u0131n bayramla\u015fma program\u0131nda konu\u015ftu. G\u00fcndeminde yine a\u00e7\u0131l\u0131m \u00e7al\u0131\u015fmalar\u0131 olan Erdo\u011fan &#8220;Birbirimize has\u0131m de\u011fil h\u0131s\u0131m olursak, yar\u0131nlar daha ayd\u0131nl\u0131k olacak&#8221; dedi. Ba\u015fbakan Erdo\u011fan AK Parti&#8217;nin t\u00fcm diyalog giri\u015fimlerini reddeden muhalefeti ise sert bir dille ele\u015ftirdi.<\/p>\n<p style=\"text-align: justify;\">AK Parti \u0130stanbul \u0130l Ba\u015fkanl\u0131\u011f\u0131nca S\u00fctl\u00fcce Kongre K\u00fclt\u00fcr Merkezinde d\u00fczenlenen bayramla\u015fma t\u00f6reninde konu\u015fan Erdo\u011fan, bu bulu\u015fman\u0131n te\u015fkilat bilincinin bir \u00f6rne\u011fi oldu\u011funu ifade etti. <!--more--><\/p>\n<p style=\"text-align: justify;\">Erdo\u011fan, ramazan ay\u0131 boyunca yo\u011fun \u015fekilde ya\u015fad\u0131klar\u0131 ve ya\u015fatt\u0131klar\u0131 payla\u015fma, dayan\u0131\u015fma hissinin bayramda doruk noktas\u0131na ula\u015ft\u0131\u011f\u0131n\u0131 aktard\u0131.<\/p>\n<p style=\"text-align: justify;\">Ba\u015fbakan Erdo\u011fan, &#8220;\u0130n\u015fallah ya\u015fad\u0131\u011f\u0131m\u0131z bayram sevinci, do\u011frudan do\u011fruya b\u00fct\u00fcn insanlar\u0131m\u0131z\u0131n g\u00f6nl\u00fcne, kalbine sirayet eder. \u0130n\u015fallah bu mutluluk do\u011frudan do\u011fruya analar\u0131n, babalar\u0131n, \u00e7ocuklar\u0131 y\u00fcz\u00fcne yans\u0131r. \u0130n\u015fallah bu bayram y\u00fcreklerdeki yang\u0131nlara su serper. G\u00f6n\u00fcllerdeki hasretleri dindirir. Bir u\u00e7tan bir uca \u00fclkemizdeki b\u00fct\u00fcn ocaklar\u0131n, b\u00fct\u00fcn yuvalar\u0131n \u015fenlenmesine vesile olur&#8221; dedi.<\/p>\n<p style=\"text-align: justify;\">&#8220;E\u011fer demokratik a\u00e7\u0131l\u0131m diyorsak, bir milli birlik projesi diyorsak \u00e7at\u0131\u015fmay\u0131 de\u011fil, uzla\u015fmay\u0131 esas al\u0131yoruz. \u0130htilaflar\u0131 de\u011fil, ittifak noktalar\u0131m\u0131z\u0131 g\u00fc\u00e7lendiriyoruz&#8221; diyen Ba\u015fbakan, &#8220;K\u00fcllenmi\u015f husumetleri, kabuk ba\u011flam\u0131\u015f yaralar\u0131, kin ve nefret ate\u015flerini canland\u0131rmak hi\u00e7 birimize yarar sa\u011flamaz. Bizim ortak menfaatlerimiz, bar\u0131\u015f karde\u015flik ve sevgi p\u0131narlar\u0131n\u0131 g\u00fcrle\u015ftirmektedir. Birbirimize kar\u015f\u0131 \u00f6n yarg\u0131lar\u0131 k\u0131rmak durumunday\u0131z. Birbirimizi kamplara ay\u0131rmaktan vazge\u00e7ersek, birbirimize has\u0131m de\u011fil, birbirimize h\u0131s\u0131m olabilirsek inan\u0131yorum ki T\u00fcrkiye&#8217;nin yar\u0131nlar\u0131 d\u00fcnden de bug\u00fcnk\u00fcnden \u00e7ok daha parlak \u00e7ok daha ayd\u0131nl\u0131k olacakt\u0131r&#8221; ifadelerini kulland\u0131.<\/p>\n<p style=\"text-align: justify;\"><strong><em>&#8220;AK Parti&#8217;ye b\u00f6l\u00fcc\u00fc damgas\u0131 yak\u0131\u015ft\u0131ramazs\u0131n\u0131z&#8221; <\/em><\/strong><\/p>\n<p style=\"text-align: justify;\">Ba\u015fbakan Erdo\u011fan, kimsenin AK Parti&#8217;ye b\u00f6l\u00fcc\u00fc damgas\u0131n\u0131 yak\u0131\u015ft\u0131ramayaca\u011f\u0131n\u0131 belirterek, &#8221;\u015eimdi bize bu yak\u0131\u015ft\u0131rmay\u0131 yapanlara soruyoruz; Siz T\u00fcrkiye&#8217;nin ka\u00e7 vilayetinde vars\u0131n\u0131z, siz T\u00fcrkiye&#8217;nin ka\u00e7 vilayetinden milletvekili \u00e7\u0131kard\u0131n\u0131z?&#8221; dedi.<\/p>\n<p style=\"text-align: justify;\">&#8221;Sorunlar\u0131m\u0131z, dertlerimiz, eksikliklerimiz var. Her \u015feyi bitirdik, \u00e7\u00f6zd\u00fck, hallettik iddias\u0131nda de\u011filiz. Ama bu sorunlar\u0131 \u00e7\u00f6zecek, bu s\u0131k\u0131nt\u0131lar\u0131 ve eksiklikleri giderecek azmimiz, inanc\u0131m\u0131z var&#8221; diyen Erdo\u011fan, &#8220;Allah&#8217;\u0131n izniyle a\u015famayaca\u011f\u0131m\u0131z  hi\u00e7bir zorluk yoktur. Bunun da b\u00f6yle bilinmesini istiyorum. Yeter ki g\u00f6n\u00fcl ba\u011flar\u0131m\u0131z\u0131 sa\u011flam tutal\u0131m, yeter ki umutsuzlu\u011fa, karamsarl\u0131\u011fa zerre kadar prim vermeyelim. Yeter ki birbirimize g\u00fcvenimizden, kendimize g\u00fcvenimizden en ufak bir taviz vermeyelim&#8221; \u015feklinde konu\u015ftu.<\/p>\n<p style=\"text-align: justify;\"><strong><em>Muhalefete ele\u015ftiri <\/em><\/strong><\/p>\n<p style=\"text-align: justify;\">Ba\u015fbakan Erdo\u011fan, &#8221;Bir &#8216;milli birlik projesi&#8217; dedik. Bunu &#8216;demokratik a\u00e7\u0131l\u0131m&#8217; s\u00fcrecinde ger\u00e7ekle\u015ftirece\u011fimizi konu\u015ftuk. Ama bak\u0131yorsunuz ki, tabi ki s\u0131fat\u0131 muhalefet olanlar buna muhalefet ediyorlar. Beyaza siyah demenin gayretindeler. Siyaha beyaz demenin gayretiyle muhalefet ediyorlar. &#8216;Hadi gelin bunu g\u00f6r\u00fc\u015felim&#8217; dedi\u011fimiz zaman, &#8216;Hay\u0131r, sizinle g\u00f6r\u00fc\u015fmeyiz&#8217; diyorlar. &#8216;G\u00f6r\u00fc\u015felim, ondan sonra gerekeni yap\u0131n&#8217;, &#8216;hay\u0131r g\u00f6r\u00fc\u015fmeyiz&#8217;&#8230; G\u00f6r\u00fc\u015f\u00fclmeden, neyin ne oldu\u011funu bilmeden nas\u0131l olur da bunu hemen damgal\u0131yorsunuz. A\u00e7\u0131kland\u0131 m\u0131? &#8216;Bir \u015fey yok&#8217;. Ne var bunun i\u00e7eri\u011finde biliyor musunuz? Verecekleri cevap &#8216;yok&#8217;. Sadece s\u00f6yledikleri &#8216;Siz T\u00fcrkiye&#8217;yi b\u00f6l\u00fcyorsunuz&#8217;. Bu ifadeyi kullananlard\u0131r bu \u00fclkede b\u00f6l\u00fcc\u00fc olanlar&#8221; dedi.<\/p>\n<p style=\"text-align: justify;\">&#8220;Ey CHP, sen nerede vars\u0131n, ey MHP sen nerede vars\u0131n, ey DTP sen nerede vars\u0131n? Peki bu tablo nas\u0131l oldu? \u00c7\u00fcnk\u00fc biz milletimizin genelini seviyoruz, genelini kucakl\u0131yoruz. Ay\u0131r\u0131m yok. Biz 81 vilayetin 81&#8217;ine gidiyoruz, 780 bin<\/p>\n<p style=\"text-align: justify;\">kilometre karelik vatan topraklar\u0131n tamam\u0131n\u0131 kucakl\u0131yoruz. Fark\u0131m\u0131z bu. Gitmedik  yer b\u0131rakmad\u0131k, b\u0131rakm\u0131yoruz, b\u0131rakmayaca\u011f\u0131z da&#8221; ifadelerini kulland\u0131.<\/p>\n<p style=\"text-align: justify;\"><span style=\"color: #888888;\">CNN T\u00dcRK<\/span><\/p>\n","protected":false},"excerpt":{"rendered":"<p style=\"text-align: center;\">\n<p style=\"text-align: justify;\">Ba\u015fbakan Recep Tayyip Erdo\u011fan \u0130stanbul&#8217;da AK Parti \u0130l Ba\u015fkanl\u0131\u011f\u0131&#8217;n\u0131n bayramla\u015fma program\u0131nda konu\u015ftu. G\u00fcndeminde yine a\u00e7\u0131l\u0131m \u00e7al\u0131\u015fmalar\u0131 olan Erdo\u011fan &#8220;Birbirimize has\u0131m de\u011fil h\u0131s\u0131m olursak, yar\u0131nlar daha ayd\u0131nl\u0131k olacak&#8221; dedi. Ba\u015fbakan Erdo\u011fan AK Parti&#8217;nin t\u00fcm diyalog giri\u015fimlerini reddeden muhalefeti ise sert bir dille ele\u015ftirdi.<\/p>\n<p style=\"text-align: justify;\">AK Parti \u0130stanbul \u0130l Ba\u015fkanl\u0131\u011f\u0131nca S\u00fctl\u00fcce <\/p>\n","protected":false},"author":1,"featured_media":0,"comment_status":"open","ping_status":"closed","sticky":false,"template":"","format":"standard","meta":{"footnotes":""},"categories":[105],"tags":[],"class_list":["post-14775","post","type-post","status-publish","format-standard","hentry","category-gundem","odd"],"_links":{"self":[{"href":"http:\/\/www.korhanyilmaz.com\/index.php?rest_route=\/wp\/v2\/posts\/14775","targetHints":{"allow":["GET"]}}],"collection":[{"href":"http:\/\/www.korhanyilmaz.com\/index.php?rest_route=\/wp\/v2\/posts"}],"about":[{"href":"http:\/\/www.korhanyilmaz.com\/index.php?rest_route=\/wp\/v2\/types\/post"}],"author":[{"embeddable":true,"href":"http:\/\/www.korhanyilmaz.com\/index.php?rest_route=\/wp\/v2\/users\/1"}],"replies":[{"embeddable":true,"href":"http:\/\/www.korhanyilmaz.com\/index.php?rest_route=%2Fwp%2Fv2%2Fcomments&post=14775"}],"version-history":[{"count":0,"href":"http:\/\/www.korhanyilmaz.com\/index.php?rest_route=\/wp\/v2\/posts\/14775\/revisions"}],"wp:attachment":[{"href":"http:\/\/www.korhanyilmaz.com\/index.php?rest_route=%2Fwp%2Fv2%2Fmedia&parent=14775"}],"wp:term":[{"taxonomy":"category","embeddable":true,"href":"http:\/\/www.korhanyilmaz.com\/index.php?rest_route=%2Fwp%2Fv2%2Fcategories&post=14775"},{"taxonomy":"post_tag","embeddable":true,"href":"http:\/\/www.korhanyilmaz.com\/index.php?rest_route=%2Fwp%2Fv2%2Ftags&post=14775"}],"curies":[{"name":"wp","href":"https:\/\/api.w.org\/{rel}","templated":true}]}}