{"id":14766,"date":"2009-09-20T00:34:40","date_gmt":"2009-09-19T21:34:40","guid":{"rendered":"http:\/\/www.korhanyilmaz.com\/?p=14766"},"modified":"2009-09-20T00:34:40","modified_gmt":"2009-09-19T21:34:40","slug":"polis-okulunun-sorulari-cemaate-mi-gitti","status":"publish","type":"post","link":"http:\/\/www.korhanyilmaz.com\/?p=14766","title":{"rendered":"Polis okulunun sorular\u0131 cemaate mi gitti?"},"content":{"rendered":"<p><img loading=\"lazy\" decoding=\"async\" class=\"aligncenter size-full wp-image-14767\" src=\"http:\/\/www.korhanyilmaz.com\/wp-content\/uploads\/2009\/09\/polis.jpg\" alt=\"\" width=\"292\" height=\"193\" \/><\/p>\n<p style=\"text-align: justify;\">Polis Meslek Y\u00fcksek Okulu&#8217;na giri\u015f s\u0131nav\u0131n\u0131n sorular\u0131 \u00e7al\u0131narak s\u0131navdan \u00f6nce cemaat derhanelerinde \u00f6\u011frencilere da\u011f\u0131t\u0131ld\u0131. Bu iddia, Bursa&#8217;da s\u0131nava giren iki adaya ait. S\u0131navdan \u00f6nce \u00e7al\u0131nan sorulardan 6&#8217;s\u0131n\u0131 g\u00f6rd\u00fcklerini iddia eden iki aday savc\u0131l\u0131\u011fa su\u00e7 duyurusunda bulundu.<\/p>\n<p style=\"text-align: justify;\">Erhan Kabak\u00e7\u0131 ve Mehmet Ba\u015fbu\u011f ge\u00e7en pazar g\u00fcn\u00fc yap\u0131lan ve 61 bin \u00f6\u011frencinin kat\u0131ld\u0131\u011f\u0131 Polis Meslek Y\u00fcksek Okulu s\u0131nav\u0131na giren iki aday.<\/p>\n<p style=\"text-align: justify;\">Kabak\u00e7\u0131 ve Ba\u015fbu\u011fu yakla\u015f\u0131k 1 y\u0131ld\u0131r bu s\u0131nava haz\u0131rlan\u0131yorlard\u0131. S\u0131nava girene kadar da kazanacaklar\u0131na dair umutlar\u0131 vard\u0131. Ancak art\u0131k bu umudu ta\u015f\u0131m\u0131yorlar \u00e7\u00fcnk\u00fc onlara g\u00f6re s\u0131nav \u015faibeli. <!--more--><\/p>\n<p style=\"text-align: justify;\">\u0130ki arkada\u015f\u0131 bu sonuca g\u00f6t\u00fcren \u015fey ise s\u0131navdan iki g\u00fcn \u00f6nce bir arkada\u015flar\u0131ndan ald\u0131klar\u0131 mail. Zira o emailde s\u0131navda sorulan 6 soru vard\u0131.<\/p>\n<p style=\"text-align: justify;\">\u0130ki arkada\u015f konuyu yarg\u0131ya ta\u015f\u0131d\u0131. Savc\u0131l\u0131\u011fa su\u00e7 duyurusunda bulundu.<\/p>\n<p style=\"text-align: justify;\">Kabak\u00e7\u0131 ve Ba\u015fbu\u011f&#8217;un beklentisi \u00d6SYM&#8217;nin s\u0131nav\u0131 iptal etmesi.<\/p>\n<p style=\"text-align: justify;\"><strong><em>TBMM g\u00fcndemine ta\u015f\u0131n\u0131yor <\/em><\/strong><\/p>\n<p style=\"text-align: justify;\">CHP K\u0131rklareli Milletvekili Turgut Dibek, Polis Meslek Y\u00fcksekokulu giri\u015f s\u0131nav sorular\u0131n\u0131n s\u0131zd\u0131r\u0131lmas\u0131 iddialar\u0131n\u0131 TBMM g\u00fcndemine ta\u015f\u0131yaca\u011f\u0131n\u0131, \u0130\u00e7i\u015fleri Bakan\u0131 Be\u015fir Atalay&#8217;\u0131n yan\u0131tlamas\u0131 i\u00e7in soru \u00f6nergesi verece\u011fini s\u00f6yledi.<\/p>\n<p style=\"text-align: justify;\">Milletvekili Dibek, \u0130\u00e7i\u015fleri Bakan\u0131 Be\u015fir Atalay&#8217;\u0131n yan\u0131tlamas\u0131 istemiyle haz\u0131rlad\u0131\u011f\u0131 soru \u00f6nergesinde, Polis Meslek Y\u00fcksek Okulu s\u0131nav\u0131ndan g\u00fcnler \u00f6nce FEM Dershanesi&#8217;nde baz\u0131 adaylara &#8216;deneme testi&#8217; \u015feklinde verildi\u011fi iddia edilen 100 sorunun 85&#8217;i, k\u00fc\u00e7\u00fck de\u011fi\u015fikliklerle s\u0131navda \u00e7\u0131kt\u0131\u011f\u0131n\u0131 \u00f6ne s\u00fcrd\u00fc.<\/p>\n<p style=\"text-align: justify;\">Dibek, s\u0131navdan birka\u00e7 g\u00fcn \u00f6nce dershaneler ve belli \u00e7evrelere ula\u015ft\u0131r\u0131ld\u0131\u011f\u0131 iddia edilen ve \u00d6SYM&#8217;nin s\u0131navdan ancak 2 saat sonra bilgi sahibi oldu\u011fu fotokopi kitap\u00e7\u0131ktaki 100 sorudan 85&#8217;i \u00d6SYM&#8217;nin s\u0131nav\u0131nda yer alan 120 soruyla neredeyse ayn\u0131 oldu\u011funa kaydetti.<\/p>\n<p style=\"text-align: justify;\">Dibek, &#8220;Deneme kitap\u00e7\u0131\u011f\u0131ndaki T\u00fcrk\u00e7e alan\u0131nda yer alan 34 sorunun 19&#8217;u \u00d6SYM&#8217;nin soru kitap\u00e7\u0131\u011f\u0131nda da vard\u0131r. \u0130lgin\u00e7 olan nokta ise k\u00f6kleri ayn\u0131 olan sorularda sadece k\u00fc\u00e7\u00fck de\u011fi\u015fikliklere gidilmi\u015f olmas\u0131d\u0131r. Sorular\u0131n ayn\u0131 merkezden \u00e7\u0131kt\u0131\u011f\u0131n\u0131 d\u00fc\u015f\u00fcnd\u00fcren \u00f6rnekler, kitap\u00e7\u0131klar\u0131n tarih co\u011frafya ve genel k\u00fclt\u00fcr sorular\u0131n\u0131n yer ald\u0131\u011f\u0131 b\u00f6l\u00fcm\u00fcnde yo\u011funla\u015fm\u0131\u015ft\u0131r. Deneme kitap\u00e7\u0131\u011f\u0131ndaki 32 sorunun t\u00fcm\u00fc \u00d6SYM kitap\u00e7\u0131\u011f\u0131nda da yer almaktad\u0131r. Burada da soru k\u00f6kleri ve cevap \u015f\u0131klar\u0131 ayn\u0131d\u0131r. \u0130ki kitap\u00e7\u0131k aras\u0131nda bazen sorunun sorulu\u015f \u015fekli bazen de \u015f\u0131klar\u0131n verili\u015f \u015fekli gibi k\u00fc\u00e7\u00fck de\u011fi\u015fiklikler bulunmaktad\u0131r&#8221; dedi.<\/p>\n<p style=\"text-align: justify;\">S\u0131nava kat\u0131lan \u00f6\u011frencilerden Erkan Kabak\u00e7\u0131 ve Mehmet Ba\u015fba\u011f&#8217;un, Bursa Cumhuriyet Savc\u0131l\u0131\u011f\u0131&#8217;na ba\u015fvurarak arkada\u015flar\u0131n\u0131n s\u0131navdan \u00f6nce \u00e7\u0131kaca\u011f\u0131n\u0131 s\u00f6yledi\u011fi sorular\u0131n s\u0131navda yer ald\u0131\u011f\u0131n\u0131 bildirdi\u011fini hat\u0131rlatan CHP K\u0131rklareli Milletveikili Turgut Dibek, &#8220;Bir dershanenin deneme s\u0131nav\u0131ndaki 85 sorunun Polis Meslek Y\u00fcksekokulu s\u0131navlar\u0131nda \u00f6\u011frencilere sorulan sorular ile neredeyse ayn\u0131 olmas\u0131, s\u0131nav sorular\u0131n\u0131n haz\u0131rland\u0131ktan sonra bir dershaneye servis edildi\u011fi anlam\u0131na gelmez mi?&#8221;diye sordu.<\/p>\n<p style=\"text-align: justify;\"><span style=\"color: #888888;\">CNN T\u00dcRK<\/span><\/p>\n","protected":false},"excerpt":{"rendered":"<\/p>\n<p style=\"text-align: justify;\">Polis Meslek Y\u00fcksek Okulu&#8217;na giri\u015f s\u0131nav\u0131n\u0131n sorular\u0131 \u00e7al\u0131narak s\u0131navdan \u00f6nce cemaat derhanelerinde \u00f6\u011frencilere da\u011f\u0131t\u0131ld\u0131. Bu iddia, Bursa&#8217;da s\u0131nava giren iki adaya ait. S\u0131navdan \u00f6nce \u00e7al\u0131nan sorulardan 6&#8217;s\u0131n\u0131 g\u00f6rd\u00fcklerini iddia eden iki aday savc\u0131l\u0131\u011fa su\u00e7 duyurusunda bulundu.<\/p>\n<p style=\"text-align: justify;\">Erhan Kabak\u00e7\u0131 ve Mehmet Ba\u015fbu\u011f ge\u00e7en pazar g\u00fcn\u00fc yap\u0131lan ve 61 bin \u00f6\u011frencinin kat\u0131ld\u0131\u011f\u0131 <\/p>\n","protected":false},"author":1,"featured_media":0,"comment_status":"open","ping_status":"closed","sticky":false,"template":"","format":"standard","meta":{"footnotes":""},"categories":[105],"tags":[],"class_list":["post-14766","post","type-post","status-publish","format-standard","hentry","category-gundem","odd"],"_links":{"self":[{"href":"http:\/\/www.korhanyilmaz.com\/index.php?rest_route=\/wp\/v2\/posts\/14766","targetHints":{"allow":["GET"]}}],"collection":[{"href":"http:\/\/www.korhanyilmaz.com\/index.php?rest_route=\/wp\/v2\/posts"}],"about":[{"href":"http:\/\/www.korhanyilmaz.com\/index.php?rest_route=\/wp\/v2\/types\/post"}],"author":[{"embeddable":true,"href":"http:\/\/www.korhanyilmaz.com\/index.php?rest_route=\/wp\/v2\/users\/1"}],"replies":[{"embeddable":true,"href":"http:\/\/www.korhanyilmaz.com\/index.php?rest_route=%2Fwp%2Fv2%2Fcomments&post=14766"}],"version-history":[{"count":0,"href":"http:\/\/www.korhanyilmaz.com\/index.php?rest_route=\/wp\/v2\/posts\/14766\/revisions"}],"wp:attachment":[{"href":"http:\/\/www.korhanyilmaz.com\/index.php?rest_route=%2Fwp%2Fv2%2Fmedia&parent=14766"}],"wp:term":[{"taxonomy":"category","embeddable":true,"href":"http:\/\/www.korhanyilmaz.com\/index.php?rest_route=%2Fwp%2Fv2%2Fcategories&post=14766"},{"taxonomy":"post_tag","embeddable":true,"href":"http:\/\/www.korhanyilmaz.com\/index.php?rest_route=%2Fwp%2Fv2%2Ftags&post=14766"}],"curies":[{"name":"wp","href":"https:\/\/api.w.org\/{rel}","templated":true}]}}