{"id":14743,"date":"2009-09-17T14:47:19","date_gmt":"2009-09-17T11:47:19","guid":{"rendered":"http:\/\/www.korhanyilmaz.com\/?p=14743"},"modified":"2009-09-17T14:47:19","modified_gmt":"2009-09-17T11:47:19","slug":"basbakana-bu-komployu-kim-yapti","status":"publish","type":"post","link":"http:\/\/www.korhanyilmaz.com\/?p=14743","title":{"rendered":"Ba\u015fbakan&#039;a Bu Komployu Kim Yapt\u0131?"},"content":{"rendered":"<p><img loading=\"lazy\" decoding=\"async\" class=\"aligncenter size-full wp-image-14742\" src=\"http:\/\/www.korhanyilmaz.com\/wp-content\/uploads\/2009\/09\/komplo.jpg\" alt=\"\" width=\"409\" height=\"223\" \/><\/p>\n<p style=\"text-align: justify;\">Yukar\u0131daki foto\u011fraf\u0131 Habert\u00fcrk\u2019ten ald\u0131k. Ba\u015fbakan\u0131n Be\u015far Esad\u2019\u0131n konu\u011fu oldu\u011fu iftardan al\u0131nan bir foto\u011fraf. \u0130ftarda Ajda Pekkan\u2019dan Biricik Suden\u2019e, Mazhar Alanson\u2019dan Orhan Gencebay\u2019a kadar pek \u00e7ok isim bulunuyordu.<\/p>\n<p style=\"text-align: justify;\">Ancak Ba\u015fbakan konu\u015fmak i\u00e7in k\u00fcrs\u00fcye \u00e7\u0131kt\u0131\u011f\u0131nda sa\u011f \u00fcst taraf\u0131nda bir sembol vard\u0131. Alt\u0131 k\u00f6\u015feli y\u0131ld\u0131z i\u00e7erisinde mavi fon \u00fczerinde tokala\u015fan iki el.<\/p>\n<p style=\"text-align: justify;\">Fark\u0131nda m\u0131 bilinmez ancak bu sembol ba\u015fbakan\u0131 \u00e7ok k\u0131zd\u0131racak. <!--more--><\/p>\n<p style=\"text-align: justify;\">Neden mi?<\/p>\n<p style=\"text-align: justify;\">Odatv olarak daha \u00f6nce dikkat \u00e7ekmi\u015ftik. AKP\u2019den istifa eden eski Devlet Bakan\u0131 Abdulatif \u015eener T\u00fcrkiye Partisi\u2019ni kurmu\u015ftu.<\/p>\n<p style=\"text-align: justify;\">T\u00fcrkiye Partisi\u2019nin amblemi \u015f\u00f6yleydi:<\/p>\n<p><img loading=\"lazy\" decoding=\"async\" class=\"aligncenter size-full wp-image-14744\" src=\"http:\/\/www.korhanyilmaz.com\/wp-content\/uploads\/2009\/09\/komplo2.jpg\" alt=\"\" width=\"299\" height=\"204\" \/><\/p>\n<p style=\"text-align: justify;\">Odatv\u2019de T\u00fcrkiye Partisi\u2019nin kendisini ilan etti\u011fi o g\u00fcnlerde Odatv\u2019de ara\u015ft\u0131rmac\u0131 yazar Salim Meri\u00e7 ve R\u00fc\u015ft\u00fc karaka\u015f bu sembol\u00fcn anlam\u0131n\u0131 anlatm\u0131\u015f ve d\u00fcnyadan \u00f6rnekler vermi\u015fti.<\/p>\n<p style=\"text-align: justify;\"><strong><em>Salim Meri\u00e7, Yahudi mistisizminde yer alan bu sembol ile ilgili \u015f\u00f6yle s\u00f6ylemi\u015fti:<\/em><\/strong><\/p>\n<p style=\"text-align: justify;\">\u201cBu i\u015faretin kayna\u011f\u0131 Yahudilerin kutsal kitab\u0131 say\u0131lan Tevrat\u2019\u0131n uzun a\u00e7\u0131klamas\u0131 olan Tora\u2019d\u0131r. Aaron\u2019un \u201cHarun\u201d un soyundan gelen Kohenler ellerini \u00f6zel olarak tan\u0131mlam\u0131\u015f bir \u015fekilde kald\u0131rarak Yahudi halk\u0131n\u0131 selamlamas\u0131 emredilmi\u015ftir. Eller avu\u00e7lar birbirine girecek \u015fekilde sar\u0131l\u0131r. Tanr\u0131\u2019n\u0131n himayesinin o sar\u0131lm\u0131\u015f eller gibi g\u00f6r\u00fcnd\u00fc\u011f\u00fcnde bile kuvvetli oldu\u011fudur. Yahudilerin d\u00fc\u015fmanlar\u0131na kar\u015f\u0131 Tanr\u0131yla girmi\u015f olduklar\u0131 anla\u015fman\u0131n i\u015faretidir. Nitekim Tevrat\u2019ta \u015f\u00f6yle belirtmektedir. \u2018RAB&#8217;bin azarlamas\u0131ndan, Burnundan \u00e7\u0131kan g\u00fc\u00e7l\u00fc soluktan, Denizin dibi g\u00f6r\u00fcnd\u00fc, Yery\u00fcz\u00fcn\u00fcn temelleri a\u00e7\u0131\u011fa \u00e7\u0131kt\u0131. RAB yukar\u0131dan elini uzat\u0131p tuttu, \u00c7\u0131kard\u0131 beni derin sulardan. Beni zorlu d\u00fc\u015fman\u0131mdan, Benden nefret edenlerden kurtard\u0131, \u00c7\u00fcnk\u00fc onlar benden daha g\u00fc\u00e7l\u00fcyd\u00fc. Tevrat \u2013 Samuel Bap 22\/16,17,18\u2019\u201d<\/p>\n<p style=\"text-align: justify;\">Salim Meri\u00e7, sembol\u00fcn bulundu\u011fu pek \u00e7ok mezar ta\u015f\u0131 \u00f6rne\u011fini Odatv\u2019ye g\u00f6ndermi\u015fti. Mezar ta\u015flar\u0131 d\u00fcnyan\u0131n \u00e7e\u015fitli yerlerinde bulunan Yahudi Mezarl\u0131klar\u0131\u2019nda \u00e7ekilmi\u015fti.<\/p>\n<p><img loading=\"lazy\" decoding=\"async\" class=\"aligncenter size-full wp-image-14745\" src=\"http:\/\/www.korhanyilmaz.com\/wp-content\/uploads\/2009\/09\/komplo3.jpg\" alt=\"\" width=\"360\" height=\"468\" \/><\/p>\n<p style=\"text-align: center;\"><span style=\"color: #888888;\"><em>R\u00fc\u015ft\u00fc Karaka\u015fl\u0131 ise B\u00fclb\u00fclderesi Mezarl\u0131\u011f\u0131\u2019nda sembol\u00fcn ayn\u0131s\u0131n\u0131 Beller Ailesi\u2019nin mezar ta\u015f\u0131nda yakalam\u0131\u015ft\u0131<\/em><\/span><\/p>\n<p style=\"text-align: justify;\">Salim Meri\u00e7, konu \u00fczerine yazd\u0131\u011f\u0131 di\u011fer makalede Teksas Mezarl\u0131\u011f\u0131\u2019ndan pek \u00e7ok \u00f6rnek vermi\u015fti ve \u015funlar\u0131 eklemi\u015fti: \u201cBiraderlerin birbirlerini selamlamalar\u0131.<\/p>\n<p style=\"text-align: justify;\">Bu kadar resim ve bu kadar kayna\u011f\u0131n parti amblemiyle benzemesi tesad\u00fcf olmayacakt\u0131r. Belki bunun bilincindeler yada de\u011filler.Bilincinde olamamalar\u0131 da vahim bir noktad\u0131r. \u0130slamc\u0131 s\u00f6ylevlerle siyaset sahnesinde bu konuma gelen bu kadrolar, zamanla judaize olmu\u015f, oportinizme ve revizyonizme y\u00f6nelmi\u015f olup masonik ve tevratik objeleri kendi partilerinde kullan\u0131r hale gelmi\u015flerdir.Bu \u00e7ok vahim durumdur.Y\u0131llarca m\u00fcsl\u00fcman camia ya abart\u0131lm\u0131\u015f ve sloganla\u015ft\u0131r\u0131lm\u0131\u015f s\u00f6ylevlerle islamc\u0131l\u0131k yapan bu kadrolar bir anda zihniyet de\u011fi\u015ftirmi\u015ftir.Y\u0131llardan beri yay\u0131n organlar\u0131yla ve siyasi olu\u015fumlar\u0131nda masonlu\u011fa kar\u015f\u0131 cephe alan bu olu\u015fumlar, acaba kendilerinin kulland\u0131klar\u0131 objelerin masonik ve tevratik s\u0131rlar ta\u015f\u0131d\u0131\u011f\u0131n\u0131n  fark\u0131nda m\u0131yd\u0131lar? Bu olu\u015fumlar \u0130ktidara gelme h\u0131rs\u0131 sebebiyle belirli kesimlere tavizler vererekten mevcut konumlara gelebilmi\u015flerdir. T\u00fcrkiyede\u2019ki muhafazakar ve islamc\u0131 kesimler ellerine ba\u015f\u0131na koyup bir m\u00fcddet d\u00fc\u015f\u00fcnmeleri gerekmektedir.Zaman\u0131nda  hakka hakim k\u0131l\u0131cam diye ortaya \u00e7\u0131kan bu kadrolar bug\u00fcn hakk\u0131n \u00f6n\u00fcnde en b\u00fcy\u00fck engel te\u015fkil etmektedirler.\u201d<\/p>\n<p style=\"text-align: justify;\">Ba\u015fbakan konu\u015furken arkas\u0131nda beliren T\u00fcrkiye Partisi\u2019nin bu tart\u0131\u015fmal\u0131 amblemini g\u00f6renler birileri Ba\u015fbakan\u2019a komplo mu yapt\u0131 diye sordular.<\/p>\n<p style=\"text-align: center;\"><img loading=\"lazy\" decoding=\"async\" class=\"aligncenter size-full wp-image-14746\" src=\"http:\/\/www.korhanyilmaz.com\/wp-content\/uploads\/2009\/09\/komplo4.jpg\" alt=\"\" width=\"380\" height=\"251\" \/><span style=\"color: #888888;\"><em>Texas State Masonik Mezarl\u0131\u011f\u0131<\/em><\/span><\/p>\n<p style=\"text-align: center;\"><span style=\"color: #888888;\"><em><img loading=\"lazy\" decoding=\"async\" class=\"aligncenter size-full wp-image-14747\" src=\"http:\/\/www.korhanyilmaz.com\/wp-content\/uploads\/2009\/09\/komplo5.jpg\" alt=\"\" width=\"380\" height=\"251\" \/><\/em><\/span><em><span style=\"color: #888888;\">Elmwood Mezarl\u0131\u011f\u0131- Newyork<\/span><\/em><\/p>\n<p style=\"text-align: center;\"><em><span style=\"color: #888888;\"><img loading=\"lazy\" decoding=\"async\" class=\"aligncenter size-full wp-image-14748\" src=\"http:\/\/www.korhanyilmaz.com\/wp-content\/uploads\/2009\/09\/komplo6.jpg\" alt=\"\" width=\"380\" height=\"286\" \/><\/span><span style=\"color: #888888;\">Newyork,Brooklyn Yahudi Mezarl\u0131\u011f\u0131ndan \u201cDavud y\u0131ld\u0131z\u0131n\u0131n i\u00e7inde birbirine Sar\u0131lm\u0131\u015f eller\u201d<\/span><\/em><\/p>\n<p style=\"text-align: justify;\"><span style=\"color: #888888;\"><a href=\"http:\/\/www.odatv.com\/Siyaset\/odatvnin_yaptigi_haber_2300_kere_referans_oldu-16644.html\" target=\"_blank\">Daha Fazlas\u0131 i\u00e7in &gt;&gt; <\/a><\/span><\/p>\n<p style=\"text-align: justify;\"><span style=\"color: #888888;\">Haber Kayna\u011f\u0131 : Odatv.com<\/span><em><span style=\"color: #888888;\"> <\/span><\/em><\/p>\n","protected":false},"excerpt":{"rendered":"<\/p>\n<p style=\"text-align: justify;\">Yukar\u0131daki foto\u011fraf\u0131 Habert\u00fcrk\u2019ten ald\u0131k. Ba\u015fbakan\u0131n Be\u015far Esad\u2019\u0131n konu\u011fu oldu\u011fu iftardan al\u0131nan bir foto\u011fraf. \u0130ftarda Ajda Pekkan\u2019dan Biricik Suden\u2019e, Mazhar Alanson\u2019dan Orhan Gencebay\u2019a kadar pek \u00e7ok isim bulunuyordu.<\/p>\n<p style=\"text-align: justify;\">Ancak Ba\u015fbakan konu\u015fmak i\u00e7in k\u00fcrs\u00fcye \u00e7\u0131kt\u0131\u011f\u0131nda sa\u011f \u00fcst taraf\u0131nda bir sembol vard\u0131. Alt\u0131 k\u00f6\u015feli y\u0131ld\u0131z i\u00e7erisinde mavi fon \u00fczerinde tokala\u015fan iki el.<\/p>\n<p  \n\n","protected":false},"author":1,"featured_media":0,"comment_status":"open","ping_status":"closed","sticky":false,"template":"","format":"standard","meta":{"footnotes":""},"categories":[105],"tags":[],"class_list":["post-14743","post","type-post","status-publish","format-standard","hentry","category-gundem","odd"],"_links":{"self":[{"href":"http:\/\/www.korhanyilmaz.com\/index.php?rest_route=\/wp\/v2\/posts\/14743","targetHints":{"allow":["GET"]}}],"collection":[{"href":"http:\/\/www.korhanyilmaz.com\/index.php?rest_route=\/wp\/v2\/posts"}],"about":[{"href":"http:\/\/www.korhanyilmaz.com\/index.php?rest_route=\/wp\/v2\/types\/post"}],"author":[{"embeddable":true,"href":"http:\/\/www.korhanyilmaz.com\/index.php?rest_route=\/wp\/v2\/users\/1"}],"replies":[{"embeddable":true,"href":"http:\/\/www.korhanyilmaz.com\/index.php?rest_route=%2Fwp%2Fv2%2Fcomments&post=14743"}],"version-history":[{"count":0,"href":"http:\/\/www.korhanyilmaz.com\/index.php?rest_route=\/wp\/v2\/posts\/14743\/revisions"}],"wp:attachment":[{"href":"http:\/\/www.korhanyilmaz.com\/index.php?rest_route=%2Fwp%2Fv2%2Fmedia&parent=14743"}],"wp:term":[{"taxonomy":"category","embeddable":true,"href":"http:\/\/www.korhanyilmaz.com\/index.php?rest_route=%2Fwp%2Fv2%2Fcategories&post=14743"},{"taxonomy":"post_tag","embeddable":true,"href":"http:\/\/www.korhanyilmaz.com\/index.php?rest_route=%2Fwp%2Fv2%2Ftags&post=14743"}],"curies":[{"name":"wp","href":"https:\/\/api.w.org\/{rel}","templated":true}]}}