{"id":14738,"date":"2009-09-17T09:55:26","date_gmt":"2009-09-17T06:55:26","guid":{"rendered":"http:\/\/www.korhanyilmaz.com\/?p=14738"},"modified":"2009-09-17T09:55:26","modified_gmt":"2009-09-17T06:55:26","slug":"suriye-ile-stratejik-isbirligi","status":"publish","type":"post","link":"http:\/\/www.korhanyilmaz.com\/?p=14738","title":{"rendered":"Suriye ile stratejik i\u015fbirli\u011fi!"},"content":{"rendered":"<p style=\"text-align: center;\"><img loading=\"lazy\" decoding=\"async\" class=\"aligncenter size-full wp-image-14739\" src=\"http:\/\/www.korhanyilmaz.com\/wp-content\/uploads\/2009\/09\/esad.jpg\" alt=\"\" width=\"450\" height=\"225\" \/><\/p>\n<p style=\"text-align: justify;\">Esad ve Erdo\u011fan, Ba\u015fbakanl\u0131k \u00c7al\u0131\u015fma Ofisi\u2019nde bir araya geldi. 2 \u00fclke vizelerin kar\u015f\u0131l\u0131kl\u0131 olarak kald\u0131r\u0131lmas\u0131 konusunda anla\u015ft\u0131<\/p>\n<p style=\"text-align: justify;\">Suriye Devlet Ba\u015fkan\u0131 Be\u015f\u015far Esad, Ba\u015fbakan Tayyip Erdo\u011fan\u2019\u0131n davetlisi olarak T\u00fcrkiye\u2019ye geldi. Suriye Devlet Ba\u015fkan\u0131 Esad ile birlikte D\u0131\u015fi\u015fleri Bakan\u0131 Velid Muallim de \u0130stanbul\u2019a geldi. Be\u015fikta\u015f\u2019taki Ba\u015fbakanl\u0131k \u00c7al\u0131\u015fma Ofisi\u2019ne ge\u00e7en Esad, burada Erdo\u011fan\u2019la bir araya geldi.  Suriye\u2019nin Ankara B\u00fcy\u00fckel\u00e7isi Nidal Kabalan, g\u00f6r\u00fc\u015fmede, iki \u00fclke aras\u0131ndaki ili\u015fkilerin yan\u0131 s\u0131ra Orta Do\u011fu bar\u0131\u015f s\u00fcreci ve di\u011fer b\u00f6lgesel konular\u0131n ele al\u0131nd\u0131\u011f\u0131n\u0131 dile getirdi. G\u00f6r\u00fc\u015fmenin ard\u0131ndan heyetler aras\u0131 g\u00f6r\u00fc\u015fmeler yap\u0131ld\u0131. <!--more--><\/p>\n<p style=\"text-align: justify;\"><strong><em>\u0130li\u015fkilerde yeni d\u00f6nem<\/em><\/strong><\/p>\n<p style=\"text-align: justify;\">G\u00f6r\u00fc\u015fmelerin ard\u0131ndan Davuto\u011flu ile Suriye D\u0131\u015fi\u015fleri Bakan\u0131 Velid Muallim ortak bas\u0131n toplant\u0131s\u0131 d\u00fczenledi. Davuto\u011flu, T\u00fcrkiye ile Suriye aras\u0131ndaki vize uygulamas\u0131n\u0131n kar\u015f\u0131l\u0131kl\u0131 olarak kald\u0131r\u0131lmas\u0131na, ayr\u0131ca Y\u00fcksek D\u00fczeyli Stratejik \u0130\u015fbirli\u011fi Konseyi kurulmas\u0131na karar verildi\u011fini ifade etti. Davuto\u011flu, \u201cAnla\u015fma gere\u011fi 2 \u00fclke ba\u015fbakanlar\u0131n\u0131n e\u015f ba\u015fkanl\u0131\u011f\u0131nda ortak kabine toplant\u0131lar\u0131 yap\u0131lacak\u201d dedi. Muallim de 2 \u00fclke aras\u0131ndaki i\u015fbirli\u011finde yeni d\u00f6nemin ba\u015flad\u0131\u011f\u0131n\u0131 s\u00f6yledi.<\/p>\n<p style=\"text-align: justify;\">Be\u015f\u015far Esad ve Tayyip Erdo\u011fan, AKP \u0130stanbul \u0130l Ba\u015fkanl\u0131\u011f\u0131\u2019n\u0131n d\u00fczenledi\u011fi iftar yeme\u011fine kat\u0131ld\u0131. 2 lider yemekte bir\u00e7ok sanat\u00e7\u0131yla sohbet etti.<\/p>\n<p style=\"text-align: justify;\"><em><strong>\u2018Paket de\u011fil, s\u00fcre\u00e7\u2019<\/strong><\/em><\/p>\n<p style=\"text-align: justify;\">Ba\u015fbakan Erdo\u011fan ile Suriye Devlet Ba\u015fkan\u0131 Be\u015far Esad AKP \u0130l Ba\u015fkanl\u0131\u011f\u0131\u2019n\u0131n verdi\u011fi iftar yeme\u011fine kat\u0131ld\u0131. Burada a\u00e7\u0131klamalarda bulunan Erdo\u011fan, \u201cTarih Suriye ve T\u00fcrkiye\u2019yi birbirine karde\u015f yapt\u0131. D\u00fcnya \u00fczerinde bu kadar \u00e7ok ortak noktas\u0131 olan iki kom\u015fu \u00fclkenin oldu\u011funu d\u00fc\u015f\u00fcnm\u00fcyorum. Suriye bizim dosttan \u00f6te karde\u015fimizdir\u201d dedi. Erdo\u011fan a\u00e7\u0131l\u0131mla ilgili olarak da, \u201cT\u00fcrkiye olarak 2 ayd\u0131r \u2018milli birlik projesi\u2019 ba\u015flatt\u0131k. Bu bir paket de\u011fil bir s\u00fcre\u00e7tir. Paket derseniz ba\u015f\u0131 ve sonu olur. Bunun i\u00e7inde hak ve e\u015fitlikler var. \u0130\u015fsizlik var\u201d diye konu\u015ftu. Ba\u015fbakan Erdo\u011fan, \u201cBir taraftan analar a\u011flayacak sen g\u00fcleceksin olur mu? Bir M\u00fcsl\u00fcman\u0131n cenazesinde slogan olmaz. Bunu bilelim. Benim Diyanet \u0130\u015fleri Ba\u015fkan\u0131mdan \u00f6\u011frendi\u011fim. Bir M\u00fcsl\u00fcman\u0131n cenazesinde tekbir de olmaz. M\u00fcsl\u00fcman\u0131n cenazesinde s\u00fckunet olur\u201d diye konu\u015ftu.<\/p>\n<p style=\"text-align: justify;\"><span style=\"color: #888888;\">Haber Kayna\u011f\u0131 : <a href=\"http:\/\/www.yenicaggazetesi.com.tr\/haberdetay.php?hit=23187\" target=\"_blank\">yenicaggazetesi.com.tr<\/a><\/span><\/p>\n","protected":false},"excerpt":{"rendered":"<p style=\"text-align: center;\">\n<p style=\"text-align: justify;\">Esad ve Erdo\u011fan, Ba\u015fbakanl\u0131k \u00c7al\u0131\u015fma Ofisi\u2019nde bir araya geldi. 2 \u00fclke vizelerin kar\u015f\u0131l\u0131kl\u0131 olarak kald\u0131r\u0131lmas\u0131 konusunda anla\u015ft\u0131<\/p>\n<p style=\"text-align: justify;\">Suriye Devlet Ba\u015fkan\u0131 Be\u015f\u015far Esad, Ba\u015fbakan Tayyip Erdo\u011fan\u2019\u0131n davetlisi olarak T\u00fcrkiye\u2019ye geldi. Suriye Devlet Ba\u015fkan\u0131 Esad ile birlikte D\u0131\u015fi\u015fleri Bakan\u0131 Velid Muallim de \u0130stanbul\u2019a geldi. Be\u015fikta\u015f\u2019taki Ba\u015fbakanl\u0131k \u00c7al\u0131\u015fma Ofisi\u2019ne ge\u00e7en Esad, <\/p>\n","protected":false},"author":1,"featured_media":0,"comment_status":"open","ping_status":"closed","sticky":false,"template":"","format":"standard","meta":{"footnotes":""},"categories":[105],"tags":[],"class_list":["post-14738","post","type-post","status-publish","format-standard","hentry","category-gundem","odd"],"_links":{"self":[{"href":"http:\/\/www.korhanyilmaz.com\/index.php?rest_route=\/wp\/v2\/posts\/14738","targetHints":{"allow":["GET"]}}],"collection":[{"href":"http:\/\/www.korhanyilmaz.com\/index.php?rest_route=\/wp\/v2\/posts"}],"about":[{"href":"http:\/\/www.korhanyilmaz.com\/index.php?rest_route=\/wp\/v2\/types\/post"}],"author":[{"embeddable":true,"href":"http:\/\/www.korhanyilmaz.com\/index.php?rest_route=\/wp\/v2\/users\/1"}],"replies":[{"embeddable":true,"href":"http:\/\/www.korhanyilmaz.com\/index.php?rest_route=%2Fwp%2Fv2%2Fcomments&post=14738"}],"version-history":[{"count":0,"href":"http:\/\/www.korhanyilmaz.com\/index.php?rest_route=\/wp\/v2\/posts\/14738\/revisions"}],"wp:attachment":[{"href":"http:\/\/www.korhanyilmaz.com\/index.php?rest_route=%2Fwp%2Fv2%2Fmedia&parent=14738"}],"wp:term":[{"taxonomy":"category","embeddable":true,"href":"http:\/\/www.korhanyilmaz.com\/index.php?rest_route=%2Fwp%2Fv2%2Fcategories&post=14738"},{"taxonomy":"post_tag","embeddable":true,"href":"http:\/\/www.korhanyilmaz.com\/index.php?rest_route=%2Fwp%2Fv2%2Ftags&post=14738"}],"curies":[{"name":"wp","href":"https:\/\/api.w.org\/{rel}","templated":true}]}}