{"id":14734,"date":"2009-09-18T00:01:56","date_gmt":"2009-09-17T21:01:56","guid":{"rendered":"http:\/\/www.korhanyilmaz.com\/?p=14734"},"modified":"2009-09-18T00:01:56","modified_gmt":"2009-09-17T21:01:56","slug":"memurdan-hukumete-simitli-iftar-protestosu","status":"publish","type":"post","link":"http:\/\/www.korhanyilmaz.com\/?p=14734","title":{"rendered":"Memurdan h\u00fck\u00fcmete simitli iftar protestosu"},"content":{"rendered":"<p style=\"text-align: center;\"><img loading=\"lazy\" decoding=\"async\" class=\"aligncenter size-full wp-image-14735\" src=\"http:\/\/www.korhanyilmaz.com\/wp-content\/uploads\/2009\/09\/protesto.jpg\" alt=\"\" width=\"450\" height=\"225\" \/><\/p>\n<p style=\"text-align: justify;\"><em><strong>\u0130\u015fte memurun iftar sofras\u0131 : 1 Simit, ayran, su<\/strong><\/em><\/p>\n<p style=\"text-align: justify;\">T\u00fcrkiye Kamu-Sen, h\u00fck\u00fcmet\u2019in memur maa\u015flar\u0131 i\u00e7in \u00f6ng\u00f6rd\u00fc\u011f\u00fc zamm\u0131 \u201csimitle iftar\u201d yaparak protesto etti. Kamu \u00e7al\u0131\u015fanlar\u0131 Ankara G\u00fcvenpark\u2019ta toplanarak, \u201cMemurun iftar sofras\u0131: 1 simit, 1 ayran, 1 su\u201d yaz\u0131l\u0131 pankart a\u00e7t\u0131. Ezan\u0131n okunmas\u0131yla sendika \u00fcyeleri oru\u00e7lar\u0131n\u0131 ayran, simit ve su ile a\u00e7t\u0131. Genel Ba\u015fkan Bircan Aky\u0131ld\u0131z, \u201c2010 y\u0131l\u0131 i\u00e7in maa\u015flara yap\u0131lmas\u0131 d\u00fc\u015f\u00fcn\u00fclen art\u0131\u015f, kamu g\u00f6revlileri ve aileleri i\u00e7in g\u00fcnl\u00fck bir simit paras\u0131 bile etmemektedir\u201d dedi. Aky\u0131ld\u0131z  \u201cAdil \u00fccret hakk\u0131, sayg\u0131n bir ya\u015fam d\u00fczeyi, \u00e7al\u0131\u015fma haklar\u0131n\u0131n y\u00fckseltilmesi gibi haklar hem uluslararas\u0131 s\u00f6zle\u015fmelerde hem de Anayasa\u2019m\u0131zda yaz\u0131yor. H\u00fck\u00fcmeti, \u00e7al\u0131\u015fana asgari ge\u00e7im standartlar\u0131nda bir \u00fccret vermesi yolunda y\u00fck\u00fcml\u00fcl\u00fc\u011fe sokuyor. Oysa bu g\u00fcn siyasi irade, vatanda\u015f\u0131n\u0131 devletine rakip ve s\u0131rt\u0131na y\u00fck olarak g\u00f6rmektedir.\u201d<\/p>\n<p style=\"text-align: justify;\"><span style=\"color: #888888;\">Haber Kayna\u011f\u0131 : <a href=\"http:\/\/www.yenicaggazetesi.com.tr\/haberdetay.php?hit=23232\" target=\"_blank\">yenicaggazetesi.com.tr<\/a><\/span><\/p>\n","protected":false},"excerpt":{"rendered":"<p style=\"text-align: center;\">\n<p style=\"text-align: justify;\">\u0130\u015fte memurun iftar sofras\u0131 : 1 Simit, ayran, su<\/p>\n<p style=\"text-align: justify;\">T\u00fcrkiye Kamu-Sen, h\u00fck\u00fcmet\u2019in memur maa\u015flar\u0131 i\u00e7in \u00f6ng\u00f6rd\u00fc\u011f\u00fc zamm\u0131 \u201csimitle iftar\u201d yaparak protesto etti. Kamu \u00e7al\u0131\u015fanlar\u0131 Ankara G\u00fcvenpark\u2019ta toplanarak, \u201cMemurun iftar sofras\u0131: 1 simit, 1 ayran, 1 su\u201d yaz\u0131l\u0131 pankart a\u00e7t\u0131. Ezan\u0131n okunmas\u0131yla sendika \u00fcyeleri oru\u00e7lar\u0131n\u0131 ayran, simit ve su <\/p>\n","protected":false},"author":1,"featured_media":0,"comment_status":"open","ping_status":"closed","sticky":false,"template":"","format":"standard","meta":{"footnotes":""},"categories":[105],"tags":[],"class_list":["post-14734","post","type-post","status-publish","format-standard","hentry","category-gundem","odd"],"_links":{"self":[{"href":"http:\/\/www.korhanyilmaz.com\/index.php?rest_route=\/wp\/v2\/posts\/14734","targetHints":{"allow":["GET"]}}],"collection":[{"href":"http:\/\/www.korhanyilmaz.com\/index.php?rest_route=\/wp\/v2\/posts"}],"about":[{"href":"http:\/\/www.korhanyilmaz.com\/index.php?rest_route=\/wp\/v2\/types\/post"}],"author":[{"embeddable":true,"href":"http:\/\/www.korhanyilmaz.com\/index.php?rest_route=\/wp\/v2\/users\/1"}],"replies":[{"embeddable":true,"href":"http:\/\/www.korhanyilmaz.com\/index.php?rest_route=%2Fwp%2Fv2%2Fcomments&post=14734"}],"version-history":[{"count":0,"href":"http:\/\/www.korhanyilmaz.com\/index.php?rest_route=\/wp\/v2\/posts\/14734\/revisions"}],"wp:attachment":[{"href":"http:\/\/www.korhanyilmaz.com\/index.php?rest_route=%2Fwp%2Fv2%2Fmedia&parent=14734"}],"wp:term":[{"taxonomy":"category","embeddable":true,"href":"http:\/\/www.korhanyilmaz.com\/index.php?rest_route=%2Fwp%2Fv2%2Fcategories&post=14734"},{"taxonomy":"post_tag","embeddable":true,"href":"http:\/\/www.korhanyilmaz.com\/index.php?rest_route=%2Fwp%2Fv2%2Ftags&post=14734"}],"curies":[{"name":"wp","href":"https:\/\/api.w.org\/{rel}","templated":true}]}}