{"id":14730,"date":"2009-09-18T00:02:58","date_gmt":"2009-09-17T21:02:58","guid":{"rendered":"http:\/\/www.korhanyilmaz.com\/?p=14730"},"modified":"2009-09-18T00:02:58","modified_gmt":"2009-09-17T21:02:58","slug":"enayice-surec","status":"publish","type":"post","link":"http:\/\/www.korhanyilmaz.com\/?p=14730","title":{"rendered":"Enayice s\u00fcre\u00e7"},"content":{"rendered":"<p style=\"text-align: center;\"><img loading=\"lazy\" decoding=\"async\" class=\"aligncenter size-full wp-image-14731\" src=\"http:\/\/www.korhanyilmaz.com\/wp-content\/uploads\/2009\/09\/enayice.jpg\" alt=\"\" width=\"450\" height=\"225\" \/><\/p>\n<p style=\"text-align: justify;\">Ermen\u0130stan D\u0131\u015fi\u015fleri Bakan\u0131 Nalbandyan\u2019\u0131n \u201cSoyk\u0131r\u0131m\u0131 tart\u0131\u015fmayaca\u011f\u0131z\u201d a\u00e7\u0131klamas\u0131n\u0131 de\u011ferlendiren Ar\u0131tman sert ifadeler kulland\u0131. Ar\u0131tman,  \u201cNalbandyan\u2019\u0131n s\u00f6zleri AKP\u2019nin y\u00fcr\u00fctt\u00fc\u011f\u00fc s\u00fcrecin ne kadar enayice oldu\u011funun kan\u0131t\u0131d\u0131r\u201d dedi.<\/p>\n<p style=\"text-align: justify;\"><strong><em>Bu bir ihanet projesidir<\/em><\/strong><\/p>\n<p style=\"text-align: justify;\">ArItman, \u201cBu tamamen Ermenistan\u2019\u0131 kurtarma, bir ihanet projesidir. Ermenistan, kom\u015fusunun topraklar\u0131n\u0131 i\u015fgal etmi\u015ftir. Anayasalar\u0131nda; \u2019T\u00fcrkiye\u2019nin Do\u011fu Anadolu topra\u011f\u0131 Ermenistan topra\u011f\u0131d\u0131r\u2019deniyor\u201d diye konu\u015ftu. <!--more--><\/p>\n<p style=\"text-align: justify;\"><strong><em>Canan Ar\u0131tman:  Enayice s\u00fcre\u00e7<\/em><\/strong><\/p>\n<p style=\"text-align: justify;\">Ankara ile diyalog trafi\u011finde ortak bilimsel komisyonun kurulmas\u0131 \u00f6nerildi\u011fini hat\u0131rlatan Ermeni Bakan, \u201cSonunda imzalanan protokoller gere\u011fi iki halk aras\u0131nda iyimser havan\u0131n olu\u015fmas\u0131na yard\u0131mc\u0131 olacak bir alt komisyonun kurulmas\u0131 \u00fczerinde anla\u015ft\u0131k\u201d dedi. Nalbandyan, protokollerin y\u00fcr\u00fcrl\u00fc\u011fe girmesi i\u00e7in daha uzun sure beklenmesi gerekti\u011fini de s\u00f6zlerine ekledi. Bu arada Ermeni muhalefetinin de Ankara ile Erivan aras\u0131ndaki mutabakata tepkisi s\u00fcr\u00fcyor. AKP\u2019nin verdi\u011fi tavizleri yeterli g\u00f6rmeyen muhalefet, bug\u00fcn ba\u015fkentte bir protesto g\u00f6sterisi d\u00fczenleyecek. D\u0131\u015fi\u015fleri Bakan\u0131 Nalbandyan\u2019\u0131n s\u00f6zlerine tepki g\u00f6steren CHP ve MHP milletvekilleri, h\u00fck\u00fcmete ate\u015f p\u00fcsk\u00fcrd\u00fc. CHP Milletvekili Canan Ar\u0131tman, Nalbandyan\u2019\u0131n s\u00f6zlerinin AKP\u2019nin y\u00fcr\u00fctt\u00fc\u011f\u00fc s\u00fcrecin ne kadar enayice oldu\u011funun kan\u0131t\u0131 oldu\u011funu s\u00f6yledi. \u201cBu kadar enayice bir s\u00fcre\u00e7 y\u00fcr\u00fct\u00fclemez\u201d diyen Ar\u0131tman, \u015funlar\u0131 kaydetti: \u201cBu tamamen k\u00f6\u015feye s\u0131k\u0131\u015fm\u0131\u015f Ermenistan\u2019\u0131 kurtarma projesidir. Bu \u015fartlar alt\u0131nda T\u00fcrkiye\u2019nin Ermenistan\u2019\u0131 kurtarmas\u0131 da kabul edilemez. Bu bir ihanet projesi. Ermenistan emperyalist bir \u00fclke, kom\u015fusunun topraklar\u0131n\u0131 i\u015fgal etmi\u015f, binlerce insan\u0131 katletmi\u015ftir. Ve Anayasalar\u0131nda; \u2019T\u00fcrkiye\u2019nin Do\u011fu Anadolu topra\u011f\u0131 Ermenistan topra\u011f\u0131d\u0131r\u2019deniyor. Soyk\u0131r\u0131m iftiras\u0131 atan ve bu iftiradan vazge\u00e7meyece\u011fini a\u00e7\u0131k\u00e7a ifade ediyorlar.\u201d<\/p>\n<p style=\"text-align: justify;\"><strong><em>Utan\u00e7 vesikas\u0131&#8230;<\/em><\/strong><\/p>\n<p style=\"text-align: justify;\">B\u00fct\u00fcn bunlar\u0131n iktidar taraf\u0131ndan g\u00f6rmezden gelinmesinin koca bir \u015fa\u015fk\u0131nl\u0131k oldu\u011funa vurgu yanan Ar\u0131tman,  \u201cBu emellerinden vazge\u00e7meyece\u011fini s\u00f6yleyen bir devletle, i\u015fgali bitirmeyen bir devletle nas\u0131l diplomatik ili\u015fki ba\u015flat\u0131labilir, nas\u0131l bu \u00fclkeye g\u00fcvenilebiliyor. Paraf edilen protokol AKP h\u00fck\u00fcmetinin bir utan\u00e7 vesikas\u0131d\u0131r. Gelecek nesiller bu utanc\u0131n alt\u0131nda ezilecektir\u201d ifadesini kulland\u0131. AKP iktidar\u0131n\u0131n y\u00fcr\u00fctt\u00fc\u011f\u00fc  bu politikalar nedeniyle T\u00fcrkiye\u2019nin itibar\u0131n\u0131n kayboldu\u011funu ifade eden Ar\u0131tman, \u201cHerhalde art\u0131k b\u00fct\u00fcn d\u00fcnya T\u00fcrkiye\u2019ye d\u00fcnyan\u0131n en enayi \u00fclkesi diye bak\u0131yor. En kullan\u0131labilir \u00fclkesi g\u00f6z\u00fcyle g\u00f6r\u00fcyorlar. Adamlar i\u015fgalden, T\u00fcrk milletine att\u0131klar\u0131 iftiradan vazge\u00e7meyeceklerini s\u00f6yl\u00fcyorlar. Fakat bizim D\u0131\u015fi\u015fleri Bakan\u0131 siyasi parti liderlerini dola\u015farak protokolde yer almayan konularda garanti vermeye kalk\u0131yor, onlar\u0131 aldatmaya kalk\u0131yor\u201d diye konu\u015ftu.<\/p>\n<p style=\"text-align: justify;\"><em><strong>Neyin g\u00f6r\u00fc\u015fmesi&#8230;<\/strong><\/em><\/p>\n<p style=\"text-align: justify;\">MHP Antalya Milletvekili Mehmet G\u00fcnal da, \u00fclkenin i\u00e7inde bulundu\u011fu durumun ve Ermenistan yetkililerinin s\u00f6zlerinin AKP\u2019nin teslimiyet\u00e7i politikalar\u0131n\u0131n sonucu oldu\u011funu s\u00f6yledi. AKP iktidar\u0131n\u0131n bu t\u00fcr konular\u0131 kullanarak T\u00fcrkiye\u2019nin ger\u00e7ek g\u00fcndemini sapt\u0131rd\u0131\u011f\u0131n\u0131 vurgulayan G\u00fcnal, \u00fclkenin en b\u00fcy\u00fck sorununun i\u015f, a\u015f oldu\u011funu belirtti. G\u00fcnal, \u201cAKP\u2019nin y\u00fcr\u00fctt\u00fc\u011f\u00fc \u015fey politika falan de\u011fil. Ortada hi\u00e7bir \u015fey yok. Ermenistan soyk\u0131r\u0131m iftiras\u0131ndan vazge\u00e7ti mi? i\u015fgali sonland\u0131rd\u0131 m\u0131? Hay\u0131r. O zaman neyin g\u00f6r\u00fc\u015fmesini yap\u0131yorlar. AKP bu teslimiyet\u00e7i politikalarla \u00fclkenin g\u00fcndemini de sapt\u0131r\u0131yor\u201d diye konu\u015ftu.<\/p>\n<p style=\"text-align: justify;\"><span style=\"color: #888888;\">Haber Kayna\u011f\u0131 : <a href=\"http:\/\/www.yenicaggazetesi.com.tr\/haberdetay.php?hit=23233\" target=\"_blank\">yenicaggazetesi.com.tr<\/a><\/span><\/p>\n","protected":false},"excerpt":{"rendered":"<p style=\"text-align: center;\">\n<p style=\"text-align: justify;\">Ermen\u0130stan D\u0131\u015fi\u015fleri Bakan\u0131 Nalbandyan\u2019\u0131n \u201cSoyk\u0131r\u0131m\u0131 tart\u0131\u015fmayaca\u011f\u0131z\u201d a\u00e7\u0131klamas\u0131n\u0131 de\u011ferlendiren Ar\u0131tman sert ifadeler kulland\u0131. Ar\u0131tman, \u201cNalbandyan\u2019\u0131n s\u00f6zleri AKP\u2019nin y\u00fcr\u00fctt\u00fc\u011f\u00fc s\u00fcrecin ne kadar enayice oldu\u011funun kan\u0131t\u0131d\u0131r\u201d dedi.<\/p>\n<p style=\"text-align: justify;\">Bu bir ihanet projesidir<\/p>\n<p style=\"text-align: justify;\">ArItman, \u201cBu tamamen Ermenistan\u2019\u0131 kurtarma, bir ihanet projesidir. Ermenistan, kom\u015fusunun topraklar\u0131n\u0131 i\u015fgal etmi\u015ftir. Anayasalar\u0131nda; \u2019T\u00fcrkiye\u2019nin Do\u011fu Anadolu topra\u011f\u0131 <\/p>\n","protected":false},"author":1,"featured_media":0,"comment_status":"open","ping_status":"closed","sticky":false,"template":"","format":"standard","meta":{"footnotes":""},"categories":[105],"tags":[],"class_list":["post-14730","post","type-post","status-publish","format-standard","hentry","category-gundem","odd"],"_links":{"self":[{"href":"http:\/\/www.korhanyilmaz.com\/index.php?rest_route=\/wp\/v2\/posts\/14730","targetHints":{"allow":["GET"]}}],"collection":[{"href":"http:\/\/www.korhanyilmaz.com\/index.php?rest_route=\/wp\/v2\/posts"}],"about":[{"href":"http:\/\/www.korhanyilmaz.com\/index.php?rest_route=\/wp\/v2\/types\/post"}],"author":[{"embeddable":true,"href":"http:\/\/www.korhanyilmaz.com\/index.php?rest_route=\/wp\/v2\/users\/1"}],"replies":[{"embeddable":true,"href":"http:\/\/www.korhanyilmaz.com\/index.php?rest_route=%2Fwp%2Fv2%2Fcomments&post=14730"}],"version-history":[{"count":0,"href":"http:\/\/www.korhanyilmaz.com\/index.php?rest_route=\/wp\/v2\/posts\/14730\/revisions"}],"wp:attachment":[{"href":"http:\/\/www.korhanyilmaz.com\/index.php?rest_route=%2Fwp%2Fv2%2Fmedia&parent=14730"}],"wp:term":[{"taxonomy":"category","embeddable":true,"href":"http:\/\/www.korhanyilmaz.com\/index.php?rest_route=%2Fwp%2Fv2%2Fcategories&post=14730"},{"taxonomy":"post_tag","embeddable":true,"href":"http:\/\/www.korhanyilmaz.com\/index.php?rest_route=%2Fwp%2Fv2%2Ftags&post=14730"}],"curies":[{"name":"wp","href":"https:\/\/api.w.org\/{rel}","templated":true}]}}