{"id":14709,"date":"2009-09-18T09:12:04","date_gmt":"2009-09-18T06:12:04","guid":{"rendered":"http:\/\/www.korhanyilmaz.com\/?p=14709"},"modified":"2009-09-18T09:12:04","modified_gmt":"2009-09-18T06:12:04","slug":"daum-yenilgi-bizi-daha-guclu-yapacak","status":"publish","type":"post","link":"http:\/\/www.korhanyilmaz.com\/?p=14709","title":{"rendered":"Daum: &#8220;Yenilgi bizi daha g\u00fc\u00e7l\u00fc yapacak&#8221;"},"content":{"rendered":"<p style=\"text-align: center;\"><a href=\"http:\/\/www.korhanyilmaz.com\/wp-content\/uploads\/2009\/09\/daum.jpg\"  class=\"lightview\"><img loading=\"lazy\" decoding=\"async\" class=\"aligncenter size-full wp-image-14710\" src=\"http:\/\/www.korhanyilmaz.com\/wp-content\/uploads\/2009\/09\/daum.jpg\" alt=\"\" width=\"410\" height=\"179\" \/><\/a><\/p>\n<p style=\"text-align: justify;\">Fenerbah\u00e7e teknik direkt\u00f6r\u00fc Christoph Daum, Twente kar\u015f\u0131s\u0131nda ald\u0131klar\u0131 yenilginin kendilerini daha g\u00fc\u00e7l\u00fc bir tak\u0131m yapaca\u011f\u0131n\u0131 ifade etti.<\/p>\n<p style=\"text-align: justify;\">Alman teknik adam, 2-1 kaybettikleri UEFA Avrupa Ligi grup ma\u00e7\u0131ndan sonra d\u00fczenledi\u011fi bas\u0131n toplant\u0131s\u0131nda, &#8220;tak\u0131m m\u00fccadeleye haz\u0131rd\u0131, iyi futbol oynad\u0131k, bu beni memnun etti asl\u0131nda&#8221; dedi.<\/p>\n<p style=\"text-align: justify;\">Daum, &#8220;bu yenilgi bizi daha g\u00fc\u00e7l\u00fc yapacak. Bu ma\u00e7tan daha g\u00fc\u00e7l\u00fc \u00e7\u0131kaca\u011f\u0131z bundan eminim&#8221; diye konu\u015ftu. <!--more--><\/p>\n<p style=\"text-align: justify;\">Rakiplerine kar\u015f\u0131 iyi bask\u0131 kurduklar\u0131n\u0131 ve etkili bir performans ortaya koyduklar\u0131n\u0131, ancak bunu gollere \u00e7eviremediklerini anlatan Daum \u015f\u00f6yle devam etti:<\/p>\n<p style=\"text-align: justify;\">&#8220;\u0130yi bask\u0131y\u0131, performans\u0131 gollere \u00e7eviremedik. Ma\u00e7\u0131n b\u00fcy\u00fck b\u00f6l\u00fcm\u00fcn\u00fc kontrol ettik, iyi pozisyon da bulduk ancak gol yapamad\u0131k. Final pas\u0131n\u0131 da net bir \u015fekilde yapamad\u0131k. Asl\u0131nda ma\u00e7 istedi\u011fimiz gibi gidiyordu. Tabii ki Twente de g\u00fc\u00e7l\u00fc. Hemen pozisyon bulamayaca\u011f\u0131m\u0131z\u0131 biliyorduk.<\/p>\n<p style=\"text-align: justify;\">&#8220;Twente ile iyi sava\u015ft\u0131k. Sonra \u00f6ne ge\u00e7tik. Mehmet Topuz&#8217;u alarak ofansif olarak bir sinyal vermek istedik. \u0130yi de oldu. \u00c7ok iyi bask\u0131 yapt\u0131k, m\u00fckemmel bir golle \u00f6ne ge\u00e7tik. Maalesef tam G\u00f6khan&#8217;\u0131n sakatl\u0131k an\u0131nda d\u0131\u015far\u0131da oldu\u011funda istedi\u011fimiz gibi kompakt olamad\u0131k, sahada bir ki\u015fi azd\u0131k. Kompakt olsayd\u0131k o anda belki rakip pozisyona giremezdi. \u0130kinci golde belki Twente biraz \u015fansl\u0131yd\u0131.<\/p>\n<p style=\"text-align: justify;\">Daum, Twente&#8217;ye ma\u00e7 boyunca \u00fc\u00e7 pozisyon verdiklerini, rakiplerinin bunlardan ikisini gole \u00e7evirdi\u011fini ifade etti.<\/p>\n<p style=\"text-align: justify;\"><strong><em>Kaz\u0131m i\u00e7in destek istedi<\/em><\/strong><\/p>\n<p style=\"text-align: justify;\">Kaz\u0131m&#8217;a trib\u00fcnlerden gelen tepkinin sorulmas\u0131 \u00fczerine Alman \u00e7al\u0131\u015ft\u0131r\u0131c\u0131 futbolcusunu koruyarak, taraftar\u0131ndan ve medyadan Kaz\u0131m i\u00e7in destek istedi.<\/p>\n<p style=\"text-align: justify;\">Kaz\u0131m&#8217;\u0131n bug\u00fcne kadar Fenerbah\u00e7e i\u00e7in \u00e7ok \u00f6nemli i\u015fler yapt\u0131\u011f\u0131n\u0131 vurgulayan Daum \u015f\u00f6yle konu\u015ftu:<\/p>\n<p style=\"text-align: justify;\">&#8220;Bence Colin Kaz\u0131m haks\u0131z bir \u015fekilde tenkit ediliyor. Hem Bursa&#8217;da, hem bug\u00fcn burada ger\u00e7ekten \u00e7ok ko\u015ftu. G\u00f6khan ile Colin birlikte yapt\u0131\u011f\u0131 bask\u0131 ve presle m\u00fckemmel i\u015f yapt\u0131lar. Umar\u0131m bas\u0131n mensuplar\u0131 ve t\u00fcm medya burada Colin&#8217;in iyi yapt\u0131\u011f\u0131 i\u015fleri de g\u00f6r\u00fcr. \u015eimdiye kadar \u00e7ok i\u015f yapt\u0131, goller att\u0131, att\u0131rd\u0131. Bunlar\u0131 da g\u00f6rmek laz\u0131m. Hep birlikte sahip \u00e7\u0131kmam\u0131z gerekiyor. Herkesten taraftardan Colin&#8217;i desteklemelerini istiyorum. Taraftar\u0131m\u0131za sesleniyorum.&#8221;<\/p>\n<p style=\"text-align: justify;\"><strong><em>G\u00f6khan sakatland\u0131, Fenerbah\u00e7e gol yedi<\/em><\/strong><\/p>\n<p style=\"text-align: justify;\">Fenerbah\u00e7e, G\u00f6khan G\u00f6n\u00fcl sakatland\u0131\u011f\u0131 ve tedavi i\u00e7in saha kenar\u0131nda bulundu\u011fu s\u0131rada beraberlik gol\u00fcn\u00fc kalesinde g\u00f6rd\u00fc.<\/p>\n<p style=\"text-align: justify;\">G\u00f6khan G\u00f6n\u00fcl, rakibiyle girdi\u011fi m\u00fccadele sonras\u0131 sakatlan\u0131rken, bu oyuncunun tedavisi s\u0131ras\u0131nda sar\u0131-lacivertli tak\u0131m, m\u00fccadeleye bir s\u00fcre 10 ki\u015fi devam etmek zorunda kald\u0131.<\/p>\n<p style=\"text-align: justify;\">Fenerbah\u00e7e, eksik m\u00fccadele etti\u011fi dakikalarda Twente&#8217;nin gol\u00fcne engel olamad\u0131.<\/p>\n<p style=\"text-align: justify;\"><span style=\"color: #888888;\">CNN T\u00dcRK<\/span><\/p>\n","protected":false},"excerpt":{"rendered":"<p style=\"text-align: center;\">\n<p style=\"text-align: justify;\">Fenerbah\u00e7e teknik direkt\u00f6r\u00fc Christoph Daum, Twente kar\u015f\u0131s\u0131nda ald\u0131klar\u0131 yenilginin kendilerini daha g\u00fc\u00e7l\u00fc bir tak\u0131m yapaca\u011f\u0131n\u0131 ifade etti.<\/p>\n<p style=\"text-align: justify;\">Alman teknik adam, 2-1 kaybettikleri UEFA Avrupa Ligi grup ma\u00e7\u0131ndan sonra d\u00fczenledi\u011fi bas\u0131n toplant\u0131s\u0131nda, &#8220;tak\u0131m m\u00fccadeleye haz\u0131rd\u0131, iyi futbol oynad\u0131k, bu beni memnun etti asl\u0131nda&#8221; dedi.<\/p>\n<p style=\"text-align: justify;\">Daum, &#8220;bu yenilgi <\/p>\n","protected":false},"author":1,"featured_media":0,"comment_status":"open","ping_status":"closed","sticky":false,"template":"","format":"standard","meta":{"footnotes":""},"categories":[42],"tags":[],"class_list":["post-14709","post","type-post","status-publish","format-standard","hentry","category-spor","odd"],"_links":{"self":[{"href":"http:\/\/www.korhanyilmaz.com\/index.php?rest_route=\/wp\/v2\/posts\/14709","targetHints":{"allow":["GET"]}}],"collection":[{"href":"http:\/\/www.korhanyilmaz.com\/index.php?rest_route=\/wp\/v2\/posts"}],"about":[{"href":"http:\/\/www.korhanyilmaz.com\/index.php?rest_route=\/wp\/v2\/types\/post"}],"author":[{"embeddable":true,"href":"http:\/\/www.korhanyilmaz.com\/index.php?rest_route=\/wp\/v2\/users\/1"}],"replies":[{"embeddable":true,"href":"http:\/\/www.korhanyilmaz.com\/index.php?rest_route=%2Fwp%2Fv2%2Fcomments&post=14709"}],"version-history":[{"count":0,"href":"http:\/\/www.korhanyilmaz.com\/index.php?rest_route=\/wp\/v2\/posts\/14709\/revisions"}],"wp:attachment":[{"href":"http:\/\/www.korhanyilmaz.com\/index.php?rest_route=%2Fwp%2Fv2%2Fmedia&parent=14709"}],"wp:term":[{"taxonomy":"category","embeddable":true,"href":"http:\/\/www.korhanyilmaz.com\/index.php?rest_route=%2Fwp%2Fv2%2Fcategories&post=14709"},{"taxonomy":"post_tag","embeddable":true,"href":"http:\/\/www.korhanyilmaz.com\/index.php?rest_route=%2Fwp%2Fv2%2Ftags&post=14709"}],"curies":[{"name":"wp","href":"https:\/\/api.w.org\/{rel}","templated":true}]}}