{"id":14705,"date":"2009-09-18T11:20:24","date_gmt":"2009-09-18T08:20:24","guid":{"rendered":"http:\/\/www.korhanyilmaz.com\/?p=14705"},"modified":"2009-09-18T11:20:24","modified_gmt":"2009-09-18T08:20:24","slug":"garipoglunun-avukati-suclamalari-kabul-etti","status":"publish","type":"post","link":"http:\/\/www.korhanyilmaz.com\/?p=14705","title":{"rendered":"Garipo\u011flu&#039;nun avukat\u0131 Su\u00e7lamalar\u0131 kabul etti"},"content":{"rendered":"<p style=\"text-align: center;\"><a href=\"http:\/\/www.korhanyilmaz.com\/wp-content\/uploads\/2009\/09\/CEM.jpg\"  class=\"lightview\"><img loading=\"lazy\" decoding=\"async\" class=\"aligncenter size-full wp-image-14706\" src=\"http:\/\/www.korhanyilmaz.com\/wp-content\/uploads\/2009\/09\/CEM.jpg\" alt=\"\" width=\"307\" height=\"236\" \/><\/a><\/p>\n<p style=\"text-align: justify;\">M\u00fcnevver Karabulut&#8217;un katil zanl\u0131s\u0131 Cem Garipo\u011flu&#8217;nun avukat\u0131 Aytekin Kaya, m\u00fcvekkilinin, hakk\u0131ndaki su\u00e7lamalar\u0131 kabul etti\u011fini ve pi\u015fman oldu\u011funu s\u00f6yledi\u011fini belirtti.<\/p>\n<p style=\"text-align: justify;\">Sultanahmet&#8217;teki \u0130stanbul Adliyesi&#8217;nde gazetecilerin sorular\u0131n\u0131 yan\u0131tlayan avukat Kaya, tutuklanan Cem Garipo\u011flu&#8217;nun sevk maddesinin, TCK&#8217;n\u0131n 82\/1 a, b ve e bentleri (tasarlayarak, canavarca hisle veya eziyet \u00e7ektirerek, \u00e7ocu\u011fa ya da beden veya ruh bak\u0131m\u0131ndan kendisini savunamayacak durumda bulunan ki\u015filere kar\u015f\u0131 kasten adam \u00f6ld\u00fcrme) oldu\u011funu belirtti.<\/p>\n<p style=\"text-align: justify;\">M\u00fcvekkilinin savc\u0131l\u0131kta susma hakk\u0131n\u0131 kullanmad\u0131\u011f\u0131n\u0131 dile getiren Kaya, Cem Garipo\u011flu&#8217;nun sorguda \u00e7ok g\u00fczel cevaplar verdi\u011fini kaydetti.<!--more--><\/p>\n<p style=\"text-align: justify;\">Kaya, &#8220;Su\u00e7lamalar\u0131 kabul etti. Pi\u015fman oldu\u011funu s\u00f6yledi. Her savunmas\u0131nda (ke\u015fke ben bin kere \u00f6lseydim) dedi&#8221; \u015feklinde konu\u015ftu.<\/p>\n<p style=\"text-align: justify;\">Cem Garipo\u011flu&#8217;nun teslim sonras\u0131 hi\u00e7 uyumad\u0131\u011f\u0131n\u0131 ifade eden Kaya, zanl\u0131n\u0131n fiziki bir rahats\u0131zl\u0131\u011f\u0131 bulunmad\u0131\u011f\u0131n\u0131, ancak yorgun oldu\u011funu s\u00f6yledi.<\/p>\n<p style=\"text-align: justify;\">Avukat Kaya, iddianamenin hen\u00fcz haz\u0131rlanmad\u0131\u011f\u0131n\u0131 da dile getirdi.<\/p>\n<p style=\"text-align: justify;\">Cinayet nedeniyle ilgili de Kaya, bunu a\u00e7\u0131klamas\u0131 durumunda dosyadaki ifadeleri if\u015fa etmi\u015f olaca\u011f\u0131n\u0131, bunun da usule uygun olmayaca\u011f\u0131n\u0131 kaydetti.<\/p>\n<p style=\"text-align: justify;\">Kaya, soru\u015fturmada k\u0131s\u0131tl\u0131l\u0131k karar\u0131 bulundu\u011funu ifade ederek, ayn\u0131 zamanda sorgusu yap\u0131lan ki\u015finin de bir \u00e7ocuk oldu\u011funu vurgulad\u0131.<\/p>\n<p style=\"text-align: justify;\">Cem Garipo\u011flu&#8217;nun ikna edilerek mi teslim edildi\u011finin sorulmas\u0131 \u00fczerine de avukat Kaya, bu sorunun muhatab\u0131n\u0131n kendisi olmad\u0131\u011f\u0131n\u0131 s\u00f6yledi.<\/p>\n<p style=\"text-align: justify;\"><strong><em>Garipo\u011flu&#8217;nun \u00fcrpertici ifadeleri <\/em><\/strong><\/p>\n<p style=\"text-align: justify;\">Cem Garipo\u011flu, G\u00fclhane&#8217;deki \u0130stanbul \u00c7ocuk Mahkemesi&#8217;nde d\u00fcn psikologlar ve avukatlar\u0131 e\u015fli\u011finde iki savc\u0131 taraf\u0131ndan yakla\u015f\u0131k yedi saat sorguland\u0131.<\/p>\n<p style=\"text-align: justify;\">Cem Garipo\u011flu, kafas\u0131n\u0131 toparlayamad\u0131\u011f\u0131n\u0131 belirtmesi nedeniyle sorguya s\u0131k s\u0131k ara verildi. Yorgun oldu\u011funu ifade eden Cem Garipo\u011flu, s\u0131k s\u0131k sinir krizi ge\u00e7irdi.<\/p>\n<p style=\"text-align: justify;\">Cem Garipo\u011flu olay g\u00fcn\u00fc k\u0131z arkada\u015f\u0131 M\u00fcnevver Karabulut ile Bah\u00e7e\u015fehir&#8217;deki evlerine geldiklerini M\u00fcnevver mutfaktayken cep telefonundaki mesajlar\u0131na bakt\u0131\u011f\u0131n\u0131, g\u00f6rd\u00fc\u011f\u00fc mesajlar \u00fczerine de tart\u0131\u015fmaya ba\u015flad\u0131klar\u0131n\u0131 anlatt\u0131.<\/p>\n<p style=\"text-align: justify;\">Cem Garipo\u011flu mutfaktan ald\u0131\u011f\u0131 b\u0131\u00e7akla M\u00fcnevver Karabulut&#8217;u b\u0131\u00e7aklad\u0131\u011f\u0131n\u0131 s\u00f6yledi.<\/p>\n<p style=\"text-align: justify;\">Testereyle ilgili sorular \u00fczerine ise gerisini hat\u0131rlamad\u0131\u011f\u0131n\u0131, valize s\u0131\u011fmad\u0131\u011f\u0131 i\u00e7in testereyle kesti\u011fini ifade etti.<\/p>\n<p style=\"text-align: justify;\">Cem Garipo\u011flu, cinayeti tek ba\u015f\u0131na i\u015fledi\u011fini de \u00f6ne s\u00fcrd\u00fc. Peki neden babas\u0131n\u0131n \u00fc\u00e7 g\u00f6mle\u011finde kan vard\u0131? Cem Garipo\u011flu, &#8220;Temizlemek i\u00e7in elime ne ge\u00e7tiyse kulland\u0131m. G\u00f6mleklere de kan o zaman bula\u015ft\u0131&#8221; dedi.<\/p>\n<p style=\"text-align: justify;\">Garipo\u011flu, cesedi att\u0131ktan sonra tekrar eve d\u00f6nd\u00fc\u011f\u00fcn\u00fc, annesinin yerdeki lekeleri sormas\u0131 \u00fczerine kusmuk oldu\u011funu s\u00f6yleyip birlikte temizlediklerini anlatt\u0131.<\/p>\n<p style=\"text-align: justify;\">Cem Garipo\u011flu, nerede kald\u0131\u011f\u0131yla ilgili sorular\u0131 da olaydan sonra tan\u0131mad\u0131\u011f\u0131 biri taraf\u0131ndan \u00fc\u00e7-d\u00f6rt saat s\u00fcren bir yolculuk sonunda bir eve g\u00f6t\u00fcr\u00fcld\u00fc\u011f\u00fcn\u00fc, yemekleri de kendisini g\u00f6t\u00fcren bu ki\u015finin 15 g\u00fcnde bir getirdi\u011fi \u015feklinde yan\u0131tlad\u0131.<\/p>\n<p style=\"text-align: justify;\">Cem Garipo\u011flu daha \u00f6nce MSN kay\u0131tlar\u0131nda &#8220;\u00d6nce sana sar\u0131l\u0131r\u0131m. Ba\u015flar\u0131m s\u0131kmaya bo\u011fana kadar&#8221; \u015feklindeki yaz\u0131\u015fmalar\u0131 ile ilgili sorulara da &#8220;\u015eaka yapt\u0131m&#8221; diye cevap verdi.<\/p>\n<p style=\"text-align: justify;\">Cem Garipo\u011flu, M\u00fcnevver ile ciddi bir ili\u015fki i\u00e7inde oldu\u011funu, pi\u015fman oldu\u011funu ve bas\u0131nda yans\u0131t\u0131ld\u0131\u011f\u0131 \u015feklinde biri olmad\u0131\u011f\u0131n\u0131 da s\u00f6yledi.<\/p>\n<p style=\"text-align: justify;\">Cem Garipo\u011flu, sahte n\u00fcfus c\u00fczdan\u0131 ile ilgili soruya da, barlara girebilmek i\u00e7in kendisinin yapt\u0131\u011f\u0131n\u0131 ifade etti.<\/p>\n<p style=\"text-align: justify;\">Savc\u0131lar\u0131n uyu\u015fturucu kullan\u0131p kullanmad\u0131\u011f\u0131 \u015feklindeki sorular\u0131na &#8220;Kullanmad\u0131m&#8221; diye yan\u0131t veren Cem Garipo\u011flu, ailesinden uzak olmas\u0131n\u0131n da kendisinde herhangi bir olumsuzluk yaratmad\u0131\u011f\u0131n\u0131, herhangi bir ruhsal bunal\u0131m\u0131 olmad\u0131\u011f\u0131n\u0131 belirtti.<\/p>\n<p style=\"text-align: justify;\">Olay\u0131n vahametiyle ilgili olarak herhangi bir cinsel istismara maruz kal\u0131p kalmad\u0131\u011f\u0131 da sorulan Garipo\u011flu, daha \u00f6nce b\u00f6yle bir olaya maruz kalmad\u0131\u011f\u0131n\u0131 belirtti.<\/p>\n<p style=\"text-align: justify;\">Daha \u00f6nce neden teslim olmad\u0131\u011f\u0131 \u015feklindeki soruya ise, korktu\u011fu i\u00e7in teslim olmad\u0131\u011f\u0131n\u0131 s\u00f6yledi.<\/p>\n<p style=\"text-align: justify;\">Cem Garipo\u011flu, sorgusunun ard\u0131ndan tasarlayarak canavarca hisle ve \u00e7ocu\u011fa kar\u015f\u0131 adam \u00f6ld\u00fcrmek su\u00e7undan mahkemeye sevk edildi ve tutukland\u0131.<\/p>\n<p style=\"text-align: justify;\"><span style=\"color: #888888;\">CNN T\u00dcRK<\/span><\/p>\n","protected":false},"excerpt":{"rendered":"<p style=\"text-align: center;\">\n<p style=\"text-align: justify;\">M\u00fcnevver Karabulut&#8217;un katil zanl\u0131s\u0131 Cem Garipo\u011flu&#8217;nun avukat\u0131 Aytekin Kaya, m\u00fcvekkilinin, hakk\u0131ndaki su\u00e7lamalar\u0131 kabul etti\u011fini ve pi\u015fman oldu\u011funu s\u00f6yledi\u011fini belirtti.<\/p>\n<p style=\"text-align: justify;\">Sultanahmet&#8217;teki \u0130stanbul Adliyesi&#8217;nde gazetecilerin sorular\u0131n\u0131 yan\u0131tlayan avukat Kaya, tutuklanan Cem Garipo\u011flu&#8217;nun sevk maddesinin, TCK&#8217;n\u0131n 82\/1 a, b ve e bentleri (tasarlayarak, canavarca hisle veya eziyet \u00e7ektirerek, \u00e7ocu\u011fa ya da <\/p>\n","protected":false},"author":1,"featured_media":0,"comment_status":"open","ping_status":"closed","sticky":false,"template":"","format":"standard","meta":{"footnotes":""},"categories":[105],"tags":[],"class_list":["post-14705","post","type-post","status-publish","format-standard","hentry","category-gundem","odd"],"_links":{"self":[{"href":"http:\/\/www.korhanyilmaz.com\/index.php?rest_route=\/wp\/v2\/posts\/14705","targetHints":{"allow":["GET"]}}],"collection":[{"href":"http:\/\/www.korhanyilmaz.com\/index.php?rest_route=\/wp\/v2\/posts"}],"about":[{"href":"http:\/\/www.korhanyilmaz.com\/index.php?rest_route=\/wp\/v2\/types\/post"}],"author":[{"embeddable":true,"href":"http:\/\/www.korhanyilmaz.com\/index.php?rest_route=\/wp\/v2\/users\/1"}],"replies":[{"embeddable":true,"href":"http:\/\/www.korhanyilmaz.com\/index.php?rest_route=%2Fwp%2Fv2%2Fcomments&post=14705"}],"version-history":[{"count":0,"href":"http:\/\/www.korhanyilmaz.com\/index.php?rest_route=\/wp\/v2\/posts\/14705\/revisions"}],"wp:attachment":[{"href":"http:\/\/www.korhanyilmaz.com\/index.php?rest_route=%2Fwp%2Fv2%2Fmedia&parent=14705"}],"wp:term":[{"taxonomy":"category","embeddable":true,"href":"http:\/\/www.korhanyilmaz.com\/index.php?rest_route=%2Fwp%2Fv2%2Fcategories&post=14705"},{"taxonomy":"post_tag","embeddable":true,"href":"http:\/\/www.korhanyilmaz.com\/index.php?rest_route=%2Fwp%2Fv2%2Ftags&post=14705"}],"curies":[{"name":"wp","href":"https:\/\/api.w.org\/{rel}","templated":true}]}}