{"id":14692,"date":"2009-09-15T10:52:07","date_gmt":"2009-09-15T07:52:07","guid":{"rendered":"http:\/\/www.korhanyilmaz.com\/?p=14692"},"modified":"2009-09-15T10:52:07","modified_gmt":"2009-09-15T07:52:07","slug":"taksi-ucretlerinde-bir-iyi-bir-kotu-haber","status":"publish","type":"post","link":"http:\/\/www.korhanyilmaz.com\/?p=14692","title":{"rendered":"Taksi \u00fccretlerinde bir iyi, bir k\u00f6t\u00fc haber"},"content":{"rendered":"<p><a href=\"http:\/\/www.korhanyilmaz.com\/wp-content\/uploads\/2009\/09\/TAKS\u0130.jpg\"  class=\"lightview\"><img loading=\"lazy\" decoding=\"async\" class=\"aligncenter size-full wp-image-14693\" src=\"http:\/\/www.korhanyilmaz.com\/wp-content\/uploads\/2009\/09\/TAKS\u0130.jpg\" alt=\"\" width=\"292\" height=\"195\" \/><\/a><\/p>\n<p style=\"text-align: justify;\">\u0130stanbul&#8217;da taksi \u00fccretleri yeniden d\u00fczenlendi. D\u00fczenleme kapsam\u0131nda gece tarifesi kald\u0131r\u0131ld\u0131. Taksimetre a\u00e7\u0131l\u0131\u015f \u00fccretini 2 TL&#8217;den 2,5 TL&#8217;ye, kilometre ba\u015f\u0131na \u00fccreti 1,3 TL&#8217;den 1,4 TL&#8217;ye \u00e7\u0131kartt\u0131. Yeni tarife 17 Eyl\u00fcl&#8217;de uygulanacak.<\/p>\n<p style=\"text-align: justify;\">\u0130stanbul B\u00fcy\u00fck\u015fehir Belediyesi Ula\u015f\u0131m Koordinasyon Merkezi (UKOME), \u0130stanbul Taksiciler Esnaf Odas\u0131&#8217;n\u0131n zam talebini de\u011ferlendirdi.<\/p>\n<p style=\"text-align: justify;\">\u0130lk 10 dakikas\u0131 \u00fccretsiz olmak \u00fczere sonraki 5 dakikal\u0131k periyotlarla bekleme \u00fccreti ise 0,25 TL olarak kald\u0131. <!--more--><\/p>\n<p style=\"text-align: justify;\">D\u00fczenleme kapsam\u0131nda gece tarifesini kald\u0131ran UKOME, Silivri, \u00c7atalca, \u015eile, B\u00fcy\u00fck\u00e7ekmece, Sultanbeyli, Esenyurt ve Beylikd\u00fcz\u00fc&#8217;nde \u00e7al\u0131\u015fan &#8220;C&#8221; ve &#8220;M&#8221; seri plakal\u0131 taksiler i\u00e7in il\u00e7e hudutlar\u0131 d\u0131\u015f\u0131na \u00e7\u0131k\u0131lmas\u0131 durumunda s\u0131n\u0131r d\u0131\u015f\u0131nda kalan mesafe i\u00e7in kilometre \u00fccretinin y\u00fczde 50 zaml\u0131 uygulanmas\u0131, bu ara\u00e7lar\u0131n il\u00e7e d\u0131\u015flar\u0131na yolcu g\u00f6t\u00fcrebilecekleri, ancak gittikleri yerlerden yolcu alamayacaklar\u0131, merkezi alanda \u00e7al\u0131\u015fan &#8220;T&#8221; seri plakal\u0131 ticari ara\u00e7lar\u0131n da s\u00f6z konusu il\u00e7elere yolcu g\u00f6t\u00fcrebilecekleri, ancak buralardan yolcu alamayacaklar\u0131 uygulamas\u0131na devam edilmesini kararla\u015ft\u0131rd\u0131.<\/p>\n<p style=\"text-align: justify;\">UKOME, k\u00f6pr\u00fc ve otoyol ge\u00e7i\u015f bedellerinin tamam\u0131n\u0131n da m\u00fc\u015fteriden al\u0131nmas\u0131 uygulamas\u0131n\u0131n devam\u0131 y\u00f6n\u00fcnde karar ald\u0131.<\/p>\n<p style=\"text-align: justify;\">Kad\u0131k\u00f6y, Seyrantepe, Zeytinburnu, Be\u015fikta\u015f ve Aksaray&#8217;da belirlenen noktalarda 16 Eyl\u00fcl \u00c7ar\u015famba g\u00fcn\u00fc saat 00.00&#8217;a kadar taksimetrelerini ayarlatacak olan taksiciler, 17 Eyl\u00fcl&#8217;de yeni tarifeyi uygulayacak.<\/p>\n<p style=\"text-align: justify;\"><strong><em>&#8220;Taksi esnaf\u0131 zor ge\u00e7iniyor&#8221; <\/em><\/strong><\/p>\n<p style=\"text-align: justify;\">\u0130stanbul Taksiciler Esnaf Odas\u0131 Ba\u015fkan\u0131 Semih Ka\u00e7ano\u011flu, yeni d\u00fczenlemeye ili\u015fkin yapt\u0131\u011f\u0131 a\u00e7\u0131klamada, \u0130stanbul gibi g\u00fcnden g\u00fcne b\u00fcy\u00fcyen bir mega \u015fehirde 24 saat hizmet veren taksici esnaf\u0131n\u0131n son d\u00f6nemlerde b\u00fcy\u00fck s\u0131k\u0131nt\u0131lar \u00e7ekti\u011fini bildirdi.<\/p>\n<p style=\"text-align: justify;\">Trafi\u011fin art\u0131k g\u00fcn\u00fcn her saatinde yo\u011fun oldu\u011funu, bu yo\u011fun trafikte \u00e7al\u0131\u015fan esnaf\u0131n mazot ve LPG giderlerinin artmas\u0131yla birlikte i\u015f yapma olas\u0131l\u0131\u011f\u0131n\u0131n da yar\u0131 yar\u0131ya d\u00fc\u015ft\u00fc\u011f\u00fcn\u00fc \u00f6ne s\u00fcren Ka\u00e7ano\u011flu, &#8220;15 Aral\u0131k 2007 tarihinde ald\u0131\u011f\u0131m\u0131z y\u00fczde 15&#8217;lik taksi zamm\u0131n\u0131n \u00fczerinden 20 ay ge\u00e7mi\u015ftir. Bu y\u00fczden b\u00fcy\u00fck \u00f6l\u00e7\u00fcde ma\u011fdur olunmaktad\u0131r. Taksici esnaf\u0131 g\u00fcnl\u00fck kazanc\u0131 ile zor ge\u00e7inmektedir&#8221; dedi.<\/p>\n<p style=\"text-align: justify;\">Ka\u00e7ano\u011flu, gece tarifesinin kald\u0131r\u0131lmas\u0131na ili\u015fkin de, &#8220;\u00dclkemizde ya\u015fanan ekonomik kriz nedeniyle 18 bin taksinin gece i\u015flerinin azald\u0131\u011f\u0131ndan dolay\u0131 m\u00fc\u015fteri bulamamaktan \u015fikayet eden esnaf\u0131m\u0131z ile yap\u0131lan toplant\u0131larda, gece tarifesinin kalkmas\u0131 konusunda karar al\u0131nm\u0131\u015ft\u0131r. Esnaf\u0131m\u0131z\u0131n i\u015flerinin artaca\u011f\u0131n\u0131 tahmin etmekteyiz. Esnaf\u0131m\u0131z\u0131n ma\u011fdur olmamas\u0131 a\u00e7\u0131s\u0131ndan da a\u00e7\u0131l\u0131\u015f y\u00fcksek tutulmu\u015ftur&#8221; dedi.<\/p>\n<p style=\"text-align: justify;\"><span style=\"color: #888888;\">CNN T\u00dcRK<\/span><\/p>\n","protected":false},"excerpt":{"rendered":"<\/p>\n<p style=\"text-align: justify;\">\u0130stanbul&#8217;da taksi \u00fccretleri yeniden d\u00fczenlendi. D\u00fczenleme kapsam\u0131nda gece tarifesi kald\u0131r\u0131ld\u0131. Taksimetre a\u00e7\u0131l\u0131\u015f \u00fccretini 2 TL&#8217;den 2,5 TL&#8217;ye, kilometre ba\u015f\u0131na \u00fccreti 1,3 TL&#8217;den 1,4 TL&#8217;ye \u00e7\u0131kartt\u0131. Yeni tarife 17 Eyl\u00fcl&#8217;de uygulanacak.<\/p>\n<p style=\"text-align: justify;\">\u0130stanbul B\u00fcy\u00fck\u015fehir Belediyesi Ula\u015f\u0131m Koordinasyon Merkezi (UKOME), \u0130stanbul Taksiciler Esnaf Odas\u0131&#8217;n\u0131n zam talebini de\u011ferlendirdi.<\/p>\n<p style=\"text-align: justify;\">\u0130lk 10 dakikas\u0131 \u00fccretsiz <\/p>\n","protected":false},"author":1,"featured_media":0,"comment_status":"open","ping_status":"closed","sticky":false,"template":"","format":"standard","meta":{"footnotes":""},"categories":[7],"tags":[],"class_list":["post-14692","post","type-post","status-publish","format-standard","hentry","category-ekonomi","odd"],"_links":{"self":[{"href":"http:\/\/www.korhanyilmaz.com\/index.php?rest_route=\/wp\/v2\/posts\/14692","targetHints":{"allow":["GET"]}}],"collection":[{"href":"http:\/\/www.korhanyilmaz.com\/index.php?rest_route=\/wp\/v2\/posts"}],"about":[{"href":"http:\/\/www.korhanyilmaz.com\/index.php?rest_route=\/wp\/v2\/types\/post"}],"author":[{"embeddable":true,"href":"http:\/\/www.korhanyilmaz.com\/index.php?rest_route=\/wp\/v2\/users\/1"}],"replies":[{"embeddable":true,"href":"http:\/\/www.korhanyilmaz.com\/index.php?rest_route=%2Fwp%2Fv2%2Fcomments&post=14692"}],"version-history":[{"count":0,"href":"http:\/\/www.korhanyilmaz.com\/index.php?rest_route=\/wp\/v2\/posts\/14692\/revisions"}],"wp:attachment":[{"href":"http:\/\/www.korhanyilmaz.com\/index.php?rest_route=%2Fwp%2Fv2%2Fmedia&parent=14692"}],"wp:term":[{"taxonomy":"category","embeddable":true,"href":"http:\/\/www.korhanyilmaz.com\/index.php?rest_route=%2Fwp%2Fv2%2Fcategories&post=14692"},{"taxonomy":"post_tag","embeddable":true,"href":"http:\/\/www.korhanyilmaz.com\/index.php?rest_route=%2Fwp%2Fv2%2Ftags&post=14692"}],"curies":[{"name":"wp","href":"https:\/\/api.w.org\/{rel}","templated":true}]}}