{"id":14688,"date":"2009-09-15T09:57:15","date_gmt":"2009-09-15T06:57:15","guid":{"rendered":"http:\/\/www.korhanyilmaz.com\/?p=14688"},"modified":"2009-09-15T09:57:15","modified_gmt":"2009-09-15T06:57:15","slug":"esaddan-onemli-mesaj-dagdaki-pkklilari-aliriz","status":"publish","type":"post","link":"http:\/\/www.korhanyilmaz.com\/?p=14688","title":{"rendered":"Esad&#8217;dan \u00f6nemli mesaj: &#8216;Da\u011fdaki PKK&#8217;l\u0131lar\u0131 al\u0131r\u0131z&#8217;"},"content":{"rendered":"<p style=\"text-align: center;\"><a href=\"http:\/\/www.korhanyilmaz.com\/wp-content\/uploads\/2009\/09\/ESAD.jpg\"  class=\"lightview\"><img loading=\"lazy\" decoding=\"async\" class=\"aligncenter size-full wp-image-14689\" src=\"http:\/\/www.korhanyilmaz.com\/wp-content\/uploads\/2009\/09\/ESAD.jpg\" alt=\"\" width=\"307\" height=\"236\" \/><\/a><\/p>\n<p style=\"text-align: justify;\">Yar\u0131n T\u00fcrkiye&#8217;yi ziyaret edecek olan Suriye Devlet Ba\u015fkan\u0131 Be\u015far Esad, \u0130stanbul&#8217;a gelmeden \u00f6nce T\u00fcrkiye&#8217;ye &#8220;K\u00fcrt a\u00e7\u0131l\u0131m\u0131&#8221; ile ilgili \u00e7ok \u00f6nemli bir mesaj g\u00f6nderdi: &#8220;Silah b\u0131rak\u0131rlarsa da\u011fdaki Suriyeli PKK&#8217;l\u0131lar\u0131 al\u0131r\u0131z&#8221;<\/p>\n<p style=\"text-align: justify;\">T\u00fcrkiye ziyareti \u00f6ncesi T\u00fcrk gazetecileri kabul eden Suriye Devlet Ba\u015fkan\u0131 Be\u015far Esad, Ankara&#8217;n\u0131n son d\u00f6nemlerde ba\u015flatt\u0131\u011f\u0131 a\u00e7\u0131l\u0131m politikas\u0131n\u0131n sadece T\u00fcrkiye&#8217;yi de\u011fil t\u00fcm b\u00f6lgeyi de olumlu y\u00f6nde etkileyece\u011fini s\u00f6yledi. <!--more--><\/p>\n<p style=\"text-align: justify;\">PKK&#8217;ya kar\u015f\u0131 m\u00fccadelede Suriye&#8217;nin T\u00fcrkiye&#8217;nin yan\u0131nda yer ald\u0131\u011f\u0131n\u0131n alt\u0131n\u0131 \u00e7izen Esad, Kuzey Irak&#8217;ta bar\u0131nan ve say\u0131lar\u0131 1500 oldu\u011fu \u00f6ne s\u00fcr\u00fclen Suriye k\u00f6kenli ter\u00f6ristlerin silah b\u0131rakmas\u0131 durumunda bunlar\u0131 \u00fclkesine kabul edece\u011fini s\u00f6yledi.<\/p>\n<p style=\"text-align: justify;\">Ancak K\u00fcrt a\u00e7\u0131l\u0131m\u0131n\u0131n zamanlamas\u0131 konusunda kayg\u0131lar\u0131 oldu\u011funu vurgulayan Esad, &#8220;\u00fclke b\u00fct\u00fcnl\u00fc\u011f\u00fcn\u00fcn en \u00f6nemli hedef&#8221; olmas\u0131 gerekti\u011fini belirtti.<\/p>\n<p style=\"text-align: justify;\"><strong><em>Ermeni a\u00e7\u0131l\u0131m\u0131:<\/em><\/strong><\/p>\n<p style=\"text-align: justify;\">Ermeni a\u00e7\u0131l\u0131m\u0131na da destek veren Esad, &#8220;Ermeni a\u00e7\u0131l\u0131m\u0131 bizi de yak\u0131ndan ilgilendiriyor. \u00dcstelik bu yaln\u0131zca Suriye&#8217;de ya\u015fayan Ermeni az\u0131nl\u0131\u011f\u0131 ilgilendiren bir konu oldu\u011fu i\u00e7in de de\u011fildir. \u0130ki \u00fclke aras\u0131ndaki ili\u015fkiler rahatlarsa \u00e7evredeki \u00fclkeler de rahatlar. Onun i\u00e7in bizim daha fazla \u00e7\u00f6z\u00fcmlere ve a\u00e7\u0131l\u0131mlara ihtiyac\u0131m\u0131z var&#8221; dedi.<\/p>\n<p style=\"text-align: justify;\"><em><strong>\u0130srail-Suriye g\u00f6r\u00fc\u015fmeleri:<\/strong><\/em><\/p>\n<p style=\"text-align: justify;\">\u0130srail-Suriye dolayl\u0131 g\u00f6r\u00fc\u015fmelerine de de\u011finen Suriye lideri, T\u00fcrkiye&#8217;nin arabuluculu\u011fu olmadan \u0130srail ile do\u011frudan g\u00f6r\u00fc\u015fme fikrine s\u0131cak bakmad\u0131klar\u0131n\u0131 kaydetti.<\/p>\n<p style=\"text-align: justify;\">Suriye lideri Esad yar\u0131n Ba\u015fbakan Recep Tayyip Erdo\u011fan&#8217;\u0131n verece\u011fi &#8220;Karde\u015flik yolunda bir ad\u0131m daha&#8221; temal\u0131 iftar davetine kat\u0131lacak.<\/p>\n<p style=\"text-align: justify;\"><span style=\"color: #888888;\">CNN T\u00dcRK<\/span><\/p>\n","protected":false},"excerpt":{"rendered":"<p style=\"text-align: center;\">\n<p style=\"text-align: justify;\">Yar\u0131n T\u00fcrkiye&#8217;yi ziyaret edecek olan Suriye Devlet Ba\u015fkan\u0131 Be\u015far Esad, \u0130stanbul&#8217;a gelmeden \u00f6nce T\u00fcrkiye&#8217;ye &#8220;K\u00fcrt a\u00e7\u0131l\u0131m\u0131&#8221; ile ilgili \u00e7ok \u00f6nemli bir mesaj g\u00f6nderdi: &#8220;Silah b\u0131rak\u0131rlarsa da\u011fdaki Suriyeli PKK&#8217;l\u0131lar\u0131 al\u0131r\u0131z&#8221;<\/p>\n<p style=\"text-align: justify;\">T\u00fcrkiye ziyareti \u00f6ncesi T\u00fcrk gazetecileri kabul eden Suriye Devlet Ba\u015fkan\u0131 Be\u015far Esad, Ankara&#8217;n\u0131n son d\u00f6nemlerde ba\u015flatt\u0131\u011f\u0131 a\u00e7\u0131l\u0131m politikas\u0131n\u0131n sadece <\/p>\n","protected":false},"author":1,"featured_media":0,"comment_status":"open","ping_status":"closed","sticky":false,"template":"","format":"standard","meta":{"footnotes":""},"categories":[3],"tags":[],"class_list":["post-14688","post","type-post","status-publish","format-standard","hentry","category-dunya","odd"],"_links":{"self":[{"href":"http:\/\/www.korhanyilmaz.com\/index.php?rest_route=\/wp\/v2\/posts\/14688","targetHints":{"allow":["GET"]}}],"collection":[{"href":"http:\/\/www.korhanyilmaz.com\/index.php?rest_route=\/wp\/v2\/posts"}],"about":[{"href":"http:\/\/www.korhanyilmaz.com\/index.php?rest_route=\/wp\/v2\/types\/post"}],"author":[{"embeddable":true,"href":"http:\/\/www.korhanyilmaz.com\/index.php?rest_route=\/wp\/v2\/users\/1"}],"replies":[{"embeddable":true,"href":"http:\/\/www.korhanyilmaz.com\/index.php?rest_route=%2Fwp%2Fv2%2Fcomments&post=14688"}],"version-history":[{"count":0,"href":"http:\/\/www.korhanyilmaz.com\/index.php?rest_route=\/wp\/v2\/posts\/14688\/revisions"}],"wp:attachment":[{"href":"http:\/\/www.korhanyilmaz.com\/index.php?rest_route=%2Fwp%2Fv2%2Fmedia&parent=14688"}],"wp:term":[{"taxonomy":"category","embeddable":true,"href":"http:\/\/www.korhanyilmaz.com\/index.php?rest_route=%2Fwp%2Fv2%2Fcategories&post=14688"},{"taxonomy":"post_tag","embeddable":true,"href":"http:\/\/www.korhanyilmaz.com\/index.php?rest_route=%2Fwp%2Fv2%2Ftags&post=14688"}],"curies":[{"name":"wp","href":"https:\/\/api.w.org\/{rel}","templated":true}]}}