{"id":14684,"date":"2009-09-15T10:28:41","date_gmt":"2009-09-15T07:28:41","guid":{"rendered":"http:\/\/www.korhanyilmaz.com\/?p=14684"},"modified":"2009-09-15T10:28:41","modified_gmt":"2009-09-15T07:28:41","slug":"erdogan-vergi-cezasiyla-ilgili-suskunlugunu-bozdu","status":"publish","type":"post","link":"http:\/\/www.korhanyilmaz.com\/?p=14684","title":{"rendered":"Erdo\u011fan vergi cezas\u0131yla ilgili suskunlu\u011funu bozdu"},"content":{"rendered":"<p style=\"text-align: center;\"><a href=\"http:\/\/www.korhanyilmaz.com\/wp-content\/uploads\/2009\/09\/tayyip1.jpg\"  class=\"lightview\"><img loading=\"lazy\" decoding=\"async\" class=\"aligncenter size-full wp-image-14685\" src=\"http:\/\/www.korhanyilmaz.com\/wp-content\/uploads\/2009\/09\/tayyip1.jpg\" alt=\"\" width=\"307\" height=\"236\" \/><\/a><\/p>\n<p style=\"text-align: justify;\">Ba\u015fbakan Recep Tayyip Erdo\u011fan, Do\u011fan Yay\u0131n Holding&#8217;e verilen rekor vergi cezas\u0131na y\u00f6nelik tepkilerle ilgili ilk kez konu\u015ftu. Erdo\u011fan, &#8220;\u0130ktidar\u0131n \u00f6zg\u00fcr bas\u0131n\u0131 susturmak gibi bir niyeti olamaz&#8221; dedi.<\/p>\n<p style=\"text-align: justify;\">Ankara&#8217;da g\u00f6rev yapan b\u00fcy\u00fckel\u00e7ilere verdi\u011fi iftar yeme\u011finde konu\u015fan Ba\u015fbakan, kurumlar\u0131n rutin \u00e7al\u0131\u015fmas\u0131n\u0131 bas\u0131n \u00f6zg\u00fcrl\u00fc\u011f\u00fc ile kar\u0131\u015ft\u0131rman\u0131n do\u011fru olmad\u0131\u011f\u0131n\u0131 s\u00f6yledi. <!--more--><\/p>\n<p style=\"text-align: justify;\">Erdo\u011fan, &#8220;\u0130fade \u00f6zg\u00fcrl\u00fc\u011f\u00fcne bu kadar \u00f6nem veren, verdi\u011fi \u00f6nemin gere\u011fini de hakk\u0131yla yerine getiren bir iktidar\u0131n \u00f6zg\u00fcr bas\u0131n\u0131 susturmak, engellemek, s\u0131k\u0131\u015ft\u0131rmak, siyasi bask\u0131 kurmak gibi niyeti olmaz&#8221; diye konu\u015ftu.<\/p>\n<p style=\"text-align: justify;\">Erdo\u011fan, rekor cezaya tepki g\u00f6steren avrupa \u00fclkelerine de cevap verdi, &#8220;Meselenin ba\u015fka yerlere \u00e7ekilmesi \u00f6zellikle Avrupa Birli\u011fi nezdinde yanl\u0131\u015f propaganda ile T\u00fcrkiye aleyhine bir noktaya \u00e7ekilmesi yanl\u0131\u015f olur&#8221; dedi.<\/p>\n<p style=\"text-align: justify;\">Erdo\u011fan&#8217;\u0131n a\u00e7\u0131klamalar\u0131 Reuters haber ajans\u0131 taraf\u0131ndan acil koduyla abonelerine duyuruldu.<\/p>\n<p style=\"text-align: justify;\"><span style=\"color: #888888;\">CNN T\u00dcRK<\/span><\/p>\n","protected":false},"excerpt":{"rendered":"<p style=\"text-align: center;\">\n<p style=\"text-align: justify;\">Ba\u015fbakan Recep Tayyip Erdo\u011fan, Do\u011fan Yay\u0131n Holding&#8217;e verilen rekor vergi cezas\u0131na y\u00f6nelik tepkilerle ilgili ilk kez konu\u015ftu. Erdo\u011fan, &#8220;\u0130ktidar\u0131n \u00f6zg\u00fcr bas\u0131n\u0131 susturmak gibi bir niyeti olamaz&#8221; dedi.<\/p>\n<p style=\"text-align: justify;\">Ankara&#8217;da g\u00f6rev yapan b\u00fcy\u00fckel\u00e7ilere verdi\u011fi iftar yeme\u011finde konu\u015fan Ba\u015fbakan, kurumlar\u0131n rutin \u00e7al\u0131\u015fmas\u0131n\u0131 bas\u0131n \u00f6zg\u00fcrl\u00fc\u011f\u00fc ile kar\u0131\u015ft\u0131rman\u0131n do\u011fru olmad\u0131\u011f\u0131n\u0131 s\u00f6yledi. <\/p>\n","protected":false},"author":1,"featured_media":0,"comment_status":"open","ping_status":"closed","sticky":false,"template":"","format":"standard","meta":{"footnotes":""},"categories":[7],"tags":[],"class_list":["post-14684","post","type-post","status-publish","format-standard","hentry","category-ekonomi","odd"],"_links":{"self":[{"href":"http:\/\/www.korhanyilmaz.com\/index.php?rest_route=\/wp\/v2\/posts\/14684","targetHints":{"allow":["GET"]}}],"collection":[{"href":"http:\/\/www.korhanyilmaz.com\/index.php?rest_route=\/wp\/v2\/posts"}],"about":[{"href":"http:\/\/www.korhanyilmaz.com\/index.php?rest_route=\/wp\/v2\/types\/post"}],"author":[{"embeddable":true,"href":"http:\/\/www.korhanyilmaz.com\/index.php?rest_route=\/wp\/v2\/users\/1"}],"replies":[{"embeddable":true,"href":"http:\/\/www.korhanyilmaz.com\/index.php?rest_route=%2Fwp%2Fv2%2Fcomments&post=14684"}],"version-history":[{"count":0,"href":"http:\/\/www.korhanyilmaz.com\/index.php?rest_route=\/wp\/v2\/posts\/14684\/revisions"}],"wp:attachment":[{"href":"http:\/\/www.korhanyilmaz.com\/index.php?rest_route=%2Fwp%2Fv2%2Fmedia&parent=14684"}],"wp:term":[{"taxonomy":"category","embeddable":true,"href":"http:\/\/www.korhanyilmaz.com\/index.php?rest_route=%2Fwp%2Fv2%2Fcategories&post=14684"},{"taxonomy":"post_tag","embeddable":true,"href":"http:\/\/www.korhanyilmaz.com\/index.php?rest_route=%2Fwp%2Fv2%2Ftags&post=14684"}],"curies":[{"name":"wp","href":"https:\/\/api.w.org\/{rel}","templated":true}]}}