{"id":14680,"date":"2009-09-15T10:58:00","date_gmt":"2009-09-15T07:58:00","guid":{"rendered":"http:\/\/www.korhanyilmaz.com\/?p=14680"},"modified":"2009-09-15T10:58:00","modified_gmt":"2009-09-15T07:58:00","slug":"papandreu%e2%80%99dan-%e2%80%98u%e2%80%99-donusu","status":"publish","type":"post","link":"http:\/\/www.korhanyilmaz.com\/?p=14680","title":{"rendered":"Papandreu\u2019dan \u2018U\u2019 d\u00f6n\u00fc\u015f\u00fc!"},"content":{"rendered":"<p style=\"text-align: center;\"><a href=\"http:\/\/www.korhanyilmaz.com\/wp-content\/uploads\/2009\/09\/yorgo.jpg\"  class=\"lightview\"><img loading=\"lazy\" decoding=\"async\" class=\"aligncenter size-full wp-image-14681\" src=\"http:\/\/www.korhanyilmaz.com\/wp-content\/uploads\/2009\/09\/yorgo.jpg\" alt=\"\" width=\"329\" height=\"210\" \/><\/a><\/p>\n<p style=\"text-align: justify;\">T\u00fcrk-Yunan ili\u015fkilerinin geli\u015fti\u011fi 2000\u2019li y\u0131llar\u0131n ba\u015f\u0131nda, D\u0131\u015fi\u015fleri Bakan\u0131 \u0130smail Cem ile bu yak\u0131nla\u015fman\u0131n en b\u00fcy\u00fck mimar\u0131 olan eski Yunan D\u0131\u015fi\u015fleri Bakan\u0131 Yorgo Papandreu, 4 Ekim\u2019deki genel se\u00e7imlerde, t\u00fcm oy yat\u0131r\u0131m\u0131n\u0131 T\u00fcrkiye kar\u015f\u0131tl\u0131\u011f\u0131na koymu\u015f gibi g\u00f6z\u00fck\u00fcyor. D\u0131\u015fi\u015fleri Bakan\u0131 iken her f\u0131rsatta T\u00fcrkiye\u2019nin AB \u00fcyeli\u011fine destek verdi\u011fini s\u00f6yleyen, AB\u2019nin T\u00fcrkiye\u2019siz olamayaca\u011f\u0131n\u0131 belirten ve ba\u015fbakan oldu\u011funda T\u00fcrkiye\u2019nin AB \u00fcyeli\u011fi i\u00e7in \u00e7al\u0131\u015faca\u011f\u0131n\u0131 s\u00f6yleyen Yorgo Papandreu da, Alman ve Frans\u0131z liderler gibi yerel politikaya yenildi. <!--more--><\/p>\n<p style=\"text-align: justify;\">Sosyalist ana muhalefet partisi PASOK\u2019un Genel Ba\u015fkan\u0131 Papandreu, h\u00fck\u00fcmeti T\u00fcrk-Yunan ve T\u00fcrkiye-AB ili\u015fkileri konusundaki politikalar\u0131 nedeniyle ele\u015ftiri bombard\u0131man\u0131na tuttu. Yeni Demokrasi Partisi lideri Karamanlis\u2019in T\u00fcrkiye\u2019ye kar\u015f\u0131 yumu\u015fak bir tutumda bulundu\u011funu s\u00f6yleyen, siyasi lider, \u201c\u0130ktidara gelince T\u00fcrkiye\u2019nin \u00fcyeli\u011fini veto edebilirim\u201d diye konu\u015ftu.<\/p>\n<p style=\"text-align: justify;\">Selanik\u2019te gazetecilere konu\u015fan Papandreu, \u201cT\u00fcrkiye uluslararas\u0131 yasalara sayg\u0131l\u0131 de\u011fil. Karamanlis T\u00fcrkiye\u2019nin Ege\u2019deki yasa ihlallerine ve K\u0131br\u0131s\u2019ta \u00e7\u00f6z\u00fcms\u00fczl\u00fck inad\u0131na kar\u015f\u0131n T\u00fcrkiye\u2019den korkmu\u015f durumda. Hi\u00e7bir \u015fey yapm\u0131yor\u201d dedi. Yunanistan\u2019da yap\u0131lan son anketlere g\u00f6re Papandreu\u2019nun PASOK partisi, Karamanlis\u2019in Yeni Demokrasi partisinin 4-5 puan \u00f6n\u00fcnde g\u00f6r\u00fcn\u00fcyor. 6 ile 8 puan aras\u0131nda zaferle ayr\u0131lmas\u0131 durumunda tek ba\u015f\u0131na iktidar oluyor.<\/p>\n<p style=\"text-align: justify;\"><strong><em>Daha \u00f6nce ne demi\u015fti? <\/em><\/strong><\/p>\n<p style=\"text-align: justify;\">2005\u2019te T\u00fcrkiye\u2019yi ziyaret eden Yunanistan ana muhalefet partisi PASOK\u2019un Genel Ba\u015fkan\u0131 Yorgo Papandreu, T\u00fcrkiye\u2019nin AB\u2019ye al\u0131nmas\u0131n\u0131n, d\u00fcnyaya, \u2019M\u00fcsl\u00fcmanlardan olu\u015fan modern bir \u00fclkenin AB\u2019ye girebilece\u011fini\u2019 g\u00f6steren bir mesaj olaca\u011f\u0131n\u0131 s\u00f6ylemi\u015fit. Sabanc\u0131 \u00dcniversitesi\u2019nde bir toplant\u0131ya kat\u0131lan Papandreu, \u201cT\u00fcrkiye\u2019nin \u00fcyeli\u011fi, AB\u2019yi g\u00fc\u00e7lendirecektir. Avrupa\u2019n\u0131n T\u00fcrkiye\u2019yi almamas\u0131, en \u00f6nemli \u00f6zelli\u011fi olan \u00e7e\u015fitlili\u011fi ortadan kald\u0131rmak anlam\u0131na gelir. Avrupa i\u00e7in T\u00fcrkiye, fakir bir akrabadan \u00e7ok, bir de\u011ferdir\u201d diye konu\u015fmu\u015ftu.<\/p>\n<p style=\"text-align: justify;\"><span style=\"color: #888888;\">Vatan D\u0131\u015f Haberler<\/span><\/p>\n","protected":false},"excerpt":{"rendered":"<p style=\"text-align: center;\">\n<p style=\"text-align: justify;\">T\u00fcrk-Yunan ili\u015fkilerinin geli\u015fti\u011fi 2000\u2019li y\u0131llar\u0131n ba\u015f\u0131nda, D\u0131\u015fi\u015fleri Bakan\u0131 \u0130smail Cem ile bu yak\u0131nla\u015fman\u0131n en b\u00fcy\u00fck mimar\u0131 olan eski Yunan D\u0131\u015fi\u015fleri Bakan\u0131 Yorgo Papandreu, 4 Ekim\u2019deki genel se\u00e7imlerde, t\u00fcm oy yat\u0131r\u0131m\u0131n\u0131 T\u00fcrkiye kar\u015f\u0131tl\u0131\u011f\u0131na koymu\u015f gibi g\u00f6z\u00fck\u00fcyor. D\u0131\u015fi\u015fleri Bakan\u0131 iken her f\u0131rsatta T\u00fcrkiye\u2019nin AB \u00fcyeli\u011fine destek verdi\u011fini s\u00f6yleyen, AB\u2019nin T\u00fcrkiye\u2019siz olamayaca\u011f\u0131n\u0131 belirten <\/p>\n","protected":false},"author":1,"featured_media":0,"comment_status":"open","ping_status":"closed","sticky":false,"template":"","format":"standard","meta":{"footnotes":""},"categories":[3],"tags":[],"class_list":["post-14680","post","type-post","status-publish","format-standard","hentry","category-dunya","odd"],"_links":{"self":[{"href":"http:\/\/www.korhanyilmaz.com\/index.php?rest_route=\/wp\/v2\/posts\/14680","targetHints":{"allow":["GET"]}}],"collection":[{"href":"http:\/\/www.korhanyilmaz.com\/index.php?rest_route=\/wp\/v2\/posts"}],"about":[{"href":"http:\/\/www.korhanyilmaz.com\/index.php?rest_route=\/wp\/v2\/types\/post"}],"author":[{"embeddable":true,"href":"http:\/\/www.korhanyilmaz.com\/index.php?rest_route=\/wp\/v2\/users\/1"}],"replies":[{"embeddable":true,"href":"http:\/\/www.korhanyilmaz.com\/index.php?rest_route=%2Fwp%2Fv2%2Fcomments&post=14680"}],"version-history":[{"count":0,"href":"http:\/\/www.korhanyilmaz.com\/index.php?rest_route=\/wp\/v2\/posts\/14680\/revisions"}],"wp:attachment":[{"href":"http:\/\/www.korhanyilmaz.com\/index.php?rest_route=%2Fwp%2Fv2%2Fmedia&parent=14680"}],"wp:term":[{"taxonomy":"category","embeddable":true,"href":"http:\/\/www.korhanyilmaz.com\/index.php?rest_route=%2Fwp%2Fv2%2Fcategories&post=14680"},{"taxonomy":"post_tag","embeddable":true,"href":"http:\/\/www.korhanyilmaz.com\/index.php?rest_route=%2Fwp%2Fv2%2Ftags&post=14680"}],"curies":[{"name":"wp","href":"https:\/\/api.w.org\/{rel}","templated":true}]}}