{"id":14676,"date":"2009-09-14T15:58:18","date_gmt":"2009-09-14T13:58:18","guid":{"rendered":"http:\/\/www.korhanyilmaz.com\/?p=14676"},"modified":"2009-09-14T15:58:18","modified_gmt":"2009-09-14T13:58:18","slug":"devlet-sirrini-aciklayacak","status":"publish","type":"post","link":"http:\/\/www.korhanyilmaz.com\/?p=14676","title":{"rendered":"Devlet s\u0131rr\u0131n\u0131 a\u00e7\u0131klayacak"},"content":{"rendered":"<p><a href=\"http:\/\/www.korhanyilmaz.com\/wp-content\/uploads\/2009\/09\/bahceli.jpg\"  class=\"lightview\"><img loading=\"lazy\" decoding=\"async\" class=\"aligncenter size-full wp-image-14677\" src=\"http:\/\/www.korhanyilmaz.com\/wp-content\/uploads\/2009\/09\/bahceli.jpg\" alt=\"\" width=\"320\" height=\"100\" \/><\/a><\/p>\n<p style=\"text-align: justify;\">MHP Genel Ba\u015fkan\u0131 Devlet Bah\u00e7eli: Kapal\u0131 oturumda ne konu\u015fuldu\u011funu a\u00e7\u0131klar\u0131z.<\/p>\n<p style=\"text-align: justify;\">MHP Genel Ba\u015fkan\u0131 Devlet Bah\u00e7eli, &#8220;T\u00fcrkiye&#8217;nin milli birli\u011fini ve karde\u015fli\u011fini korumay\u0131, \u00fclkesi ve milletiyle b\u00f6l\u00fcnmez b\u00fct\u00fcnl\u00fc\u011f\u00fcn\u00fc savunmay\u0131 stat\u00fckoculuk olarak g\u00f6ren Ba\u015fbakan&#8217;la bizim konu\u015faca\u011f\u0131m\u0131z hi\u00e7bir \u015fey yoktur&#8221; ifadesini kulland\u0131.<\/p>\n<p style=\"text-align: justify;\">Bah\u00e7eli, yapt\u0131\u011f\u0131 yaz\u0131l\u0131 a\u00e7\u0131klamada, \u015fu g\u00f6r\u00fc\u015flere yer verdi: &#8220;Ba\u015fbakan Erdo\u011fan&#8217;\u0131n b\u00fcy\u00fck bir heyecanla sahip \u00e7\u0131kt\u0131\u011f\u0131 K\u00fcrt a\u00e7\u0131l\u0131m\u0131 konusundaki d\u00fcnk\u00fc s\u00f6zleri su\u00e7lular\u0131n tela\u015f\u0131n\u0131 yans\u0131tan inkar, yalan ve hezeyanlard\u0131r. AKP Genel Ba\u015fkan\u0131 T\u00fcrkiye&#8217;nin milli kimli\u011finden rahats\u0131zl\u0131k duyan, T\u00fcrk milletini etnik temelde ayr\u0131\u015ft\u0131rma hastal\u0131\u011f\u0131 ile malul olan ve T\u00fcrkiye&#8217;yi b\u00f6lmek i\u00e7in model aray\u0131\u015f\u0131n\u0131 g\u00f6ren ilk Ba\u015fbakan olarak tarihe ge\u00e7mi\u015ftir. <!--more--><\/p>\n<p style=\"text-align: justify;\">K\u00fcrt a\u00e7\u0131l\u0131m\u0131 ad\u0131 alt\u0131nda T\u00fcrkiye&#8217;nin milli birli\u011fine ve varl\u0131\u011f\u0131na kastetmeyi ama\u00e7layan y\u0131k\u0131m projesinin ta\u015feronu olan Ba\u015fbakan Anayasa su\u00e7u i\u015flemeye te\u015febb\u00fcs halindedir. AKP 2002 y\u0131l\u0131nda iktidara geldi\u011fi d\u00f6nemde ter\u00f6r\u00fcn neredeyse s\u0131f\u0131ra indi\u011fi bir T\u00fcrkiye devralm\u0131\u015ft\u0131r. Aradan ge\u00e7en yedi y\u0131lda ter\u00f6r kar\u015f\u0131s\u0131nda acz ve teslimiyet i\u00e7ine girmi\u015f, ter\u00f6rle m\u00fccadeleyi bilin\u00e7li olarak zaafa u\u011fratm\u0131\u015f ve b\u00f6l\u00fcc\u00fclerin \u00fcmit ve cesaret kayna\u011f\u0131 olmu\u015ftur. Kanl\u0131 ter\u00f6r \u00f6rg\u00fct\u00fcne ve ma\u015falar\u0131na silah zoru ile b\u00f6l\u00fcc\u00fc emellerine siyasi yollardan ula\u015fma \u00fcmidi a\u015f\u0131lam\u0131\u015ft\u0131r. B\u00f6l\u00fcc\u00fclere bu cesareti veren Ba\u015fbakan i\u00e7in \u015fimdi tahsilat d\u00f6nemine girilmi\u015ftir.<\/p>\n<p style=\"text-align: justify;\">Kap\u0131 kap\u0131 gezerek tan\u0131t\u0131m\u0131n\u0131 yapmaya \u00e7al\u0131\u015ft\u0131\u011f\u0131 y\u0131k\u0131m projesinin amac\u0131 budur. Ba\u015fbakan&#8217;\u0131n ortak ak\u0131l aray\u0131\u015f\u0131 ad\u0131 alt\u0131nda yapmaya \u00e7al\u0131\u015ft\u0131\u011f\u0131 ihanete ortakl\u0131k aray\u0131\u015f\u0131d\u0131r. Bu y\u0131k\u0131m projesini &#8216;demokratik a\u00e7\u0131l\u0131m&#8217;, &#8216;karde\u015flik&#8217;, &#8216;milli birlik ve b\u00fct\u00fcnl\u00fck projesi&#8217; gibi ambalajlarla pazarlamaya \u00e7al\u0131\u015fmas\u0131 ger\u00e7ek niyetlerini beyhude gizleme \u00e7abas\u0131d\u0131r. Kan akmas\u0131 son bulsun, \u015fehit anneleri a\u011flamas\u0131n diyerek bu y\u0131k\u0131m projesine toplumsal destek aramas\u0131 ve \u015fehit ailelerini buna alet etme hayas\u0131zl\u0131\u011f\u0131n\u0131 g\u00f6stermesi, aziz \u015fehitlerimizi sinsi ama\u00e7lar\u0131 i\u00e7in as\u0131l istismar edenin kendi oldu\u011funu ortaya koymaktad\u0131r. Buna kar\u015f\u0131 \u00e7\u0131kanlar\u0131 ter\u00f6rle beslenenler olarak karalamaya \u00e7al\u0131\u015fan Ba\u015fbakan ve arkada\u015flar\u0131 i\u00e7in b\u00f6l\u00fcc\u00fcl\u00fck yeni siyasi istismar zemini ve rant kap\u0131s\u0131 haline gelmi\u015ftir. Siyasi d\u00fcr\u00fcstl\u00fck ve siyasi ahlak konusunda bir t\u00fcrl\u00fc a\u015famad\u0131\u011f\u0131 kronik sorunlar\u0131 oldu\u011fu anla\u015f\u0131lan Ba\u015fbakan&#8217;a cesareti varsa \u015fu sorular\u0131n cevab\u0131n\u0131 T\u00fcrk milletine vermeye \u00e7a\u011f\u0131r\u0131yorum: -Kan akmas\u0131n\u0131 T\u00fcrkiye&#8217;de etnik ayr\u0131\u015fma, \u00e7at\u0131\u015fma ve b\u00f6l\u00fcnme s\u00fcreci ba\u015flatarak m\u0131 durduracaks\u0131n\u0131z? -\u015eehit annelerinin g\u00f6zya\u015flar\u0131n\u0131 ter\u00f6r \u00f6rg\u00fct\u00fcne teslim olarak, onlarla m\u00fczakere ederek mi dindireceksiniz? -T\u00fcrkiye&#8217;nin milli birli\u011fini, b\u00f6l\u00fcc\u00fc ter\u00f6r\u00fcn ayr\u0131l\u0131k\u00e7\u0131 emellerinin ta\u015feronlu\u011funu yaparak, bu talepleri siyaset sahnesine ta\u015f\u0131yarak m\u0131 sa\u011flayacaks\u0131n\u0131z?&#8221;<\/p>\n<p style=\"text-align: justify;\"><strong>-&#8220;\u015e\u0130MD\u0130DEN \u0130LAN ED\u0130YORUM&#8221;- <\/strong><\/p>\n<p style=\"text-align: justify;\">A\u00e7\u0131klamas\u0131nda, TBMM&#8217;de kapal\u0131 oturum yap\u0131lmas\u0131 konusundaki tart\u0131\u015fmalara da de\u011finen Bah\u00e7eli, \u015funlar\u0131 kaydetti: &#8220;Kapal\u0131 kap\u0131lar arkas\u0131nda \u0130mral\u0131 ve Kandil&#8217;deki \u00e7etelerle dolayl\u0131 temas kanallar\u0131 kuranlar\u0131n kendilerini temize \u00e7\u0131karmak i\u00e7in sloganlar arkas\u0131nda sahte hamaset yapmalar\u0131n\u0131n ger\u00e7ek niyet ve h\u00fcviyetlerini saklayamayacakt\u0131r. Ger\u00e7ekleri T\u00fcrk milletinden gizlemek i\u00e7in T\u00fcrkiye B\u00fcy\u00fck Millet Meclisi&#8217;nin bu konuyu gizli oturumda ele almas\u0131n\u0131 isteyenlerin neden utand\u0131klar\u0131n\u0131 T\u00fcrk milleti \u00e7ok iyi de\u011ferlendirecektir.<\/p>\n<p style=\"text-align: justify;\"><strong>-DEVLET SIRRINI A\u00c7IKLAYACAK- <\/strong><\/p>\n<p style=\"text-align: justify;\">AKP&#8217;nin Meclis&#8217;in kapal\u0131 oturum yapmas\u0131ndaki \u0131srar\u0131n\u0131 s\u00fcrd\u00fcrmesi halinde, oturum sonras\u0131 ne cereyan etti\u011fini T\u00fcrk milletine bizzat a\u00e7\u0131klayaca\u011f\u0131m\u0131z\u0131 \u015fimdiden ilan ediyorum. TBMM \u0130\u00e7 T\u00fcz\u00fc\u011f\u00fc&#8217;nde bu konuda yer alan h\u00fck\u00fcmlere ra\u011fmen T\u00fcrkiye&#8217;nin b\u00f6l\u00fcnmesi projesine ili\u015fkin tart\u0131\u015fmalar\u0131n devlet s\u0131rr\u0131 olarak g\u00f6r\u00fclmesi m\u00fcmk\u00fcn de\u011fildir. Ba\u015fbakan Erdo\u011fan&#8217;\u0131n s\u0131k\u0131\u015f\u0131nca ter\u00f6r bitmeden operasyonlar\u0131n durmayaca\u011f\u0131n\u0131 s\u00f6yleyerek millet nezdinde aklanmaya \u00e7al\u0131\u015fmas\u0131 da inand\u0131r\u0131c\u0131 de\u011fildir. Ate\u015f a\u00e7\u0131lmad\u0131k\u00e7a operasyon yap\u0131lmas\u0131na gerek kalmayaca\u011f\u0131 yolunda ge\u00e7mi\u015fte s\u00f6yledikleri ve bu suretle ter\u00f6r \u00f6rg\u00fct\u00fcne \u00f6rt\u00fcl\u00fc moratoryum \u00f6nerdi\u011fi haf\u0131zalardan silinmemi\u015ftir. G\u00fcvenlik g\u00fc\u00e7lerinin askeri operasyonlar\u0131 durdurma \u00e7a\u011fr\u0131lar\u0131n\u0131n PKK&#8217;n\u0131n siyasi temsilcilerinin yan\u0131 s\u0131ra bizzat AKP i\u00e7indeki baz\u0131 milletvekillerinden de geldi\u011fi bir ger\u00e7ektir. Kendisine tavsiyemiz bu s\u00f6zlerini hat\u0131rlamas\u0131 ve T\u00fcrk Silahl\u0131 Kuvvetleri ile ter\u00f6ristleri ayn\u0131 kefeye koyarak ate\u015fkes \u00e7a\u011fr\u0131lar\u0131 yapan yak\u0131n \u00e7al\u0131\u015fma arkada\u015flar\u0131na kar\u015f\u0131 neden hi\u00e7 tepki g\u00f6stermedi\u011fini T\u00fcrk milletine anlatmas\u0131d\u0131r. T\u00fcrkiye&#8217;nin milli birli\u011fi ve varl\u0131\u011f\u0131n\u0131n tehlikeye d\u00fc\u015fmesi halinde, bu hain emellere ge\u00e7it vermemek i\u00e7in Milliyet\u00e7i Hareket&#8217;in nerede olaca\u011f\u0131 bellidir. Bunun i\u00e7in T\u00fcrkiye&#8217;yi ate\u015fe atanlar\u0131n izni ve icazeti aranmayacakt\u0131r. Ba\u015fbakan Erdo\u011fan kendisini a\u015fan konularda konu\u015fmay\u0131 b\u0131rakmal\u0131 ve hi\u00e7 temenni etmemize ra\u011fmen b\u00f6yle bir tarihi kader an\u0131 geldi\u011finde kendisi ve yak\u0131nlar\u0131n\u0131n nereye ka\u00e7acaklar\u0131n\u0131 ve kimlere s\u0131\u011f\u0131nacaklar\u0131n\u0131 d\u00fc\u015f\u00fcnmelidir.<\/p>\n<p style=\"text-align: justify;\">T\u00fcrkiye&#8217;nin milli birli\u011fini ve karde\u015fli\u011fini korumay\u0131, \u00fclkesi ve milletiyle b\u00f6l\u00fcnmez b\u00fct\u00fcnl\u00fc\u011f\u00fcn\u00fc savunmay\u0131 stat\u00fckoculuk olarak g\u00f6ren Ba\u015fbakan&#8217;la bizim konu\u015faca\u011f\u0131m\u0131z hi\u00e7bir \u015fey yoktur. Ger\u00e7ek anlamda vatan ve millet sevgisine sipari\u015fle sahip olunamamaktad\u0131r. Sipari\u015fle milliyet\u00e7ilik de m\u00fcmk\u00fcn de\u011fildir. Ancak, sipari\u015fle \u00fclkesini ve milletini b\u00f6lmek i\u00e7in yola \u00e7\u0131kan bedbahtlara her d\u00f6nemde rastlanabilmektedir.&#8221;<\/p>\n<p style=\"text-align: justify;\"><strong>TBMM \u0130\u00c7T\u00dcZ\u00dc\u011e\u00dcNDE KAPALI OTURUMLARLA \u0130LG\u0130L\u0130 D\u00dcZENLEME \u015e\u00d6YLE; <\/strong><\/p>\n<p style=\"text-align: justify;\">* <strong>MADDE 32<\/strong>\u2013 Bir komisyonda kapal\u0131 oturum yap\u0131lmas\u0131n\u0131 ilgili bakan yahut komisyon \u00fcyelerinin \u00fc\u00e7te biri isteyebilir.<\/p>\n<p style=\"text-align: justify;\">Kapal\u0131 oturumda komisyon \u00fcyelerinden ve bakanlardan ba\u015fkas\u0131 bulunamaz.<\/p>\n<p style=\"text-align: justify;\">Kapal\u0131 oturum yap\u0131lmas\u0131, g\u00f6r\u00fc\u015fmelerin s\u0131r olarak saklanmas\u0131na s\u00f6z vermek demektir.<\/p>\n<p style=\"text-align: justify;\">* <strong>MADDE 70<\/strong>\u2013 T\u00fcrkiye B\u00fcy\u00fck Millet Meclisi Genel Kurulu, Ba\u015fbakan\u0131n veya bir bakan\u0131n veya bir siyas\u00ee parti grubunun yahut yirmi milletvekilinin yaz\u0131l\u0131 istemi \u00fczerine kapal\u0131 oturum yapabilir.<\/p>\n<p style=\"text-align: justify;\">Kapal\u0131 oturum \u00f6nergesi verilince, kapal\u0131 oturumda buluna-bilecek \u015fah\u0131slar d\u0131\u015f\u0131nda herkes, toplant\u0131 salonundan \u00e7\u0131kar\u0131l\u0131r. Salon bo\u015fald\u0131ktan sonra kapal\u0131 oturum \u00f6nergesinin gerek\u00e7esi dinlenir. Bu gerek\u00e7e H\u00fck\u00fcmet ad\u0131na Ba\u015fbakan veya bir bakan veya siyas\u00ee parti grubu s\u00f6zc\u00fcs\u00fc veya \u00f6nergedeki birinci imza sahibi milletvekili yahut onun g\u00f6sterece\u011fi bir di\u011fer imza sahibi milletvekili taraf\u0131ndan a\u00e7\u0131klan\u0131r. Genel Kurul i\u015faret oyuyla karar verir.<\/p>\n<p style=\"text-align: justify;\">Yukar\u0131daki f\u0131krada s\u00f6z konusu g\u00f6r\u00fc\u015fmelerin tutanaklar\u0131 k\u00e2tip \u00fcyelerce tutulur. Ancak, Genel Kurul uygun g\u00f6r\u00fcrse, yeminli stenolar bu g\u00f6revi yerine getirebilirler.<\/p>\n<p style=\"text-align: justify;\">Bakanlar ve dinleyici olarak Cumhurba\u015fkan\u0131 kapal\u0131 oturumlarda bulunabilirler.<\/p>\n<p style=\"text-align: justify;\">Kapal\u0131 oturum s\u0131ras\u0131ndaki g\u00f6r\u00fc\u015fmeler hakk\u0131nda, kapal\u0131 oturumda bulunanlar ve bulunma hakk\u0131na sahip olanlar taraf\u0131ndan hi\u00e7bir a\u00e7\u0131klama yap\u0131lamaz. Bunlar Devlet s\u0131rr\u0131 olarak saklan\u0131r.<\/p>\n<p style=\"text-align: justify;\">Kapal\u0131 oturumu gerektirmi\u015f olan sebep ortadan kalk\u0131nca, Ba\u015fkan, a\u00e7\u0131k oturuma ge\u00e7ilmesini teklif eder. Genel Kurul i\u015faret oyuyla karar verir.<\/p>\n<p style=\"text-align: justify;\">* <strong>MADDE 71<\/strong>\u2013 Kapal\u0131 oturum tutanaklar\u0131n\u0131n birle\u015ftirilmesinden sonra, kapal\u0131 bir oturum akdedilerek eski tutanak \u00f6zeti okunur. \u00d6zetle birlikte tutanak bir zarfa konarak haz\u0131r bulunan k\u00e2tip \u00fcyeler taraf\u0131ndan hemen mumla m\u00fch\u00fcrlenir ve Meclis ar\u015fivine verilir.<\/p>\n<p style=\"text-align: justify;\">Kapal\u0131 oturum tutanaklar\u0131 ve \u00f6zetleri, kapal\u0131 oturum tarihinden itibaren on y\u0131l ge\u00e7tikten sonra yay\u0131mlanabilir.Bunlar\u0131n daha \u00f6nce veya sonra yay\u0131mlanmas\u0131 hususunda Genel Kurul, Dan\u0131\u015fma Kurulunun teklifi \u00fczerine i\u015faret oyuyla karar verir.<\/p>\n<p style=\"text-align: justify;\"><span style=\"color: #888888;\">(kanaldhaber.com.tr)<\/span><\/p>\n","protected":false},"excerpt":{"rendered":"<\/p>\n<p style=\"text-align: justify;\">MHP Genel Ba\u015fkan\u0131 Devlet Bah\u00e7eli: Kapal\u0131 oturumda ne konu\u015fuldu\u011funu a\u00e7\u0131klar\u0131z.<\/p>\n<p style=\"text-align: justify;\">MHP Genel Ba\u015fkan\u0131 Devlet Bah\u00e7eli, &#8220;T\u00fcrkiye&#8217;nin milli birli\u011fini ve karde\u015fli\u011fini korumay\u0131, \u00fclkesi ve milletiyle b\u00f6l\u00fcnmez b\u00fct\u00fcnl\u00fc\u011f\u00fcn\u00fc savunmay\u0131 stat\u00fckoculuk olarak g\u00f6ren Ba\u015fbakan&#8217;la bizim konu\u015faca\u011f\u0131m\u0131z hi\u00e7bir \u015fey yoktur&#8221; ifadesini kulland\u0131.<\/p>\n<p style=\"text-align: justify;\">Bah\u00e7eli, yapt\u0131\u011f\u0131 yaz\u0131l\u0131 a\u00e7\u0131klamada, \u015fu g\u00f6r\u00fc\u015flere yer verdi: &#8220;Ba\u015fbakan Erdo\u011fan&#8217;\u0131n <\/p>\n","protected":false},"author":1,"featured_media":0,"comment_status":"open","ping_status":"closed","sticky":false,"template":"","format":"standard","meta":{"footnotes":""},"categories":[105],"tags":[],"class_list":["post-14676","post","type-post","status-publish","format-standard","hentry","category-gundem","odd"],"_links":{"self":[{"href":"http:\/\/www.korhanyilmaz.com\/index.php?rest_route=\/wp\/v2\/posts\/14676","targetHints":{"allow":["GET"]}}],"collection":[{"href":"http:\/\/www.korhanyilmaz.com\/index.php?rest_route=\/wp\/v2\/posts"}],"about":[{"href":"http:\/\/www.korhanyilmaz.com\/index.php?rest_route=\/wp\/v2\/types\/post"}],"author":[{"embeddable":true,"href":"http:\/\/www.korhanyilmaz.com\/index.php?rest_route=\/wp\/v2\/users\/1"}],"replies":[{"embeddable":true,"href":"http:\/\/www.korhanyilmaz.com\/index.php?rest_route=%2Fwp%2Fv2%2Fcomments&post=14676"}],"version-history":[{"count":0,"href":"http:\/\/www.korhanyilmaz.com\/index.php?rest_route=\/wp\/v2\/posts\/14676\/revisions"}],"wp:attachment":[{"href":"http:\/\/www.korhanyilmaz.com\/index.php?rest_route=%2Fwp%2Fv2%2Fmedia&parent=14676"}],"wp:term":[{"taxonomy":"category","embeddable":true,"href":"http:\/\/www.korhanyilmaz.com\/index.php?rest_route=%2Fwp%2Fv2%2Fcategories&post=14676"},{"taxonomy":"post_tag","embeddable":true,"href":"http:\/\/www.korhanyilmaz.com\/index.php?rest_route=%2Fwp%2Fv2%2Ftags&post=14676"}],"curies":[{"name":"wp","href":"https:\/\/api.w.org\/{rel}","templated":true}]}}