{"id":14672,"date":"2009-09-11T10:25:20","date_gmt":"2009-09-11T07:25:20","guid":{"rendered":"http:\/\/www.korhanyilmaz.com\/?p=14672"},"modified":"2009-09-11T10:25:20","modified_gmt":"2009-09-11T07:25:20","slug":"dtpli-turk-tehdit-etti","status":"publish","type":"post","link":"http:\/\/www.korhanyilmaz.com\/?p=14672","title":{"rendered":"DTP&#039;li T\u00fcrk tehdit etti"},"content":{"rendered":"<p style=\"text-align: justify;\"><a href=\"http:\/\/www.korhanyilmaz.com\/wp-content\/uploads\/2009\/09\/ahmet_turk.jpg\"  class=\"lightview\"><img loading=\"lazy\" decoding=\"async\" class=\"aligncenter size-full wp-image-14673\" title=\"ahmet_turk\" src=\"http:\/\/www.korhanyilmaz.com\/wp-content\/uploads\/2009\/09\/ahmet_turk.jpg\" alt=\"ahmet_turk\" width=\"250\" height=\"170\" \/><\/a><\/p>\n<p style=\"text-align: justify;\"><strong><em>Operasyonlar durmazsa \u015fehit artar<\/em><\/strong><\/p>\n<p style=\"text-align: justify;\">DTP Genel Ba\u015fkan\u0131 Ahmet T\u00fcrk, \u015fehit askerlere \u00fcz\u00fcld\u00fc\u011f\u00fcn\u00fc savundu. \u2019K\u00fcrt a\u00e7\u0131l\u0131m\u0131\u2019s\u00fcreci kapsam\u0131nda Mazlum-der genel merkezini ziyaret eden T\u00fcrk, burada yapt\u0131\u011f\u0131 konu\u015fmada, bu s\u00fcre\u00e7te \u00e7abalar ve f\u0131rsatlar\u0131n oldu\u011funu anlatt\u0131. DTP lideri T\u00fcrk, son g\u00fcnlerde ter\u00f6r \u00f6rg\u00fct\u00fc PKK\u2019n\u0131n hain tuzaklar\u0131nda \u015fehit d\u00fc\u015fen askerlerle ilgili olarak da \u015funlar\u0131 ifade etti: <!--more--><\/p>\n<p style=\"text-align: justify;\"><strong><em>Operasyonlar durmal\u0131<\/em><\/strong><\/p>\n<p style=\"text-align: justify;\">\u201cO haberi Mardin\u2019deyken ald\u0131m. Her ya\u015fanan olaydan, her ya\u015fam\u0131n\u0131 yitiren insan i\u00e7in b\u00fcy\u00fck ac\u0131 duyuyoruz. Ama biz ba\u015f\u0131ndan beri hep \u015funu s\u00f6yledik, operasyonlar durmad\u0131\u011f\u0131 m\u00fcddet\u00e7e buna benzer \u015feylerin ya\u015fanaca\u011f\u0131n\u0131 g\u00f6rmemiz laz\u0131m. Bizim ba\u015f\u0131ndan beri endi\u015femiz bu. Bir a\u00e7\u0131l\u0131m s\u00fcrecinde s\u0131f\u0131r noktada operasyonlar yap\u0131l\u0131rsa, bir da\u011f\u0131n ba\u015f\u0131na gidip operasyonlar yap\u0131l\u0131rsa, maalesef bu \u00f6l\u00fcmlerle, ac\u0131larla kar\u015f\u0131 kar\u015f\u0131ya kal\u0131yoruz. T\u00fcrkiye\u2019nin normalle\u015fmeye ihtiyac\u0131 var. Normalle\u015fme i\u00e7in herkesin hassasiyet g\u00f6stermesi gerekiyor, bunun i\u00e7in operasyonlar yap\u0131lmamal\u0131.\u201d<\/p>\n<p style=\"text-align: justify;\"><span style=\"color: #888888;\">Haber Kayna\u011f\u0131 : yenicaggazetesi.com.tr<\/span><\/p>\n","protected":false},"excerpt":{"rendered":"<p style=\"text-align: justify;\">\n<p style=\"text-align: justify;\">Operasyonlar durmazsa \u015fehit artar<\/p>\n<p style=\"text-align: justify;\">DTP Genel Ba\u015fkan\u0131 Ahmet T\u00fcrk, \u015fehit askerlere \u00fcz\u00fcld\u00fc\u011f\u00fcn\u00fc savundu. \u2019K\u00fcrt a\u00e7\u0131l\u0131m\u0131\u2019s\u00fcreci kapsam\u0131nda Mazlum-der genel merkezini ziyaret eden T\u00fcrk, burada yapt\u0131\u011f\u0131 konu\u015fmada, bu s\u00fcre\u00e7te \u00e7abalar ve f\u0131rsatlar\u0131n oldu\u011funu anlatt\u0131. DTP lideri T\u00fcrk, son g\u00fcnlerde ter\u00f6r \u00f6rg\u00fct\u00fc PKK\u2019n\u0131n hain tuzaklar\u0131nda \u015fehit d\u00fc\u015fen askerlerle ilgili olarak da <\/p>\n","protected":false},"author":1,"featured_media":0,"comment_status":"open","ping_status":"closed","sticky":false,"template":"","format":"standard","meta":{"footnotes":""},"categories":[105],"tags":[],"class_list":["post-14672","post","type-post","status-publish","format-standard","hentry","category-gundem","odd"],"_links":{"self":[{"href":"http:\/\/www.korhanyilmaz.com\/index.php?rest_route=\/wp\/v2\/posts\/14672","targetHints":{"allow":["GET"]}}],"collection":[{"href":"http:\/\/www.korhanyilmaz.com\/index.php?rest_route=\/wp\/v2\/posts"}],"about":[{"href":"http:\/\/www.korhanyilmaz.com\/index.php?rest_route=\/wp\/v2\/types\/post"}],"author":[{"embeddable":true,"href":"http:\/\/www.korhanyilmaz.com\/index.php?rest_route=\/wp\/v2\/users\/1"}],"replies":[{"embeddable":true,"href":"http:\/\/www.korhanyilmaz.com\/index.php?rest_route=%2Fwp%2Fv2%2Fcomments&post=14672"}],"version-history":[{"count":0,"href":"http:\/\/www.korhanyilmaz.com\/index.php?rest_route=\/wp\/v2\/posts\/14672\/revisions"}],"wp:attachment":[{"href":"http:\/\/www.korhanyilmaz.com\/index.php?rest_route=%2Fwp%2Fv2%2Fmedia&parent=14672"}],"wp:term":[{"taxonomy":"category","embeddable":true,"href":"http:\/\/www.korhanyilmaz.com\/index.php?rest_route=%2Fwp%2Fv2%2Fcategories&post=14672"},{"taxonomy":"post_tag","embeddable":true,"href":"http:\/\/www.korhanyilmaz.com\/index.php?rest_route=%2Fwp%2Fv2%2Ftags&post=14672"}],"curies":[{"name":"wp","href":"https:\/\/api.w.org\/{rel}","templated":true}]}}