{"id":14668,"date":"2009-09-13T22:42:19","date_gmt":"2009-09-13T19:42:19","guid":{"rendered":"http:\/\/www.korhanyilmaz.com\/?p=14668"},"modified":"2009-09-13T22:42:19","modified_gmt":"2009-09-13T19:42:19","slug":"bu-da-dtp%e2%80%99nin-barzani-acilimi","status":"publish","type":"post","link":"http:\/\/www.korhanyilmaz.com\/?p=14668","title":{"rendered":"Bu da DTP\u2019nin Barzani a\u00e7\u0131l\u0131m\u0131"},"content":{"rendered":"<p style=\"text-align: center;\"><a href=\"http:\/\/www.korhanyilmaz.com\/wp-content\/uploads\/2009\/09\/k\u0131rak.jpg\"  class=\"lightview\"><img loading=\"lazy\" decoding=\"async\" class=\"aligncenter size-full wp-image-14669\" src=\"http:\/\/www.korhanyilmaz.com\/wp-content\/uploads\/2009\/09\/k\u0131rak.jpg\" alt=\"\" width=\"450\" height=\"225\" \/><\/a><\/p>\n<p style=\"text-align: justify;\">Barzani\u2019ye ak\u0131l almaya gidiyorlar.<\/p>\n<p style=\"text-align: justify;\">\u0130mral\u0131\u2019da yatan bebek katilinin s\u00f6zlerini i\u015faret fi\u015fe\u011fi olarak g\u00f6r\u00fcp harekete ge\u00e7en DTP\u2019li Ayna ve T\u00fcrk, 15-20 Eyl\u00fcl aras\u0131nda Kuzey Irak\u2019ta temaslarda bulunacak.<\/p>\n<p style=\"text-align: justify;\">S\u00f6zde \u201cK\u00fcrt A\u00e7\u0131l\u0131m\u0131\u201d tart\u0131\u015fmalar\u0131 s\u00fcrerken, DTP\u2019liler Kuzey Irak\u2019a gitme karar\u0131 ald\u0131. DTP Genel Ba\u015fkan\u0131 Ahmet T\u00fcrk ve Genel Ba\u015fkan Yard\u0131mc\u0131s\u0131 Emine Ayna \u00f6n\u00fcm\u00fczdeki g\u00fcnlerde Kuzey Irak\u2019a gidecek. DTP Genel Ba\u015fkan\u0131 Ahmet T\u00fcrk, Genel Ba\u015fkan Yard\u0131mc\u0131s\u0131 Emine Ayna\u2019n\u0131n yan\u0131 s\u0131ra daha sonradan belirlenecek DTP\u2019lilerin yer ald\u0131\u011f\u0131 heyet, 15-20 Eyl\u00fcl g\u00fcnlerinde Irak\u2019ta olacak. S\u00fcleymaniye\u2019de Irak Cumhurba\u015fkan\u0131 Celal Talabani ile g\u00f6r\u00fc\u015fecek olan DTP\u2019li heyet, pe\u015fmerge lideri Mesut Barzani ile de g\u00f6r\u00fc\u015fecek. <!--more--><\/p>\n<p style=\"text-align: justify;\">Irak Ba\u015fbakan\u0131 olmas\u0131na kesin g\u00f6z\u00fcyle bak\u0131lan K\u00fcrdistan Yurtseverler Birli\u011fi \u00fcyesi ve eski Ba\u015fbakan Yard\u0131mc\u0131s\u0131 Berham Salih ile g\u00f6r\u00fc\u015fecek olan DTP\u2019liler \u201cK\u00fcrt a\u00e7\u0131l\u0131m\u0131\u201d n\u0131 ele alacak. DTP\u2019lilerin ziyareti \u00f6ncesinde, ter\u00f6r \u00f6rg\u00fct\u00fc eleba\u015f\u0131 \u00d6calan\u2019\u0131n avukatlar\u0131yla yapt\u0131\u011f\u0131 g\u00f6r\u00fc\u015fmede \u201cK\u00fcrtler Aras\u0131 Bar\u0131\u015f ve Birlik Kongresi\u201d \u00f6nerdi\u011fi ileri s\u00fcr\u00fclm\u00fc\u015ft\u00fc. \u0130ddiaya g\u00f6re bebek katili \u00d6calan avukatlar\u0131na \u015f\u00f6yle konu\u015fmu\u015f: \u201cDaha \u00f6nce dile getirdim; be\u015f ilke d\u00f6rt pratik \u00f6nerimi K\u00fcrtler kongrede \u00e7ok iyi tart\u0131\u015fmal\u0131d\u0131r, buna ili\u015fkin bilin\u00e7lerini geli\u015ftirmeli ve ona g\u00f6re bir tutum belirlemelidir. Bu \u00e7er\u00e7evede kongre geli\u015ftirilebilir. K\u00fcrtlerin b\u00fct\u00fcn siyasi partileri, hatta a\u015firetler, di\u011fer olu\u015fumlar\u0131 kat\u0131labilir. Barzani, Talabani hatta PKK tek ba\u015f\u0131na b\u00fct\u00fcn K\u00fcrtleri temsil etmez. K\u00fcrtlerin ortak temsiliyetini sa\u011flayan bir yap\u0131 ortaya \u00e7\u0131kmal\u0131d\u0131r, bu \u00f6nemli bir gerekliliktir. Kom\u015fu halklarla ili\u015fkileri, diplomasiyi, olu\u015facak bu yap\u0131 sa\u011flamal\u0131d\u0131r.\u201d<\/p>\n<p style=\"text-align: justify;\"><span style=\"color: #888888;\">Haber Kayna\u011f\u0131 : <a href=\"http:\/\/www.yenicaggazetesi.com.tr\/haberdetay.php?hit=22995\" target=\"_blank\">yenicaggazetesi.com.tr<\/a><\/span><\/p>\n","protected":false},"excerpt":{"rendered":"<p style=\"text-align: center;\">\n<p style=\"text-align: justify;\">Barzani\u2019ye ak\u0131l almaya gidiyorlar.<\/p>\n<p style=\"text-align: justify;\">\u0130mral\u0131\u2019da yatan bebek katilinin s\u00f6zlerini i\u015faret fi\u015fe\u011fi olarak g\u00f6r\u00fcp harekete ge\u00e7en DTP\u2019li Ayna ve T\u00fcrk, 15-20 Eyl\u00fcl aras\u0131nda Kuzey Irak\u2019ta temaslarda bulunacak.<\/p>\n<p style=\"text-align: justify;\">S\u00f6zde \u201cK\u00fcrt A\u00e7\u0131l\u0131m\u0131\u201d tart\u0131\u015fmalar\u0131 s\u00fcrerken, DTP\u2019liler Kuzey Irak\u2019a gitme karar\u0131 ald\u0131. DTP Genel Ba\u015fkan\u0131 Ahmet T\u00fcrk ve Genel Ba\u015fkan Yard\u0131mc\u0131s\u0131 <\/p>\n","protected":false},"author":1,"featured_media":0,"comment_status":"open","ping_status":"closed","sticky":false,"template":"","format":"standard","meta":{"footnotes":""},"categories":[105],"tags":[],"class_list":["post-14668","post","type-post","status-publish","format-standard","hentry","category-gundem","odd"],"_links":{"self":[{"href":"http:\/\/www.korhanyilmaz.com\/index.php?rest_route=\/wp\/v2\/posts\/14668","targetHints":{"allow":["GET"]}}],"collection":[{"href":"http:\/\/www.korhanyilmaz.com\/index.php?rest_route=\/wp\/v2\/posts"}],"about":[{"href":"http:\/\/www.korhanyilmaz.com\/index.php?rest_route=\/wp\/v2\/types\/post"}],"author":[{"embeddable":true,"href":"http:\/\/www.korhanyilmaz.com\/index.php?rest_route=\/wp\/v2\/users\/1"}],"replies":[{"embeddable":true,"href":"http:\/\/www.korhanyilmaz.com\/index.php?rest_route=%2Fwp%2Fv2%2Fcomments&post=14668"}],"version-history":[{"count":0,"href":"http:\/\/www.korhanyilmaz.com\/index.php?rest_route=\/wp\/v2\/posts\/14668\/revisions"}],"wp:attachment":[{"href":"http:\/\/www.korhanyilmaz.com\/index.php?rest_route=%2Fwp%2Fv2%2Fmedia&parent=14668"}],"wp:term":[{"taxonomy":"category","embeddable":true,"href":"http:\/\/www.korhanyilmaz.com\/index.php?rest_route=%2Fwp%2Fv2%2Fcategories&post=14668"},{"taxonomy":"post_tag","embeddable":true,"href":"http:\/\/www.korhanyilmaz.com\/index.php?rest_route=%2Fwp%2Fv2%2Ftags&post=14668"}],"curies":[{"name":"wp","href":"https:\/\/api.w.org\/{rel}","templated":true}]}}