{"id":14659,"date":"2009-09-14T09:19:11","date_gmt":"2009-09-14T06:19:11","guid":{"rendered":"http:\/\/www.korhanyilmaz.com\/?p=14659"},"modified":"2009-09-14T09:19:11","modified_gmt":"2009-09-14T06:19:11","slug":"akpden-askere-protokol-ayari","status":"publish","type":"post","link":"http:\/\/www.korhanyilmaz.com\/?p=14659","title":{"rendered":"AKP&#039;den askere protokol ayar\u0131"},"content":{"rendered":"<p><a href=\"http:\/\/www.korhanyilmaz.com\/wp-content\/uploads\/2009\/09\/ayar.jpg\"  class=\"lightview\"><img loading=\"lazy\" decoding=\"async\" class=\"aligncenter size-full wp-image-14660\" src=\"http:\/\/www.korhanyilmaz.com\/wp-content\/uploads\/2009\/09\/ayar.jpg\" alt=\"\" width=\"320\" height=\"100\" \/><\/a><\/p>\n<p style=\"text-align: justify;\">Askerleri protokolde geriye atan de\u011fi\u015fiklikler Abdullah G\u00fcl&#8217;\u00fcn onay\u0131na sunulacak.<\/p>\n<p style=\"text-align: justify;\">D\u0131\u015fi\u015fleri Bakanl\u0131\u011f\u0131 AB \u00fcyesi \u00fclkelerdeki temsilciliklerden uygulanan Devlet Protokol\u00fc&#8217;n\u00fc sordu. AB&#8217;den gelen bilgiler \u00e7er\u00e7evesinde de\u011fi\u015ftirilecek protokol listesi K\u00f6\u015fk&#8217;\u00fcn onay\u0131na sunulacak D\u0131\u015fi\u015fleri Bakanl\u0131\u011f\u0131, 1980 darbesinin izlerini ta\u015f\u0131yan &#8216;Ba\u015fkent Protokol\u00fc \u00d6ndegelim Listesi&#8217; i\u00e7in AB standard\u0131 getirmeye haz\u0131rlan\u0131yor. D\u0131\u015fi\u015fleri, AB \u00fcyesi \u00fclkelerdeki protokol d\u00fczenini sordu, gelen yan\u0131tlarda askerlerin protokoldeki yerinin \u00e7ok daha arkalarda oldu\u011fu ortaya \u00e7\u0131kt\u0131.<\/p>\n<p style=\"text-align: justify;\">Sabah Gazetesi&#8217;nde yer alan habere g\u00f6re; Bakanl\u0131\u011f\u0131n Protokol Genel M\u00fcd\u00fcrl\u00fc\u011f\u00fc taraf\u0131ndan ge\u00e7ti\u011fimiz g\u00fcnlerde AB \u00fcyesi \u00fclkelerdeki T\u00fcrk B\u00fcy\u00fckel\u00e7iliklerine g\u00f6nderilen telgrafta, g\u00f6rev yapt\u0131klar\u0131 \u00fclkenin protokol d\u00fczeni hakk\u0131nda detayl\u0131 bilgi istendi. <!--more--><\/p>\n<p style=\"text-align: justify;\">D\u0131\u015fi\u015fleri bakan\u0131n\u0131n protokoldeki yerinin de belirtilmesi talep edilen telgrafa gelen yan\u0131tlarda Genelkurmay ba\u015fkan\u0131n\u0131n yerinin Bakanlar Kurulu \u00fcyelerinden sonra geldi\u011fi ortaya \u00e7\u0131kt\u0131. Genelkurmay Ba\u015fkanl\u0131\u011f\u0131&#8217;n\u0131n Milli Savunma Bakanl\u0131\u011f\u0131&#8217;na ba\u011fl\u0131 oldu\u011fu AB \u00fclkelerinde, kuvvet komutanlar\u0131n\u0131n yerinin de yasama- y\u00fcr\u00fctme-yarg\u0131 erkinden sonra geldi\u011fi belirtildi.<\/p>\n<p style=\"text-align: justify;\">D\u0131\u015fi\u015fleri Bakan\u0131&#8217;n\u0131n protokoldeki yerinin de bir\u00e7ok \u00fclkeye g\u00f6re de\u011fi\u015fti\u011fi ortaya \u00e7\u0131kt\u0131. Baz\u0131 \u00fclkelerde d\u0131\u015fi\u015fleri bakan\u0131, ba\u015fbakan ve ba\u015fbakan yard\u0131mc\u0131lar\u0131ndan sonra gelirken, baz\u0131 AB \u00fcyesi \u00fclkelerde t\u0131pk\u0131 T\u00fcrkiye&#8217;de oldu\u011fu gibi devlet bakanlar\u0131n\u0131n \u00f6nde geldi\u011fi Ankara&#8217;ya iletildi.<\/p>\n<p style=\"text-align: justify;\"><strong><em>G\u00dcL&#8217;E SUNULACAK<\/em><\/strong><\/p>\n<p style=\"text-align: justify;\">82 makam\u0131 kapsayan Devlet Protokol\u00fcnden sorumlu olan D\u0131\u015fi\u015fleri, \u015fimdi AB&#8217;den gelen bu g\u00f6r\u00fc\u015fleri de\u011ferlendirecek ve T\u00fcrkiye i\u00e7in yeni bir protokol listesi haz\u0131rlayacak. Protokol d\u00fczenlemesi cumhurba\u015fkan\u0131 taraf\u0131ndan onayland\u0131ktan sonra y\u00fcr\u00fcrl\u00fc\u011fe girecek. Protokol listesi, \u00f6nde gelenlerin makam ara\u00e7lar\u0131 numaras\u0131n\u0131, resmi g\u00fcn ve bayramlarda duracaklar\u0131 ve oturacaklar\u0131 yeri de belirliyor.<\/p>\n<p style=\"text-align: justify;\">1980 darbesinin ard\u0131ndan olu\u015fturulan, 1998&#8217;de S\u00fcleyman Demirel&#8217;in Cumhurba\u015fkanl\u0131\u011f\u0131 d\u00f6neminde yeniden d\u00fczenlenen liste son olarak ge\u00e7ti\u011fimiz y\u0131l de\u011fi\u015fikli\u011fe u\u011fram\u0131\u015ft\u0131. Son de\u011fi\u015fiklikle TBMM Genel Sekreteri ve Sekreter Yard\u0131mc\u0131lar\u0131n\u0131n yerleri de\u011fi\u015ftirilirken bu s\u0131ralama yarg\u0131 mensuplar\u0131n\u0131n da bir geri protokole d\u00fc\u015fmesine neden olmu\u015ftu.<\/p>\n<p style=\"text-align: justify;\"><strong><em>Protokol\u00fcn ilk 15 s\u0131ras\u0131<\/em><\/strong><\/p>\n<p style=\"text-align: justify;\">1- TBMM Ba\u015fkan\u0131<\/p>\n<p style=\"text-align: justify;\">2- Ba\u015fbakan<\/p>\n<p style=\"text-align: justify;\">3- Genelkurmay Ba\u015fkan\u0131<\/p>\n<p style=\"text-align: justify;\">4- Ana Muhalefet Partisi Genel Ba\u015fkan\u0131<\/p>\n<p style=\"text-align: justify;\">5- Eski Cumhurba\u015fkanlar\u0131<\/p>\n<p style=\"text-align: justify;\">6- Anayasa Mahkemesi Ba\u015fkan\u0131<\/p>\n<p style=\"text-align: justify;\">7- Yarg\u0131tay Birinci Ba\u015fkan\u0131<\/p>\n<p style=\"text-align: justify;\">8- Dan\u0131\u015ftay Ba\u015fkan\u0131<\/p>\n<p style=\"text-align: justify;\">9- Bakanlar Kurulu \u00dcyeleri<\/p>\n<p style=\"text-align: justify;\">10- Kuvvet Komutanlar\u0131<\/p>\n<p style=\"text-align: justify;\">11- Orgeneraller ve Oramiraller<\/p>\n<p style=\"text-align: justify;\">12- Y\u00d6K Ba\u015fkan\u0131<\/p>\n<p style=\"text-align: justify;\">13- TBMM Ba\u015fkan Vekilleri<\/p>\n<p style=\"text-align: justify;\">14- TBMM&#8217;de grubu bulunan siyasi parti liderleri<\/p>\n<p style=\"text-align: justify;\">15- TBMM \u0130dare Amirleri<\/p>\n<p style=\"text-align: justify;\"><span style=\"color: #888888;\">Kaynak : Vatan<\/span><\/p>\n","protected":false},"excerpt":{"rendered":"<\/p>\n<p style=\"text-align: justify;\">Askerleri protokolde geriye atan de\u011fi\u015fiklikler Abdullah G\u00fcl&#8217;\u00fcn onay\u0131na sunulacak.<\/p>\n<p style=\"text-align: justify;\">D\u0131\u015fi\u015fleri Bakanl\u0131\u011f\u0131 AB \u00fcyesi \u00fclkelerdeki temsilciliklerden uygulanan Devlet Protokol\u00fc&#8217;n\u00fc sordu. AB&#8217;den gelen bilgiler \u00e7er\u00e7evesinde de\u011fi\u015ftirilecek protokol listesi K\u00f6\u015fk&#8217;\u00fcn onay\u0131na sunulacak D\u0131\u015fi\u015fleri Bakanl\u0131\u011f\u0131, 1980 darbesinin izlerini ta\u015f\u0131yan &#8216;Ba\u015fkent Protokol\u00fc \u00d6ndegelim Listesi&#8217; i\u00e7in AB standard\u0131 getirmeye haz\u0131rlan\u0131yor. D\u0131\u015fi\u015fleri, AB \u00fcyesi \u00fclkelerdeki protokol d\u00fczenini <\/p>\n","protected":false},"author":1,"featured_media":0,"comment_status":"open","ping_status":"closed","sticky":false,"template":"","format":"standard","meta":{"footnotes":""},"categories":[105],"tags":[],"class_list":["post-14659","post","type-post","status-publish","format-standard","hentry","category-gundem","odd"],"_links":{"self":[{"href":"http:\/\/www.korhanyilmaz.com\/index.php?rest_route=\/wp\/v2\/posts\/14659","targetHints":{"allow":["GET"]}}],"collection":[{"href":"http:\/\/www.korhanyilmaz.com\/index.php?rest_route=\/wp\/v2\/posts"}],"about":[{"href":"http:\/\/www.korhanyilmaz.com\/index.php?rest_route=\/wp\/v2\/types\/post"}],"author":[{"embeddable":true,"href":"http:\/\/www.korhanyilmaz.com\/index.php?rest_route=\/wp\/v2\/users\/1"}],"replies":[{"embeddable":true,"href":"http:\/\/www.korhanyilmaz.com\/index.php?rest_route=%2Fwp%2Fv2%2Fcomments&post=14659"}],"version-history":[{"count":0,"href":"http:\/\/www.korhanyilmaz.com\/index.php?rest_route=\/wp\/v2\/posts\/14659\/revisions"}],"wp:attachment":[{"href":"http:\/\/www.korhanyilmaz.com\/index.php?rest_route=%2Fwp%2Fv2%2Fmedia&parent=14659"}],"wp:term":[{"taxonomy":"category","embeddable":true,"href":"http:\/\/www.korhanyilmaz.com\/index.php?rest_route=%2Fwp%2Fv2%2Fcategories&post=14659"},{"taxonomy":"post_tag","embeddable":true,"href":"http:\/\/www.korhanyilmaz.com\/index.php?rest_route=%2Fwp%2Fv2%2Ftags&post=14659"}],"curies":[{"name":"wp","href":"https:\/\/api.w.org\/{rel}","templated":true}]}}