{"id":14655,"date":"2009-09-14T09:14:03","date_gmt":"2009-09-14T06:14:03","guid":{"rendered":"http:\/\/www.korhanyilmaz.com\/?p=14655"},"modified":"2009-09-14T09:14:03","modified_gmt":"2009-09-14T06:14:03","slug":"akpli-baskana-agir-suclama","status":"publish","type":"post","link":"http:\/\/www.korhanyilmaz.com\/?p=14655","title":{"rendered":"AKP&#039;li ba\u015fkana a\u011f\u0131r su\u00e7lama"},"content":{"rendered":"<p style=\"text-align: center;\"><a href=\"http:\/\/www.korhanyilmaz.com\/wp-content\/uploads\/2009\/09\/akp.jpg\"  class=\"lightview\"><img loading=\"lazy\" decoding=\"async\" class=\"aligncenter size-full wp-image-14656\" src=\"http:\/\/www.korhanyilmaz.com\/wp-content\/uploads\/2009\/09\/akp.jpg\" alt=\"\" width=\"329\" height=\"210\" \/><\/a><\/p>\n<p style=\"text-align: justify;\">AKP&#8217;li Ba\u015fkan \u2018gelir beyan\u0131\u2019 yapmad\u0131 Danimarka emekli maa\u015f\u0131na isyan etti.<\/p>\n<p style=\"text-align: justify;\">AK Partili P\u0131narba\u015f\u0131 (U\u015fak) Belediye Ba\u015fkan\u0131 Muzaffer Y\u00fcksel, Danimarka\u2019dan emekli maa\u015f\u0131 al\u0131rken, T\u00fcrkiye\u2019de belediye ba\u015fkanl\u0131\u011f\u0131 maa\u015f\u0131 ve kira gelirleri al\u0131p, bu bilgileri Danimarka\u2019dan gizledi\u011fi i\u00e7in su\u00e7lan\u0131yor. Danimarka gazetesi Ekstra Bladet, konuyu \u201cDoland\u0131r\u0131c\u0131\u201d man\u015fetiyle duyurdu. Y\u00fcksel, bildirimde bulunsa emekli maa\u015f\u0131 kesilecekti.<\/p>\n<p style=\"text-align: justify;\">U\u015eAK\u2019\u0131n P\u0131narba\u015f\u0131 Beldesi\u2019nin AK Partili Belediye Ba\u015fkan\u0131 Muzaffer Y\u00fcksel, Danimarka\u2019n\u0131n y\u00fcksek tirajl\u0131 gazetelerinden Ekstra Bladet\u2019e, \u201cT\u00fcrkiye\u2019de \u015fehir kral\u0131, Danimarka\u2019da emekli. Doland\u0131r\u0131c\u0131, \u00f6n sayfaya ho\u015f geldin\u201d ba\u015fl\u0131\u011f\u0131yla man\u015fet oldu. Gazete, Muzaffer Y\u00fcksel\u2019i, T\u00fcrkiye\u2019deki y\u00fcksek gelirlerini bildirmeyip, Danimarka\u2019dan da y\u00fcksek emekli maa\u015f\u0131 alarak bir anlamda \u201cdevleti doland\u0131rd\u0131\u011f\u0131n\u0131\u201d iddia etti.<!--more--><\/p>\n<p style=\"text-align: justify;\"><strong><em>36 y\u0131l \u00e7al\u0131\u015ft\u0131<\/em><\/strong><\/p>\n<p style=\"text-align: justify;\">71 ya\u015f\u0131ndaki Muzaffer Y\u00fcksel, 1970-2006 d\u00f6neminde, 36 y\u0131l Danimarka\u2019da i\u015f\u00e7i olarak \u00e7al\u0131\u015ft\u0131. Emeklilik sonras\u0131 T\u00fcrkiye\u2019ye d\u00f6nen Y\u00fcksel, 29 Mart 2009 yerel se\u00e7imlerinde Ak Parti\u2019den P\u0131narba\u015f\u0131 Belediye Ba\u015fkanl\u0131\u011f\u0131\u2019na aday olup, sand\u0131ktan \u00e7\u0131k\u0131nca, koltu\u011fa oturdu.<\/p>\n<p style=\"text-align: justify;\"><strong><em>AB yard\u0131m\u0131 da ald\u0131 <\/em><\/strong><\/p>\n<p style=\"text-align: justify;\">Danimarka\u2019da yay\u0131nlanan Ekstra Bladet gazeteszi, Muzaffer Y\u00fcksel\u2019in, belediye ba\u015fkanl\u0131\u011f\u0131 maa\u015f\u0131n\u0131n yan\u0131s\u0131ra, hayvanc\u0131l\u0131k ve tar\u0131mla u\u011fra\u015farak gelir elde etti\u011fini, AB\u2019den tar\u0131m yard\u0131m\u0131 ald\u0131\u011f\u0131n\u0131 ve 6 evin sahibi oldu\u011funu yazd\u0131. T\u00fcrkiye\u2019ye giderek, U\u015fak ve P\u0131narba\u015f\u0131\u2019nda ara\u015ft\u0131rma yapan muhabir Thomas G\u00f6sta Svensson ve foto muhabiri Kristian Lindemann\u2019\u0131n haberine gazetenin d\u00fcnk\u00fc say\u0131s\u0131nda tam sayfa ayr\u0131ld\u0131.<\/p>\n<p style=\"text-align: justify;\"><strong><em>Su\u00e7 duyurusu olacak <\/em><\/strong><\/p>\n<p style=\"text-align: justify;\">Danimarka\u2019dan emekli maa\u015f\u0131 almas\u0131na ra\u011fmen, T\u00fcrkiye\u2019de de belediye ba\u015fkan\u0131 se\u00e7ilerek maa\u015f ald\u0131\u011f\u0131n\u0131 ve ba\u015fka gelirleri bulundu\u011funu saklayarak su\u00e7 i\u015fledi\u011fi \u00f6ne s\u00fcr\u00fclen Y\u00fcksel hakk\u0131nda su\u00e7 duyurusunda bulunulacak. Gazetedeki haberde, Y\u00fcksel\u2019in Danimarka\u2019daki adresini iptal edip, T\u00fcrkiye\u2019ye kesin d\u00f6n\u00fc\u015f i\u015flemi yapaca\u011f\u0131 iddias\u0131 da yer ald\u0131. Y\u00fcksel\u2019in beyanda bulunmayarak emekli maa\u015f\u0131n\u0131 almaya devam etti\u011fi i\u00e7in para ve hapis cezas\u0131na \u00e7arpt\u0131r\u0131labilece\u011fi belirtildi.<\/p>\n<p style=\"text-align: justify;\"><strong><em>Zaman\u0131m olmad\u0131<\/em><\/strong><\/p>\n<p style=\"text-align: justify;\">Ekstra Bladet\u2019in sorular\u0131n\u0131 yan\u0131tlayan, foto\u011fraf \u00e7ektirmek istemedi\u011fi halde gizli kamerayla g\u00f6r\u00fcnt\u00fcs\u00fc \u00e7ekilen Muzaffer Y\u00fcksel, \u201cBelediye Ba\u015fkan\u0131 se\u00e7ileli hen\u00fcz 5 ay oldu. Danimarka\u2019da n\u00fcfus kayd\u0131m\u0131 sildirmeye ve yetkililere durumum hakk\u0131nda bilgi vermeye zaman\u0131m olmad\u0131. Telefonla bilgi vermek de m\u00fcmk\u00fcn de\u011fildi\u201d dedi.<\/p>\n<p style=\"text-align: justify;\"><strong><em>Gelirim o kadar de\u011fil \u015fu anda tek evim var <\/em><\/strong><\/p>\n<p style=\"text-align: justify;\">Ak Parti P\u0131narba\u015f\u0131 Belediye Ba\u015fkan\u0131 Muzaffer Y\u00fcksel, Ekstra Bladet gazetesinin, \u201cBelediye Ba\u015fkanl\u0131\u011f\u0131 maa\u015f\u0131 d\u0131\u015f\u0131nda evleriniz oldu\u011funu, 260 bin kron (66 bin lira) civar\u0131nda tar\u0131m cironuz bulundu\u011funu \u00f6\u011frendik. Bu kazan\u00e7lar Danimarka\u2019da vergiye tabi ve emekli maa\u015f\u0131n\u0131z\u0131n kesilmesine neden olabilecek boyutta\u201d sorusu \u00fczerine \u015fu yan\u0131t\u0131 verdi: \u201cBen bu kadar gelire sahip de\u011filim. Sadece dedikodu. Ba\u015fkan se\u00e7ilmeden \u00f6nce Danimarka\u2019dayd\u0131m. U\u015fak\u2019ta evim vard\u0131 ama satt\u0131m. Tek bir evim var.\u201d<\/p>\n<p style=\"text-align: justify;\"><strong><em>Babam Danimarka yasalar\u0131n\u0131 bilmiyor konu abart\u0131l\u0131yor <\/em><\/strong><\/p>\n<p style=\"text-align: justify;\">MUZAFFER Y\u00fcksel\u2019in o\u011flu Zafer Y\u00fcksel, DHA muhabirinin sorular\u0131 \u00fczerine \u015funlar\u0131 s\u00f6yledi: \u201cBabam 71 ya\u015f\u0131nda. Yasal olmad\u0131\u011f\u0131 iddia edilen bu durum, babam\u0131n Danimarka kanunlar\u0131n\u0131 yeterince bilmemesinden kaynaklan\u0131yor. Ba\u015fkan se\u00e7ildikten sonra Danimarka\u2019ya gidemedi. Dolay\u0131s\u0131yla da durumuyla ilgili olarak bir bildirimde de bulunamad\u0131. Babam bir hafta \u00f6nce Danimarka\u2019ya gitmek \u00fczere u\u00e7ak bileti ald\u0131. Ard\u0131ndan Danimarkal\u0131 gazeteciler ge\u00e7en \u00e7ar\u015famba g\u00fcn\u00fc P\u0131narba\u015f\u0131 Beldesi\u2019ne gelip, babamla makam\u0131nda g\u00f6r\u00fc\u015ft\u00fc. Babam onlara \u00fclkelerine gidip, bildirimde bulunaca\u011f\u0131n\u0131, biletinin bile haz\u0131r oldu\u011funu s\u00f6yledi. Zaten ad\u0131na Danimarka\u2019daki banka hesab\u0131na yatan emekli maa\u015f\u0131n\u0131 da hen\u00fcz bu \u00fclkeye gitmedi\u011fi i\u00e7in \u00e7ekmi\u015f de\u011fil. Gelemediyse neden telefon etmedi\u011fini sormu\u015flar. O da Damimarkacay\u0131 iyi bilmedi\u011fi i\u00e7in arayamad\u0131\u011f\u0131n\u0131 s\u00f6ylemi\u015f. Konu \u00e7ok abart\u0131l\u0131yor. Biz ge\u00e7en Per\u015fembe g\u00fcn\u00fc Danimarka\u2019ya geldik. Babam bildirimde bulundu. \u015eimdi bu i\u015flemlerle u\u011fra\u015f\u0131yor, bitmek \u00fczere. T\u00fcrkiye\u2019ye d\u00f6nece\u011fiz.\u201d<\/p>\n<p style=\"text-align: justify;\"><strong><em>Danimarka d\u0131\u015f\u0131nda 150 bin kron gelir varsa emekli maa\u015f\u0131 kesiliyor <\/em><\/strong><\/p>\n<p style=\"text-align: justify;\">Danimarka yasalar\u0131na g\u00f6re, \u00fclke d\u0131\u015f\u0131nda ya\u015fayanlar\u0131n t\u00fcm gelirleri vergiye tabi. T\u00fcm gelirlerin ve mal varl\u0131klar\u0131n\u0131n Danimarka makamlar\u0131na bildirilmesi gerekiyor.<\/p>\n<p style=\"text-align: justify;\">Danimarka ve T\u00fcrkiye aras\u0131ndaki \u00e7ifte vergilendirme anla\u015fmas\u0131na gore, T\u00fcrkiye\u2019de evi veya ba\u015fka mal varl\u0131\u011f\u0131 olan ki\u015finin \u00f6nce T\u00fcrkiye\u2019de vergi \u00f6demesi ve \u00f6dedi\u011fi vergi makbuzunu Danimarka vergi dairesine ibraz etmesi gerekiyor.<\/p>\n<p style=\"text-align: justify;\">Danimarka makamlar\u0131 da kendi yasalar\u0131na g\u00f6re elde edilen kazan\u00e7 veya emlak i\u00e7in \u00f6denmesi gereken vergi miktar\u0131n\u0131 hesaplad\u0131ktan sonra, Danimarka\u2019da \u00f6denmesi gereken vergiden, T\u00fcrkiye\u2019de \u00f6denen vergi miktar\u0131n\u0131 d\u00fc\u015ferek, ki\u015finin \u00f6demesi gereken vergiyi belirliyorlar.<\/p>\n<p style=\"text-align: justify;\">Danimarka, T\u00fcrkiye\u2019deki emlak i\u00e7in y\u00fczde 1 vergi al\u0131yor. \u015eayet emlak kirada ise, emlak vergisi yerine kira geliri vergilendiriliyor.<\/p>\n<p style=\"text-align: justify;\">Ki\u015finin ayl\u0131k emekli maa\u015f\u0131 oldu\u011fu i\u00e7in ekstra kazanc\u0131n\u0131n y\u00fczde 50 vergilendirilmesi gerekiyor. Yurtd\u0131\u015f\u0131nda y\u0131lda 150 bin kronun (38 bin lira) \u00fczerinde gelir elde edenlerin emekli maa\u015f\u0131 kesiliyor.<\/p>\n<p style=\"text-align: justify;\"><span style=\"color: #888888;\">Kaynak : Vatan<br \/>\n<\/span><\/p>\n","protected":false},"excerpt":{"rendered":"<p style=\"text-align: center;\">\n<p style=\"text-align: justify;\">AKP&#8217;li Ba\u015fkan \u2018gelir beyan\u0131\u2019 yapmad\u0131 Danimarka emekli maa\u015f\u0131na isyan etti.<\/p>\n<p style=\"text-align: justify;\">AK Partili P\u0131narba\u015f\u0131 (U\u015fak) Belediye Ba\u015fkan\u0131 Muzaffer Y\u00fcksel, Danimarka\u2019dan emekli maa\u015f\u0131 al\u0131rken, T\u00fcrkiye\u2019de belediye ba\u015fkanl\u0131\u011f\u0131 maa\u015f\u0131 ve kira gelirleri al\u0131p, bu bilgileri Danimarka\u2019dan gizledi\u011fi i\u00e7in su\u00e7lan\u0131yor. Danimarka gazetesi Ekstra Bladet, konuyu \u201cDoland\u0131r\u0131c\u0131\u201d man\u015fetiyle duyurdu. Y\u00fcksel, bildirimde bulunsa emekli <\/p>\n","protected":false},"author":1,"featured_media":0,"comment_status":"open","ping_status":"closed","sticky":false,"template":"","format":"standard","meta":{"footnotes":""},"categories":[105],"tags":[],"class_list":["post-14655","post","type-post","status-publish","format-standard","hentry","category-gundem","odd"],"_links":{"self":[{"href":"http:\/\/www.korhanyilmaz.com\/index.php?rest_route=\/wp\/v2\/posts\/14655","targetHints":{"allow":["GET"]}}],"collection":[{"href":"http:\/\/www.korhanyilmaz.com\/index.php?rest_route=\/wp\/v2\/posts"}],"about":[{"href":"http:\/\/www.korhanyilmaz.com\/index.php?rest_route=\/wp\/v2\/types\/post"}],"author":[{"embeddable":true,"href":"http:\/\/www.korhanyilmaz.com\/index.php?rest_route=\/wp\/v2\/users\/1"}],"replies":[{"embeddable":true,"href":"http:\/\/www.korhanyilmaz.com\/index.php?rest_route=%2Fwp%2Fv2%2Fcomments&post=14655"}],"version-history":[{"count":0,"href":"http:\/\/www.korhanyilmaz.com\/index.php?rest_route=\/wp\/v2\/posts\/14655\/revisions"}],"wp:attachment":[{"href":"http:\/\/www.korhanyilmaz.com\/index.php?rest_route=%2Fwp%2Fv2%2Fmedia&parent=14655"}],"wp:term":[{"taxonomy":"category","embeddable":true,"href":"http:\/\/www.korhanyilmaz.com\/index.php?rest_route=%2Fwp%2Fv2%2Fcategories&post=14655"},{"taxonomy":"post_tag","embeddable":true,"href":"http:\/\/www.korhanyilmaz.com\/index.php?rest_route=%2Fwp%2Fv2%2Ftags&post=14655"}],"curies":[{"name":"wp","href":"https:\/\/api.w.org\/{rel}","templated":true}]}}