{"id":14651,"date":"2009-09-13T17:58:35","date_gmt":"2009-09-13T14:58:35","guid":{"rendered":"http:\/\/www.korhanyilmaz.com\/?p=14651"},"modified":"2009-09-13T17:58:35","modified_gmt":"2009-09-13T14:58:35","slug":"%e2%80%98o-tir-parki-basbakan%e2%80%99in-yakin-dostunun%e2%80%99","status":"publish","type":"post","link":"http:\/\/www.korhanyilmaz.com\/?p=14651","title":{"rendered":"\u2018O TIR park\u0131 Ba\u015fbakan\u2019\u0131n yak\u0131n dostunun\u2019"},"content":{"rendered":"<p style=\"text-align: justify;\"><a href=\"http:\/\/www.korhanyilmaz.com\/wp-content\/uploads\/2009\/09\/t\u0131r.jpg\"  class=\"lightview\"><img loading=\"lazy\" decoding=\"async\" class=\"aligncenter size-full wp-image-14652\" src=\"http:\/\/www.korhanyilmaz.com\/wp-content\/uploads\/2009\/09\/t\u0131r.jpg\" alt=\"\" width=\"329\" height=\"210\" \/><\/a><\/p>\n<p style=\"text-align: justify;\">Baykal \u0130stanbul\u2019daki sel felaketinde 13 ki\u015finin can verdi\u011fi TIR park\u0131 i\u00e7in \u201cSahibi Ba\u015fbakan\u2019\u0131n yak\u0131n dostu Cihan Kamer\u2019dir. Ruhsat\u0131 AKP y\u00f6netimi zaman\u0131nda verilmi\u015ftir ve TIR park\u0131 olmaya hi\u00e7 m\u00fcsait olmayan bir yerdir. Kendi ailesinden biri i\u015fletmektedir..\u201d dedi.<\/p>\n<p style=\"text-align: justify;\">CHP Genel Ba\u015fkan\u0131 Deniz Baykal, d\u00fcn kat\u0131ld\u0131\u011f\u0131 CNN T\u00fcrk\u2019\u00fcn canl\u0131 yay\u0131n\u0131nda, can ve mal kayb\u0131na dikkat \u00e7ekerek \u0130stanbul\u2019da ya\u015fanan selin 17 A\u011fustos 1999 depreminden sonraki en b\u00fcy\u00fck felaket oldu\u011funu s\u00f6yledi. Selin ard\u0131ndan \u0130stanbul\u2019a gitti\u011fini ve t\u0131r park\u0131nda incelemelerde bulundu\u011funu hat\u0131rlatan Baykal, AK Parti iktidar\u0131 d\u00f6neminde Ayamama Deresi\u2019ne yer yer m\u00fcdahale edildi\u011fini, \u0131slah \u00e7al\u0131\u015fmalar\u0131 yap\u0131ld\u0131\u011f\u0131n\u0131 ancak yap\u0131lanlar\u0131n olay\u0131 kontrol etmeye yetmedi\u011fini iddia etti: \u201cBu g\u00fczergah boyunca muazzam bir imar faaliyeti ger\u00e7ekle\u015ftirildi. <!--more-->Bunlardan bir tanesi de bizzat Ba\u015fbakan\u2019\u0131n belediye ba\u015fkanl\u0131\u011f\u0131 zaman\u0131nda ger\u00e7ekle\u015ftirdi\u011fi Ba\u015fak\u015fehir. \u0130stanbul B\u00fcy\u00fck\u015fehir Belediye Ba\u015fkan\u0131 Kadir Topba\u015f, \u2019TIR park\u0131 izninin CHP zaman\u0131nda verildi\u011fini\u2019s\u00f6yledi. \u20196 tane park ruhsat\u0131 verildi. Bunlar\u0131n bir k\u0131sm\u0131 onlar\u0131n zaman\u0131nda verildi\u2019dedi. Sen 6\u2019y\u0131, 5\u2019i b\u0131rak. Ben bir tanesini s\u00f6yl\u00fcyorum o da 13 vatanda\u015f\u0131m\u0131z\u0131n \u00f6lmesine ve y\u00fczlerce TIR\u2019\u0131n tahrip olmas\u0131na yol a\u00e7an TIR park\u0131.\u201d<\/p>\n<p style=\"text-align: justify;\"><strong><em>\u2019Biz \u0131slaha de\u011fil ranta dava a\u00e7t\u0131k\u2019 <\/em><\/strong><\/p>\n<p style=\"text-align: justify;\">\u201cHi\u00e7 \u015f\u00fcphe yoktur ki, onun ruhsat\u0131 AKP y\u00f6netimi zaman\u0131nda verilmi\u015ftir ve TIR park\u0131 olmaya hi\u00e7 m\u00fcsait olmayan bir yerdir. Olmad\u0131\u011f\u0131 da bu ya\u015fanan olayla ortaya \u00e7\u0131km\u0131\u015ft\u0131r. Bu olay bunun \u00e7ok somut kan\u0131t\u0131d\u0131r. Bu, \u2019Kamer Otopark\u0131.\u2019 Ad\u0131nda da \u2019Kamer\u2019 ge\u00e7iyor zaten, ruhsat\u0131n sahibi \u0130stanbul Belediyesi\u2019dir. Buran\u0131n sahibi de Ba\u015fbakan\u2019\u0131n yak\u0131n arkada\u015f\u0131, dostu, \u00e7ocuklar\u0131yla birlikte o me\u015fhur kuyumcu d\u00fckkan\u0131n\u0131 a\u00e7an, ona yard\u0131mc\u0131 olan ki\u015fidir. Cihan Kamer oran\u0131n sahibidir. Yani kendi ailesinden biri o t\u0131r park\u0131n\u0131 i\u015fletmektedir. Sel basacak yere niye veriyorsunuz ruhsat\u0131? Topba\u015f, \u2019Biz 16 y\u0131l kald\u0131k, onlar 44 y\u0131l kald\u0131\u2019 diyor. Biz 44 y\u0131l kalm\u0131\u015f\u0131z da bizim zaman\u0131m\u0131zda b\u00f6yle bir \u015fey olmu\u015f mu? Biz devretti\u011fimiz zaman b\u00f6yle bir \u015fey olmu\u015f mu? Sen alm\u0131\u015fs\u0131n, yapt\u0131\u011f\u0131n uygulamalarla \u015fimdi 16 y\u0131l sonra i\u015f gelmi\u015f buraya dayanm\u0131\u015f. Bu 16 y\u0131ll\u0131k uygulaman\u0131n sonucudur. Daha \u00f6nce orada yap\u0131lm\u0131\u015f ve sel felaketine yol a\u00e7an hangi in\u015faatlar var? Oras\u0131 bombo\u015f araziydi CHP devretti\u011fi zaman. Ku\u015f u\u00e7muyordu, hi\u00e7bir \u015fey yoktu. Bunlar oray\u0131 yo\u011fun in\u015faat alan\u0131 haline getirdiler.Topba\u015f, dere \u0131slah \u00e7al\u0131\u015fmalar\u0131n\u0131n, CHP\u2019nin a\u00e7t\u0131\u011f\u0131 davalar nedeniyle yap\u0131lmad\u0131\u011f\u0131n\u0131 s\u00f6yl\u00fcyor. CHP\u2019nin a\u00e7t\u0131\u011f\u0131 davalar, imar plan\u0131 tadilatlar\u0131n\u0131n iptaline y\u00f6nelik. Biz rant payla\u015f\u0131m\u0131na, sele yol a\u00e7an planlara y\u00f6nelik giri\u015fimlere kar\u015f\u0131 davalar a\u00e7t\u0131k. Dere \u0131slah \u00e7al\u0131\u015fmalar\u0131n\u0131n iptali istemiyle a\u00e7t\u0131\u011f\u0131m\u0131z hi\u00e7bir dava yok. Milleti aldatacaklar. Olay tam bir tersine, bu bir \u00e7arp\u0131tmad\u0131r. Biz, dere \u0131slah\u0131n\u0131 zorunlu k\u0131lan ve sel bask\u0131nlar\u0131na sebep olacak imar plan\u0131na kar\u015f\u0131 \u00e7\u0131k\u0131yoruz.\u201d<\/p>\n<p style=\"text-align: justify;\"><strong><em>Siyasi malzeme haline getirmeyin <\/em><\/strong><\/p>\n<p style=\"text-align: justify;\">Baykal\u2019\u0131n iddialar\u0131 \u00fczerine ula\u015ft\u0131\u011f\u0131m\u0131z i\u015f adam\u0131 Cihan Kamer, \u015funlar\u0131 s\u00f6yledi: \u201cBuras\u0131 1970 y\u0131l\u0131nda amcam\u0131n o\u011flu \u0130dris Kamer ve Ya\u015far Ya\u011fc\u0131 ve Ayfer Ya\u011fc\u0131 taraf\u0131ndan sat\u0131n al\u0131nm\u0131\u015ft\u0131. Ayfer Ya\u011fc\u0131\u2019n\u0131n pay\u0131n\u0131, ben bir alaca\u011f\u0131ma istinaden al\u0131nca benim de arsada sonradan y\u00fczde 24\u2019l\u00fck pay\u0131m olu\u015ftu. Ancak buran\u0131n \u00fcst kullan\u0131m hakk\u0131 y\u00fczde 51 pay\u0131 olan \u0130dris Kamer\u2019de. Geri kalan pay da day\u0131mdad\u0131r. \u00d6l\u00fcmler benim de orta\u011f\u0131 oldu\u011fun arazide olmam\u0131\u015f. Ancak \u00f6l\u00fcmler bizim garaja mal edilmek isteniyor. Kamer Garaj\u0131\u2019nda iki ki\u015fi \u00f6ld\u00fc. Kalanlar di\u011fer garajlardan s\u00fcr\u00fcklenenlerden . Askeriyenin yapt\u0131\u011f\u0131 bir g\u00f6letin kapaklar\u0131 a\u00e7\u0131lm\u0131\u015f. Dolay\u0131s\u0131yla o kapaklar a\u00e7\u0131l\u0131nca \u00f6n\u00fcnde ne var ne yok s\u00fcr\u00fckleyerek bizim araziye kadar ta\u015f\u0131m\u0131\u015f. \u00d6l\u00fcmlerin b\u00fcy\u00fck b\u00f6l\u00fcm\u00fc o sular\u0131n ta\u015f\u0131nmas\u0131 s\u0131ras\u0131nda s\u00fcr\u00fcklenen di\u011fer noktalardaki garajlarda ya\u015fanm\u0131\u015f. Ayr\u0131ca bizim arazimiz dere yata\u011f\u0131nda da de\u011fil. Bunu bir siyasi malzeme haline getirmeyin.\u201d<\/p>\n<p style=\"text-align: justify;\"><strong><em>\u2018Derelerin \u0131slah\u0131 i\u00e7in D\u00fcnya Bankas\u0131\u2019ndan al\u0131nan kredi ne oldu?\u2019 <\/em><\/strong><\/p>\n<p style=\"text-align: justify;\">\u0130stanbul\u2019da ya\u015fanan sel felaketini Meclis\u2019e ta\u015f\u0131ma karar\u0131 alan CHP \u0130stanbul Milletvekilleri Kemal K\u0131l\u0131\u00e7daro\u011flu, Mehmet Sevigen, \u00c7etin Soysal, Mehmet Ali \u00d6zpolat, CHP Genel Ba\u015fkan yard\u0131mc\u0131s\u0131 Bihlun Tamayl\u0131gil, CHP S\u00f6zc\u00fcs\u00fc ve Sayman\u0131 Mustafa \u00d6zy\u00fcrek ve CHP \u0130stanbul \u0130l Ba\u015fkan\u0131 G\u00fcrsel Tekin, \u0130stanbul \u0130l Binas\u0131\u2019nda bir araya geldi. Yap\u0131lan a\u00e7\u0131klamada, \u201cSel felaketinin en b\u00fcy\u00fck sorumlusu 16 y\u0131ld\u0131r \u0130stanbul\u2019u y\u00f6neten ayn\u0131 gelenekten gelen AKP y\u00f6netimidir. 33 vatanda\u015f\u0131m\u0131z\u0131n \u00f6l\u00fcm\u00fcne sebep olan en b\u00fcy\u00fck fakt\u00f6r \u0130stanbul B\u00fcy\u00fck\u015fehir Belediye Ba\u015fkanl\u0131\u011f\u0131 d\u00f6neminde dere kenarlar\u0131na ev ve l\u00fcks i\u015f yerlerinin yap\u0131lmas\u0131na izin veren \u015fimdiki Ba\u015fbakan ve ondan sonra bu g\u00f6revi al\u0131p belediye ba\u015fkanl\u0131\u011f\u0131 koltu\u011funa oturan Ali M\u00fcfit G\u00fcrtuna ile Kadir Topba\u015f\u2019t\u0131r\u201d denildi. \u0130stanbul \u0130l Ba\u015fkan\u0131 G\u00fcrsel Tekin ise, \u2019Say\u0131n AK Parti yetkilileriyle hangi kanalda istiyorlarsa orada hesapla\u015fmaya haz\u0131r\u0131m. \u2019Bu TIR park\u0131 kimin. Bu ruhsat\u0131 nas\u0131l verdiniz\u2019 diye sormak istiyoruz\u201c dedi. CHP S\u00f6zc\u00fcs\u00fc ve Genel Sayman\u0131 Mustafa \u00d6zy\u00fcrek ise D\u00fcnya Bankas\u0131\u2019n\u0131n 2007 y\u0131l\u0131nda derelerin \u0131slah edilmesi i\u00e7in \u00e7ok y\u00fcksek bir miktarda kredi tahsis etti\u011fini, bu paran\u0131n belediyede olmas\u0131na ra\u011fmen dere \u0131slah\u0131yla ilgili tek bir kuru\u015f bile harcanmad\u0131\u011f\u0131n\u0131 iddia etti: \u201dBu kredi nereye gitti? Dere yata\u011f\u0131ndaki yap\u0131lar\u0131 y\u0131kacaklarm\u0131\u015f. Kendi yanda\u015flar\u0131n\u0131n binalar\u0131n\u0131 y\u0131kmayacaklard\u0131r. \u00c7\u00fcnk\u00fc o binalar\u0131n \u00e7o\u011funa kendileri ruhsat vermi\u015fler.\u201c<\/p>\n<p style=\"text-align: justify;\"><span style=\"color: #888888;\">Kaynak : Vatan<\/span><\/p>\n","protected":false},"excerpt":{"rendered":"<p style=\"text-align: justify;\">\n<p style=\"text-align: justify;\">Baykal \u0130stanbul\u2019daki sel felaketinde 13 ki\u015finin can verdi\u011fi TIR park\u0131 i\u00e7in \u201cSahibi Ba\u015fbakan\u2019\u0131n yak\u0131n dostu Cihan Kamer\u2019dir. Ruhsat\u0131 AKP y\u00f6netimi zaman\u0131nda verilmi\u015ftir ve TIR park\u0131 olmaya hi\u00e7 m\u00fcsait olmayan bir yerdir. Kendi ailesinden biri i\u015fletmektedir..\u201d dedi.<\/p>\n<p style=\"text-align: justify;\">CHP Genel Ba\u015fkan\u0131 Deniz Baykal, d\u00fcn kat\u0131ld\u0131\u011f\u0131 CNN T\u00fcrk\u2019\u00fcn canl\u0131 yay\u0131n\u0131nda, can <\/p>\n","protected":false},"author":1,"featured_media":0,"comment_status":"open","ping_status":"closed","sticky":false,"template":"","format":"standard","meta":{"footnotes":""},"categories":[105],"tags":[],"class_list":["post-14651","post","type-post","status-publish","format-standard","hentry","category-gundem","odd"],"_links":{"self":[{"href":"http:\/\/www.korhanyilmaz.com\/index.php?rest_route=\/wp\/v2\/posts\/14651","targetHints":{"allow":["GET"]}}],"collection":[{"href":"http:\/\/www.korhanyilmaz.com\/index.php?rest_route=\/wp\/v2\/posts"}],"about":[{"href":"http:\/\/www.korhanyilmaz.com\/index.php?rest_route=\/wp\/v2\/types\/post"}],"author":[{"embeddable":true,"href":"http:\/\/www.korhanyilmaz.com\/index.php?rest_route=\/wp\/v2\/users\/1"}],"replies":[{"embeddable":true,"href":"http:\/\/www.korhanyilmaz.com\/index.php?rest_route=%2Fwp%2Fv2%2Fcomments&post=14651"}],"version-history":[{"count":0,"href":"http:\/\/www.korhanyilmaz.com\/index.php?rest_route=\/wp\/v2\/posts\/14651\/revisions"}],"wp:attachment":[{"href":"http:\/\/www.korhanyilmaz.com\/index.php?rest_route=%2Fwp%2Fv2%2Fmedia&parent=14651"}],"wp:term":[{"taxonomy":"category","embeddable":true,"href":"http:\/\/www.korhanyilmaz.com\/index.php?rest_route=%2Fwp%2Fv2%2Fcategories&post=14651"},{"taxonomy":"post_tag","embeddable":true,"href":"http:\/\/www.korhanyilmaz.com\/index.php?rest_route=%2Fwp%2Fv2%2Ftags&post=14651"}],"curies":[{"name":"wp","href":"https:\/\/api.w.org\/{rel}","templated":true}]}}