{"id":14642,"date":"2009-09-05T21:51:46","date_gmt":"2009-09-05T18:51:46","guid":{"rendered":"http:\/\/www.korhanyilmaz.com\/?p=14642"},"modified":"2009-09-05T21:51:46","modified_gmt":"2009-09-05T18:51:46","slug":"derdimiz-tabutlar-gelmesin","status":"publish","type":"post","link":"http:\/\/www.korhanyilmaz.com\/?p=14642","title":{"rendered":"Derdimiz tabutlar gelmesin"},"content":{"rendered":"<p><a href=\"http:\/\/www.korhanyilmaz.com\/wp-content\/uploads\/2009\/09\/ERDGAN.jpg\"  class=\"lightview\"><img loading=\"lazy\" decoding=\"async\" class=\"aligncenter size-full wp-image-14643\" src=\"http:\/\/www.korhanyilmaz.com\/wp-content\/uploads\/2009\/09\/ERDGAN.jpg\" alt=\"\" width=\"300\" height=\"204\" \/><\/a><\/p>\n<p style=\"text-align: justify;\">Ba\u015fbakan Recep Tayyip Erdo\u011fan, \u201dE\u011fer biz bug\u00fcn bir milli birlik projesi uyguluyorsak, e\u011fer bug\u00fcn bir demokratik a\u00e7\u0131l\u0131m ad\u0131mlar\u0131 att\u0131ysak, hedefimiz bu \u00fclkede ter\u00f6r sorunu olmas\u0131n, hedefimiz bayra\u011f\u0131m\u0131za sar\u0131l\u0131 tabutlar gelmesin \u015fehirlerimize. Derdimiz bu\u201d dedi.<\/p>\n<p style=\"text-align: justify;\">Ba\u015fbakan Erdo\u011fan, Seyit Burhanettin T\u00fcrbesi ve mezarl\u0131\u011f\u0131nda halka verilen iftara kat\u0131ld\u0131. \u0130ftar\u0131n\u0131 vatanda\u015flarla birlikte a\u00e7an Ba\u015fbakan Erdo\u011fan, burada halka hitaben yapt\u0131\u011f\u0131 konu\u015fmada demokratik a\u00e7\u0131l\u0131m s\u00fcrecine de\u011findi. <!--more--><\/p>\n<p style=\"text-align: justify;\">Ramazan ay\u0131n\u0131n \u00f6nemine i\u015faret eden Ba\u015fbakan Erdo\u011fan, birlik ve beraberli\u011fin \u00f6nemine de\u011finerek \u015f\u00f6yle konu\u015ftu:<\/p>\n<p style=\"text-align: justify;\">\u201dSizlerin birli\u011fi, beraberli\u011fi, dayan\u0131\u015fmas\u0131 bir payla\u015f\u0131m ay\u0131 olan m\u00fcbarek Ramazanda iftar sofras\u0131nda en g\u00fczel \u015feklinle ortaya \u00e7\u0131k\u0131yor. Zaten bu milletin en \u00f6nemli \u00f6zelli\u011fi de bu de\u011fil mi? Bizi birbirine ba\u011flayan en g\u00fczel unsurlardan bir tanesi bu karde\u015flik ba\u011f\u0131 de\u011fil mi? Etnik noktada, hangi etnik unsura sahip olursa olsun biz Yunus\u2019un p\u0131nar\u0131ndan su i\u00e7mi\u015f insanlar\u0131z ve yarad\u0131lan\u0131 yaradandan \u00f6t\u00fcr\u00fc severiz. Kimseyi makam\u0131ndan mevkiinden dolay\u0131 de\u011fil, paras\u0131ndan pulundan dolay\u0131 de\u011fil, renginden dolay\u0131 de\u011fil, din, dil \u0131rk, \u015fu bu ayr\u0131m\u0131 yapmaks\u0131z\u0131n birbirimizi severiz.<\/p>\n<p style=\"text-align: justify;\">Aram\u0131za fitne, ayr\u0131l\u0131k tohumlar\u0131 ekmek isteyenler bu g\u00fcne kadar nas\u0131l kendileri mahkum olduysa, nas\u0131l kendileri emellerine ula\u015famad\u0131ysa Allah\u2019\u0131n izniyle bundan sonra da ula\u015famayacaklard\u0131r. Ve biz bu g\u00fczel Ramazan ay\u0131nda iyi niyetlerle att\u0131\u011f\u0131m\u0131z bu ad\u0131mlar\u0131 sizlerle beraber in\u015fallah neticeye ula\u015ft\u0131raca\u011f\u0131z. E\u011fer biz bug\u00fcn bir milli birlik projesi uyguluyorsak, e\u011fer bug\u00fcn bir demokratik a\u00e7\u0131l\u0131m ad\u0131mlar\u0131 att\u0131ysak, hedefimiz bu \u00fclkede ter\u00f6r sorunu olmas\u0131n, hedefimiz bayra\u011f\u0131m\u0131za sar\u0131l\u0131 tabutlar gelmesin \u015fehirlerimize. Derdimiz bu. Kimse bizim bu iyi niyetle att\u0131\u011f\u0131m\u0131z ad\u0131mlar\u0131 bir b\u00f6l\u00fcnme olarak g\u00f6stermesin. Kimse bizim bu iyi niyetle att\u0131\u011f\u0131m\u0131z ad\u0131mlar\u0131 ayr\u0131mc\u0131l\u0131k olarak g\u00f6stermesin. Ve bu \u00fclkede bu s\u0131k\u0131nt\u0131lar\u0131, bu sorunlar\u0131 yeni mi ya\u015famaya ba\u015flad\u0131k? 30 y\u0131ld\u0131r bunu ya\u015f\u0131yoruz. 30 y\u0131ld\u0131r bu \u00fclkeyi y\u00f6netenler bu noktada ne yapt\u0131lar? Her t\u00fcrl\u00fc ad\u0131mlar at\u0131ld\u0131 da ne yapt\u0131lar? \u00dcz\u00fcnt\u00fclerimiz hep devam etti mi? G\u00f6zya\u015flar\u0131m\u0131z hep devam etti mi? Annelerimizin o g\u00f6zya\u015flar\u0131n\u0131 dindirebildiler mi? Hay\u0131r. Sadece laf \u00fcrettiler.\u201d<\/p>\n<p style=\"text-align: justify;\">Kendilerinin cesaretle bu i\u015fin \u00fczerine gittiklerini ifade eden Ba\u015fbakan Erdo\u011fan, \u201dBir olaca\u011f\u0131z, beraber olaca\u011f\u0131z, diri olaca\u011f\u0131z, hi\u00e7 merak etmeyin\u201d dedi.<\/p>\n<p style=\"text-align: justify;\">780 bin metre karelik vatan topraklar\u0131 \u00fczerinde \u00fclkenin bir b\u00fct\u00fcn oldu\u011funu ve asla bu vatan topraklar\u0131n\u0131 b\u00f6ld\u00fcrmeyeceklerini vurgulayan Ba\u015fbakan Erdo\u011fan, 71,5 milyon vatan evlad\u0131n\u0131n \u201dTayyip Erdo\u011fan\u2019\u0131n karde\u015fi, hi\u00e7birini de birbirinden ay\u0131rmad\u0131\u011f\u0131n\u0131\u201d ifade etti.<\/p>\n<p style=\"text-align: justify;\"><strong><em>Erdo\u011fan, \u015f\u00f6yle devam etti:<\/em><\/strong><\/p>\n<p style=\"text-align: justify;\">\u201dBenim i\u00e7in T\u00fcrk\u2019\u00fc de, K\u00fcrt\u2019\u00fc de, Laz\u2019\u0131 da, \u00c7erkez\u2019i de, Bo\u015fnak\u2019\u0131 da, G\u00fcrc\u00fc\u2019s\u00fc de, Abhaza\u2019s\u0131 da, kim varsa hepsi ayn\u0131. Hepsini ayn\u0131 derecede seviyorum. Biz AK Parti iktidar\u0131 olarak hepsine ayn\u0131 mesafedeyiz. Asla bir ayr\u0131m yapmay\u0131z. Neden? \u00c7\u00fcnk\u00fc hepsinin yaradan\u0131 yaradan\u0131m\u0131z. Yarad\u0131lan\u0131 yaradandan \u00f6t\u00fcr\u00fc seviyoruz, sevece\u011fiz. Ben bu noktada siz de\u011ferli karde\u015flerime inan\u0131yorum. Kayseri\u2019nin g\u00fczel insanlar\u0131na inan\u0131yorum. El ele verece\u011fiz, omuz omuza verece\u011fiz. Bizi b\u00f6lmek, par\u00e7alamak isteyenlere \u2018asla\u2019 diyece\u011fiz. \u00c7\u00fcnk\u00fc biz yola \u00e7\u0131karken \u2018b\u00f6lgesel milliyet\u00e7ilik yapmayaca\u011f\u0131z\u2019, dedik. Biz yola \u00e7\u0131karken, \u2018etnik milliyet\u00e7ilik\u2019 yapmayaca\u011f\u0131z\u2019 dedik. Biz yola \u00e7\u0131karken, \u2018dinsel milliyet\u00e7ilik yapmayaca\u011f\u0131z\u2019 dedik. \u00d6yleyse 780 bin kilometre karelik vatan topraklar\u0131 hepimiz i\u00e7in bizim vatan\u0131m\u0131z. 71,5 milyon vatan evlad\u0131 T\u00fcrkiye Cumhuriyeti vatanda\u015f\u0131 olarak birdir, b\u00fct\u00fcnd\u00fcr ama hangi etnik unsurda olursa olsun onlara sayg\u0131 g\u00f6sterece\u011fiz. Herkes birbirine sayg\u0131 g\u00f6sterecek.  Bu T\u00fcrk\u2019t\u00fcr, K\u00fcrt\u2019t\u00fcr, Laz\u2019d\u0131r, \u00c7erkez\u2019dir demeyece\u011fiz. Hepsini Allah i\u00e7in sevece\u011fiz.\u201d<\/p>\n<p style=\"text-align: justify;\">Dinsel milliyet\u00e7ilik de yapmayacaklar\u0131n\u0131 anlatan Erdo\u011fan, hangi dinden olursa olsun, b\u00f6yle bir ayr\u0131ma gidemeyecekleri kaydetti. Erdo\u011fan, \u201dEn \u00f6nemli, en b\u00fcy\u00fck ho\u015fg\u00f6r\u00fc dini \u0130slam\u2019d\u0131r ve bizim dinimiz bar\u0131\u015f dinidir. Bar\u0131\u015f dini olan bizim dinimizin mensuplar\u0131 olarak biz ho\u015fg\u00f6r\u00fcy\u00fc her zaman, her insana g\u00f6sterece\u011fiz ama ayn\u0131 zamanda T\u00fcrkiye laik, sosyal bir hukuk devleti\u201d diye konu\u015ftu.<\/p>\n<p style=\"text-align: justify;\">Laik devlet olman\u0131n gere\u011finin, \u201dt\u00fcm inan\u00e7 gruplar\u0131na e\u015fit mesafede olmak ve g\u00fcvence alt\u0131na almak oldu\u011funu\u201d ifade eden Erdo\u011fan, bunun sorumluluklar\u0131 oldu\u011funu belirtti.<\/p>\n<p style=\"text-align: justify;\">Ba\u015fbakan Erdo\u011fan, iftara gelirken Belediye Ba\u015fkan\u0131 Mehmet \u00d6zhaseki\u2019nin kendisine bug\u00fcn kurulan iftar sofras\u0131n\u0131n \u00f6nemini aktard\u0131\u011f\u0131n\u0131 belirterek, T\u00fcrk insan\u0131n\u0131n payla\u015f\u0131ma verdi\u011fi \u00f6neme i\u015faret etti. \u015eimdiden vatanda\u015f\u0131n\u0131 bayram\u0131n\u0131 da kutlayan Ba\u015fbakan Erdo\u011fan, daha sonra Seyit Burhanettin t\u00fcrbesini ziyaret etti. Vatanda\u015flar\u0131n yo\u011fun ilgi g\u00f6sterdi\u011fi Ba\u015fbakan Erdo\u011fan daha sonra Kayseri B\u00fcy\u00fck\u015fehir Belediyesine ge\u00e7ti. Ba\u015fbakan Erdo\u011fan, Seyit Burhanettin T\u00fcrbesi ve mezarl\u0131\u011f\u0131nda halka verilen iftara kat\u0131ld\u0131. \u0130ftar\u0131n\u0131 vatanda\u015flarla birlikte a\u00e7an Ba\u015fbakan Erdo\u011fan, burada halka hitaben yapt\u0131\u011f\u0131 konu\u015fmada demokratik a\u00e7\u0131l\u0131m s\u00fcrecine de\u011findi.<\/p>\n<p style=\"text-align: justify;\">Ramazan ay\u0131n\u0131n \u00f6nemine i\u015faret eden Ba\u015fbakan Erdo\u011fan, birlik ve beraberli\u011fin \u00f6nemine de\u011finerek \u015f\u00f6yle konu\u015ftu:<\/p>\n<p style=\"text-align: justify;\">\u201dSizlerin birli\u011fi, beraberli\u011fi, dayan\u0131\u015fmas\u0131 bir payla\u015f\u0131m ay\u0131 olan m\u00fcbarek Ramazanda iftar sofras\u0131nda en g\u00fczel \u015feklinle ortaya \u00e7\u0131k\u0131yor. Zaten bu milletin en \u00f6nemli \u00f6zelli\u011fi de bu de\u011fil mi? Bizi birbirine ba\u011flayan en g\u00fczel unsurlardan bir tanesi bu karde\u015flik ba\u011f\u0131 de\u011fil mi? Etnik noktada, hangi etnik unsura sahip olursa olsun biz Yunus\u2019un p\u0131nar\u0131ndan su i\u00e7mi\u015f insanlar\u0131z ve yarad\u0131lan\u0131 yaradandan \u00f6t\u00fcr\u00fc severiz. Kimseyi makam\u0131ndan mevkiinden dolay\u0131 de\u011fil, paras\u0131ndan pulundan dolay\u0131 de\u011fil, renginden dolay\u0131 de\u011fil, din, dil \u0131rk, \u015fu bu ayr\u0131m\u0131 yapmaks\u0131z\u0131n birbirimizi severiz.<\/p>\n<p style=\"text-align: justify;\">Aram\u0131za fitne, ayr\u0131l\u0131k tohumlar\u0131 ekmek isteyenler bu g\u00fcne kadar nas\u0131l kendileri mahkum olduysa, nas\u0131l kendileri emellerine ula\u015famad\u0131ysa Allah\u2019\u0131n izniyle bundan sonra da ula\u015famayacaklard\u0131r. Ve biz bu g\u00fczel Ramazan ay\u0131nda iyi niyetlerle att\u0131\u011f\u0131m\u0131z bu ad\u0131mlar\u0131 sizlerle beraber in\u015fallah neticeye ula\u015ft\u0131raca\u011f\u0131z. E\u011fer biz bug\u00fcn bir milli birlik projesi uyguluyorsak, e\u011fer bug\u00fcn bir demokratik a\u00e7\u0131l\u0131m ad\u0131mlar\u0131 att\u0131ysak, hedefimiz bu \u00fclkede ter\u00f6r sorunu olmas\u0131n, hedefimiz bayra\u011f\u0131m\u0131za sar\u0131l\u0131 tabutlar gelmesin \u015fehirlerimize. Derdimiz bu. Kimse bizim bu iyi niyetle att\u0131\u011f\u0131m\u0131z ad\u0131mlar\u0131 bir b\u00f6l\u00fcnme olarak g\u00f6stermesin. Kimse bizim bu iyi niyetle att\u0131\u011f\u0131m\u0131z ad\u0131mlar\u0131 ayr\u0131mc\u0131l\u0131k olarak g\u00f6stermesin. Ve bu \u00fclkede bu s\u0131k\u0131nt\u0131lar\u0131, bu sorunlar\u0131 yeni mi ya\u015famaya ba\u015flad\u0131k? 30 y\u0131ld\u0131r bunu ya\u015f\u0131yoruz. 30 y\u0131ld\u0131r bu \u00fclkeyi y\u00f6netenler bu noktada ne yapt\u0131lar? Her t\u00fcrl\u00fc ad\u0131mlar at\u0131ld\u0131 da ne yapt\u0131lar? \u00dcz\u00fcnt\u00fclerimiz hep devam etti mi? G\u00f6zya\u015flar\u0131m\u0131z hep devam etti mi? Annelerimizin o g\u00f6zya\u015flar\u0131n\u0131 dindirebildiler mi? Hay\u0131r. Sadece laf \u00fcrettiler.\u201d<\/p>\n<p style=\"text-align: justify;\">Kendilerinin cesaretle bu i\u015fin \u00fczerine gittiklerini ifade eden Ba\u015fbakan Erdo\u011fan, \u201dBir olaca\u011f\u0131z, beraber olaca\u011f\u0131z, diri olaca\u011f\u0131z, hi\u00e7 merak etmeyin\u201d dedi.<\/p>\n<p style=\"text-align: justify;\">780 bin metre karelik vatan topraklar\u0131 \u00fczerinde \u00fclkenin bir b\u00fct\u00fcn oldu\u011funu ve asla bu vatan topraklar\u0131n\u0131 b\u00f6ld\u00fcrmeyeceklerini vurgulayan Ba\u015fbakan Erdo\u011fan, 71,5 milyon vatan evlad\u0131n\u0131n \u201dTayyip Erdo\u011fan\u2019\u0131n karde\u015fi, hi\u00e7birini de birbirinden ay\u0131rmad\u0131\u011f\u0131n\u0131\u201d ifade etti.<\/p>\n<p style=\"text-align: justify;\"><span style=\"color: #888888;\">Kaynak : <a href=\"http:\/\/www.haberbiz.com\/turkiye\/derdimiz-tabutlar-gelmesin.htm\" target=\"_blank\">haberbiz.com<\/a><\/span><\/p>\n","protected":false},"excerpt":{"rendered":"<\/p>\n<p style=\"text-align: justify;\">Ba\u015fbakan Recep Tayyip Erdo\u011fan, \u201dE\u011fer biz bug\u00fcn bir milli birlik projesi uyguluyorsak, e\u011fer bug\u00fcn bir demokratik a\u00e7\u0131l\u0131m ad\u0131mlar\u0131 att\u0131ysak, hedefimiz bu \u00fclkede ter\u00f6r sorunu olmas\u0131n, hedefimiz bayra\u011f\u0131m\u0131za sar\u0131l\u0131 tabutlar gelmesin \u015fehirlerimize. Derdimiz bu\u201d dedi.<\/p>\n<p style=\"text-align: justify;\">Ba\u015fbakan Erdo\u011fan, Seyit Burhanettin T\u00fcrbesi ve mezarl\u0131\u011f\u0131nda halka verilen iftara kat\u0131ld\u0131. \u0130ftar\u0131n\u0131 vatanda\u015flarla birlikte a\u00e7an Ba\u015fbakan <\/p>\n","protected":false},"author":1,"featured_media":0,"comment_status":"open","ping_status":"closed","sticky":false,"template":"","format":"standard","meta":{"footnotes":""},"categories":[105],"tags":[],"class_list":["post-14642","post","type-post","status-publish","format-standard","hentry","category-gundem","odd"],"_links":{"self":[{"href":"http:\/\/www.korhanyilmaz.com\/index.php?rest_route=\/wp\/v2\/posts\/14642","targetHints":{"allow":["GET"]}}],"collection":[{"href":"http:\/\/www.korhanyilmaz.com\/index.php?rest_route=\/wp\/v2\/posts"}],"about":[{"href":"http:\/\/www.korhanyilmaz.com\/index.php?rest_route=\/wp\/v2\/types\/post"}],"author":[{"embeddable":true,"href":"http:\/\/www.korhanyilmaz.com\/index.php?rest_route=\/wp\/v2\/users\/1"}],"replies":[{"embeddable":true,"href":"http:\/\/www.korhanyilmaz.com\/index.php?rest_route=%2Fwp%2Fv2%2Fcomments&post=14642"}],"version-history":[{"count":0,"href":"http:\/\/www.korhanyilmaz.com\/index.php?rest_route=\/wp\/v2\/posts\/14642\/revisions"}],"wp:attachment":[{"href":"http:\/\/www.korhanyilmaz.com\/index.php?rest_route=%2Fwp%2Fv2%2Fmedia&parent=14642"}],"wp:term":[{"taxonomy":"category","embeddable":true,"href":"http:\/\/www.korhanyilmaz.com\/index.php?rest_route=%2Fwp%2Fv2%2Fcategories&post=14642"},{"taxonomy":"post_tag","embeddable":true,"href":"http:\/\/www.korhanyilmaz.com\/index.php?rest_route=%2Fwp%2Fv2%2Ftags&post=14642"}],"curies":[{"name":"wp","href":"https:\/\/api.w.org\/{rel}","templated":true}]}}