{"id":14639,"date":"2009-09-13T12:25:23","date_gmt":"2009-09-13T09:25:23","guid":{"rendered":"http:\/\/www.korhanyilmaz.com\/?p=14639"},"modified":"2009-09-13T12:25:23","modified_gmt":"2009-09-13T09:25:23","slug":"her-yerde-yagis-var","status":"publish","type":"post","link":"http:\/\/www.korhanyilmaz.com\/?p=14639","title":{"rendered":"Her yerde ya\u011f\u0131\u015f var"},"content":{"rendered":"<p style=\"text-align: center;\"><a href=\"http:\/\/www.korhanyilmaz.com\/wp-content\/uploads\/2009\/09\/SEL5.jpg\"  class=\"lightview\"><img loading=\"lazy\" decoding=\"async\" class=\"aligncenter size-full wp-image-14640\" src=\"http:\/\/www.korhanyilmaz.com\/wp-content\/uploads\/2009\/09\/SEL5.jpg\" alt=\"\" width=\"307\" height=\"236\" \/><\/a><\/p>\n<p style=\"text-align: justify;\">Yurdun b\u00fcy\u00fck bir b\u00f6l\u00fcm\u00fcnde sa\u011fanak ve g\u00f6kg\u00fcr\u00fclt\u00fcl\u00fc sa\u011fanak \u015feklinde ya\u011f\u0131\u015f ge\u00e7i\u015flerinin g\u00f6r\u00fclece\u011fi tahmin ediliyor. Marmara&#8217;n\u0131n do\u011fusu, Karadeniz, Do\u011fu Anadolu&#8217;nun kuzeyi ile \u00c7ank\u0131r\u0131 ve Ankara&#8217;da g\u00f6kg\u00fcr\u00fclt\u00fcl\u00fc sa\u011fanak bekleniyor.<\/p>\n<p style=\"text-align: justify;\">Devlet Meteoroloji \u0130\u015fleri Genel M\u00fcd\u00fcrl\u00fc\u011f\u00fc&#8217;nden yap\u0131lan &#8220;meteorolojik uyar\u0131&#8221;da, \u0130stanbul, Kocaeli, Sakarya, Yalova, Bursa, Bilecik ve Bal\u0131kesir&#8217;in kuzey il\u00e7elerinde, \u00f6\u011fleden sonra Karadeniz B\u00f6lgesinde, Erzincan, Erzurum, Kars, Ardahan, A\u011fr\u0131, Tunceli, I\u011fd\u0131r ile \u00c7ank\u0131r\u0131 ve Ankara&#8217;n\u0131n kuzey il\u00e7elerinde kuvvetli ya\u011f\u0131\u015f beklendi\u011fi bildirildi. <!--more--><\/p>\n<p style=\"text-align: justify;\">Uyar\u0131da, vatanda\u015flar\u0131n sel, su bask\u0131n\u0131, y\u0131ld\u0131r\u0131m ve heyelanlara kar\u015f\u0131 dikkatli olmalar\u0131 istendi.<\/p>\n<p style=\"text-align: justify;\"><strong>HAVA SICAKLI\u011eI:<\/strong> Kuzey, i\u00e7 ve do\u011fu b\u00f6lgelerde 4 ila 6 derece azalacak.<\/p>\n<p style=\"text-align: justify;\"><strong>R\u00dcZGAR:<\/strong> Genellikle g\u00fcney ve g\u00fcneybat\u0131, \u00fclkemizin kuzeybat\u0131 kesimleri ile zamanla bat\u0131 b\u00f6lgelerde kuzey ve kuzeydo\u011fu y\u00f6nlerden hafif ara s\u0131ra orta kuvvette, Yurdun g\u00fcneydo\u011fusu ile ya\u011f\u0131\u015f alan yerlerde ya\u011f\u0131\u015f an\u0131nda kuvvetli olarak esecek.<\/p>\n<p style=\"text-align: justify;\"><strong><em>Kum f\u0131rt\u0131nas\u0131 uyar\u0131s\u0131 <\/em><\/strong><\/p>\n<p style=\"text-align: justify;\">Devlet Meteoroloji \u0130\u015fleri Genel M\u00fcd\u00fcrl\u00fc\u011f\u00fcnden yap\u0131lan &#8220;Meteorolojik uyar\u0131da&#8221;, Batman, Siirt, \u015e\u0131rnak, Hakkari ve Mardin \u00e7evrelerinde saat 18.00&#8217;e kadar toz ve kum f\u0131rt\u0131nas\u0131n\u0131n beklendi\u011fi bildirildi.<\/p>\n<p style=\"text-align: justify;\"><span style=\"color: #888888;\">CNN T\u00dcRK<\/span><\/p>\n","protected":false},"excerpt":{"rendered":"<p style=\"text-align: center;\">\n<p style=\"text-align: justify;\">Yurdun b\u00fcy\u00fck bir b\u00f6l\u00fcm\u00fcnde sa\u011fanak ve g\u00f6kg\u00fcr\u00fclt\u00fcl\u00fc sa\u011fanak \u015feklinde ya\u011f\u0131\u015f ge\u00e7i\u015flerinin g\u00f6r\u00fclece\u011fi tahmin ediliyor. Marmara&#8217;n\u0131n do\u011fusu, Karadeniz, Do\u011fu Anadolu&#8217;nun kuzeyi ile \u00c7ank\u0131r\u0131 ve Ankara&#8217;da g\u00f6kg\u00fcr\u00fclt\u00fcl\u00fc sa\u011fanak bekleniyor.<\/p>\n<p style=\"text-align: justify;\">Devlet Meteoroloji \u0130\u015fleri Genel M\u00fcd\u00fcrl\u00fc\u011f\u00fc&#8217;nden yap\u0131lan &#8220;meteorolojik uyar\u0131&#8221;da, \u0130stanbul, Kocaeli, Sakarya, Yalova, Bursa, Bilecik ve Bal\u0131kesir&#8217;in kuzey il\u00e7elerinde, \u00f6\u011fleden sonra Karadeniz <\/p>\n","protected":false},"author":1,"featured_media":0,"comment_status":"open","ping_status":"closed","sticky":false,"template":"","format":"standard","meta":{"footnotes":""},"categories":[105],"tags":[],"class_list":["post-14639","post","type-post","status-publish","format-standard","hentry","category-gundem","odd"],"_links":{"self":[{"href":"http:\/\/www.korhanyilmaz.com\/index.php?rest_route=\/wp\/v2\/posts\/14639","targetHints":{"allow":["GET"]}}],"collection":[{"href":"http:\/\/www.korhanyilmaz.com\/index.php?rest_route=\/wp\/v2\/posts"}],"about":[{"href":"http:\/\/www.korhanyilmaz.com\/index.php?rest_route=\/wp\/v2\/types\/post"}],"author":[{"embeddable":true,"href":"http:\/\/www.korhanyilmaz.com\/index.php?rest_route=\/wp\/v2\/users\/1"}],"replies":[{"embeddable":true,"href":"http:\/\/www.korhanyilmaz.com\/index.php?rest_route=%2Fwp%2Fv2%2Fcomments&post=14639"}],"version-history":[{"count":0,"href":"http:\/\/www.korhanyilmaz.com\/index.php?rest_route=\/wp\/v2\/posts\/14639\/revisions"}],"wp:attachment":[{"href":"http:\/\/www.korhanyilmaz.com\/index.php?rest_route=%2Fwp%2Fv2%2Fmedia&parent=14639"}],"wp:term":[{"taxonomy":"category","embeddable":true,"href":"http:\/\/www.korhanyilmaz.com\/index.php?rest_route=%2Fwp%2Fv2%2Fcategories&post=14639"},{"taxonomy":"post_tag","embeddable":true,"href":"http:\/\/www.korhanyilmaz.com\/index.php?rest_route=%2Fwp%2Fv2%2Ftags&post=14639"}],"curies":[{"name":"wp","href":"https:\/\/api.w.org\/{rel}","templated":true}]}}