{"id":14636,"date":"2009-09-13T12:25:15","date_gmt":"2009-09-13T09:25:15","guid":{"rendered":"http:\/\/www.korhanyilmaz.com\/?p=14636"},"modified":"2009-09-13T12:25:15","modified_gmt":"2009-09-13T09:25:15","slug":"kumbag-camur-deryasina-dondu","status":"publish","type":"post","link":"http:\/\/www.korhanyilmaz.com\/?p=14636","title":{"rendered":"Kumba\u011f \u00e7amur deryas\u0131na d\u00f6nd\u00fc"},"content":{"rendered":"<p style=\"text-align: center;\"><a href=\"http:\/\/www.korhanyilmaz.com\/wp-content\/uploads\/2009\/09\/kumba\u011f.jpg\"  class=\"lightview\"><img loading=\"lazy\" decoding=\"async\" class=\"aligncenter size-full wp-image-14637\" src=\"http:\/\/www.korhanyilmaz.com\/wp-content\/uploads\/2009\/09\/kumba\u011f.jpg\" alt=\"\" width=\"307\" height=\"236\" \/><\/a><\/p>\n<p style=\"text-align: justify;\">D\u00fcn selde mahsur kalanlar\u0131n helikopterler ve tanklarla kurtar\u0131ld\u0131\u011f\u0131, 4 bine yak\u0131n evin su alt\u0131nda kald\u0131\u011f\u0131 Tekirda\u011f&#8217;\u0131n Kumba\u011f beldesinde su \u00e7ekildi. \u015eimdi d\u00f6rt bir yan \u00e7amur deryas\u0131&#8230;<\/p>\n<p style=\"text-align: justify;\">Geceyi d\u0131\u015far\u0131da ve yak\u0131nlar\u0131n\u0131n yan\u0131nda ge\u00e7iren sel ma\u011fdurlar\u0131, sabah evlerine d\u00f6nd\u00fc ve temizlik \u00e7al\u0131\u015fmalar\u0131na ba\u015fland\u0131.<\/p>\n<p style=\"text-align: justify;\">Ancak selin b\u0131rakt\u0131\u011f\u0131 bal\u00e7\u0131\u011f\u0131 temizlemek kolay olmuyor. Su basan evlerdeki e\u015fyalar kullan\u0131lmaz hale geldi.<\/p>\n<p style=\"text-align: justify;\">Hasar tespit \u00e7al\u0131\u015fmalar\u0131na ise halen ba\u015flanamad\u0131. <!--more--><\/p>\n<p style=\"text-align: justify;\">Belediye Ba\u015fkan\u0131 H\u00fcseyin Uzunlar, yakla\u015f\u0131k 4 bine yak\u0131n evin sular alt\u0131nda kald\u0131\u011f\u0131n\u0131 a\u00e7\u0131klad\u0131; maddi zarar\u0131n b\u00fcy\u00fck oldu\u011funu s\u00f6yledi.<\/p>\n<p style=\"text-align: justify;\">Altyap\u0131 ve yollarda a\u011f\u0131r hasar var. Sel ma\u011fdurlar\u0131na \u015fu ana kadar sadece yiyecek yard\u0131m\u0131 yap\u0131ld\u0131. Ancak yeterli olmad\u0131.<\/p>\n<p style=\"text-align: justify;\">Halen K\u0131z\u0131lay&#8217;\u0131n yard\u0131m g\u00f6ndermesi  bekleniyor.<\/p>\n<p style=\"text-align: justify;\">Belediye Ba\u015fkan\u0131, &#8220;Devlet yard\u0131m\u0131 olmazsa bu maddi hasar\u0131n alt\u0131nda kalkamay\u0131z&#8221; diyor.<\/p>\n<p style=\"text-align: justify;\"><strong><em>Malkara da selden etkilendi <\/em><\/strong><\/p>\n<p style=\"text-align: justify;\">Tekirda\u011f&#8217;\u0131n Malkara il\u00e7esinde, d\u00fcn etkili olan sa\u011fanak ya\u011f\u0131\u015f nedeniyle 60 evi su bast\u0131. Malkara \u0130tfaiye M\u00fcd\u00fcr\u00fc \u0130hsan Rendan, evini su basan vatanda\u015flar\u0131n itfaiyeyi arayarak yard\u0131m istedi\u011fini bildirdi.<\/p>\n<p style=\"text-align: justify;\">Bunun \u00fczerine olaya hemen m\u00fcdahale ederek evlerden su tahliyesine ba\u015flad\u0131klar\u0131n\u0131 ifade eden Rendan, &#8220;D\u00fcn, sa\u011fanaktan sonra su basan 60 eve m\u00fcdahale ettik ve saatte 60 ton su basan motopomplarla sular\u0131 tahliye ettik. Ancak su bask\u0131n\u0131 olan evlerin daha fazla olabilece\u011fini d\u00fc\u015f\u00fcn\u00fcyoruz. Yap\u0131lacak detayl\u0131 \u00e7al\u0131\u015fmayla kesin say\u0131ya ula\u015faca\u011f\u0131z&#8221; dedi.<\/p>\n<p style=\"text-align: justify;\"><span style=\"color: #888888;\">CNN T\u00dcRK<\/span><\/p>\n","protected":false},"excerpt":{"rendered":"<p style=\"text-align: center;\">\n<p style=\"text-align: justify;\">D\u00fcn selde mahsur kalanlar\u0131n helikopterler ve tanklarla kurtar\u0131ld\u0131\u011f\u0131, 4 bine yak\u0131n evin su alt\u0131nda kald\u0131\u011f\u0131 Tekirda\u011f&#8217;\u0131n Kumba\u011f beldesinde su \u00e7ekildi. \u015eimdi d\u00f6rt bir yan \u00e7amur deryas\u0131&#8230;<\/p>\n<p style=\"text-align: justify;\">Geceyi d\u0131\u015far\u0131da ve yak\u0131nlar\u0131n\u0131n yan\u0131nda ge\u00e7iren sel ma\u011fdurlar\u0131, sabah evlerine d\u00f6nd\u00fc ve temizlik \u00e7al\u0131\u015fmalar\u0131na ba\u015fland\u0131.<\/p>\n<p style=\"text-align: justify;\">Ancak selin b\u0131rakt\u0131\u011f\u0131 bal\u00e7\u0131\u011f\u0131 temizlemek <\/p>\n","protected":false},"author":1,"featured_media":0,"comment_status":"open","ping_status":"closed","sticky":false,"template":"","format":"standard","meta":{"footnotes":""},"categories":[105],"tags":[],"class_list":["post-14636","post","type-post","status-publish","format-standard","hentry","category-gundem","odd"],"_links":{"self":[{"href":"http:\/\/www.korhanyilmaz.com\/index.php?rest_route=\/wp\/v2\/posts\/14636","targetHints":{"allow":["GET"]}}],"collection":[{"href":"http:\/\/www.korhanyilmaz.com\/index.php?rest_route=\/wp\/v2\/posts"}],"about":[{"href":"http:\/\/www.korhanyilmaz.com\/index.php?rest_route=\/wp\/v2\/types\/post"}],"author":[{"embeddable":true,"href":"http:\/\/www.korhanyilmaz.com\/index.php?rest_route=\/wp\/v2\/users\/1"}],"replies":[{"embeddable":true,"href":"http:\/\/www.korhanyilmaz.com\/index.php?rest_route=%2Fwp%2Fv2%2Fcomments&post=14636"}],"version-history":[{"count":0,"href":"http:\/\/www.korhanyilmaz.com\/index.php?rest_route=\/wp\/v2\/posts\/14636\/revisions"}],"wp:attachment":[{"href":"http:\/\/www.korhanyilmaz.com\/index.php?rest_route=%2Fwp%2Fv2%2Fmedia&parent=14636"}],"wp:term":[{"taxonomy":"category","embeddable":true,"href":"http:\/\/www.korhanyilmaz.com\/index.php?rest_route=%2Fwp%2Fv2%2Fcategories&post=14636"},{"taxonomy":"post_tag","embeddable":true,"href":"http:\/\/www.korhanyilmaz.com\/index.php?rest_route=%2Fwp%2Fv2%2Ftags&post=14636"}],"curies":[{"name":"wp","href":"https:\/\/api.w.org\/{rel}","templated":true}]}}