{"id":14632,"date":"2009-09-13T11:37:05","date_gmt":"2009-09-13T08:37:05","guid":{"rendered":"http:\/\/www.korhanyilmaz.com\/?p=14632"},"modified":"2009-09-13T11:37:05","modified_gmt":"2009-09-13T08:37:05","slug":"3-katrilyon-370-trilyonluk-bir-vergi-cezasinin-adi-fasizmdir","status":"publish","type":"post","link":"http:\/\/www.korhanyilmaz.com\/?p=14632","title":{"rendered":"`3 katrilyon 370 trilyonluk bir vergi cezas\u0131n\u0131n ad\u0131 fa\u015fizmdir&#039;"},"content":{"rendered":"<p style=\"text-align: center;\"><a href=\"http:\/\/www.korhanyilmaz.com\/wp-content\/uploads\/2009\/09\/vergi.jpg\"  class=\"lightview\"><img loading=\"lazy\" decoding=\"async\" class=\"aligncenter size-full wp-image-14633\" src=\"http:\/\/www.korhanyilmaz.com\/wp-content\/uploads\/2009\/09\/vergi.jpg\" alt=\"\" width=\"329\" height=\"210\" \/><\/a><\/p>\n<p style=\"text-align: justify;\">MHP K\u0131r\u0131kkale \u0130l Te\u015fkilat\u0131 taraf\u0131ndan d\u00fczenlenen `Birlik ve beraberlik&#8217; iftar yeme\u011finde konu\u015fan Sa\u011fl\u0131k eski Bakan\u0131 Prof. Dr. Osman Durmu\u015f, vergi cezalar\u0131yla susturulmak istenen medyan\u0131n yan\u0131nda olduklar\u0131n\u0131 ve sonuna kadar da destekleyeceklerini s\u00f6yledi.<\/p>\n<p style=\"text-align: justify;\">G\u00f6k D\u00fc\u011f\u00fcn Salonu&#8217;ndaki iftar yeme\u011fine, Sa\u011fl\u0131k eski Bakan\u0131 ve MHP K\u0131r\u0131kkale Milletvekili Osman Durmu\u015f, Ankara il Ba\u015fkan\u0131 \u00d6mer Demirel, K\u0131r\u0131kkale il Ba\u015fkan\u0131 Seyit Ali G\u00f6\u00e7er, y\u00f6netim kurulu il\u00e7e y\u00f6netim kurulu, MHP&#8217;li Belediye Ba\u015fkanlar\u0131 ve kalabal\u0131k bir partilinin yan\u0131 s\u0131ra sivil toplum \u00f6rg\u00fctleri de kat\u0131ld\u0131. <!--more--><\/p>\n<p style=\"text-align: justify;\"><strong><em>MHP&#8217;nin \u00f6n\u00fcn\u00fc kesmik istiyorlar <\/em><\/strong><\/p>\n<p style=\"text-align: justify;\">Sa\u011fl\u0131k eski Bakan\u0131 ve MHP K\u0131r\u0131kkale Milletvekili Osman Durmu\u015f, yapt\u0131\u011f\u0131 konu\u015fmada, &#8220;\u0130ftar yeme\u011finden \u00f6nce K\u0131r\u0131kkale&#8217;nin Toprak Mahallesi&#8217;nde gezdim ve hem\u015ferilerimizin tepkilerini ald\u0131m art\u0131k gelin y\u00f6netin diyorlar gelebilmemiz i\u00e7in bu partinin i\u00e7inde olan herkesin burada olmas\u0131 laz\u0131m, MHP&#8217;nin \u00fclke i\u00e7in kayg\u0131lar\u0131n\u0131 payla\u015fanlar. Do\u011fudan bat\u0131ya, g\u00fcneyden kuzeye t\u00fcm vatanseverlerin \u00fclkede \u015fu anda \u00fc\u00e7 siyasi partinin aktif oldu\u011funu g\u00f6rmeleri laz\u0131m. AKP iktidarda, CHP ana muhalefet ve MHP var. Burada AKP giderken, yerine kimin gelece\u011fini koymalar\u0131 laz\u0131m. Her birinize \u00f6nemli bir g\u00f6rev d\u00fc\u015f\u00fcyor. Bir tak\u0131m senaryolar kuracaklar. All\u0131 g\u00fcll\u00fc bir\u00e7ok partiler kuracaklar. \u0130htiyar partileri yeniden ihya etmeye kalkacaklar. B\u00fct\u00fcn mesele nedir biliyormusunuz? Sizin tercihlerinizde do\u011fru olarak g\u00f6rd\u00fc\u011f\u00fcn\u00fcz gibi MHP&#8217;nin \u00f6n\u00fcn\u00fc kesmek.&#8221;<\/p>\n<p style=\"text-align: justify;\"><strong><em>Medya Bask\u0131 Alt\u0131nda <\/em><\/strong><\/p>\n<p style=\"text-align: justify;\">Osman Durmu\u015f, bas\u0131n\u0131n bask\u0131 alt\u0131nda oldu\u011funu ifade ederek `Mahalli gazetelerin yan\u0131 s\u0131ra ulusal bas\u0131n da m\u00fcthi\u015f bir bask\u0131 alt\u0131nda, bir bas\u0131na 3 katrilyon 370 trilyonluk bir vergi cezas\u0131 nedir biliyor musunuz? Bunun ad\u0131 fa\u015fizimdir. Ama Tayyip Erdo\u011fan&#8217;\u0131n, fa\u015fist olacak kadar bilgi birikimi de yok. Sadece kaba bir diktat\u00f6r. Bunun ad\u0131 diktat\u00f6rl\u00fckt\u00fcr. Haz\u0131ms\u0131zl\u0131kt\u0131r, namussuzluktur. Demokrasiye ve muhalefete ba\u015fkald\u0131r\u0131yor. S\u00f6z\u00fcn\u00fcn \u00fcst\u00fcne s\u00f6z istemiyor. Rahmetli Necip Faz\u0131l, `Ben sana al\u00e7ak diyemem, al\u00e7akl\u0131k da bir iktifad\u0131r. Sen \u00e7ukursun be adam&#8217; diye birisini kastetmi\u015ftir. Bazen \u015fairlerin s\u00f6zleri ac\u0131mas\u0131z gibi g\u00f6r\u00fcnebilir. Ama o g\u00fcn s\u00f6ylenen s\u00f6zleri zaman zaman ne anlama geldi\u011fini bug\u00fcn kendi kendime soruyorum.&#8221;<\/p>\n<p style=\"text-align: justify;\"><strong><em>Sen Demedin mi , Say\u0131n \u00d6calan Diye? <\/em><\/strong><\/p>\n<p style=\"text-align: justify;\">Sa\u011fl\u0131k eski Bakan\u0131 ve MHP K\u0131r\u0131kkale Milletvekili Osman Durmu\u015f, &#8220;T\u00fcrkiye&#8217;de Her g\u00fcn 7-8 \u015fehidin oldu\u011fu bir \u00fclkede, sizler seli bahane ederek \u015fehitleri g\u00f6rmezlikten geliyorsunuz. \u00dclk\u00fcc\u00fcler, \u015fehit cenazelerine kat\u0131ld\u0131\u011f\u0131 zaman, `bunu siyasi rant yap\u0131yorsunuz&#8217; diyorsunuz. Biz art\u0131k \u015fehit cenazelerine kat\u0131lmaktan imtina eder olduk. Bu \u00fclke i\u00e7in bizim \u00e7ocuklar\u0131m\u0131z, bizim yavrular\u0131m\u0131z, bizim canlar\u0131m\u0131z, gittiler da\u011flarda ter\u00f6ristlerle \u00e7at\u0131\u015ft\u0131lar. \u015eehit oldular. Gazi oldular. Sen ne dedin bunlara? `Kelle&#8217; dedin. Sonra ne dedin? `Say\u0131n \u00d6calan&#8217; dedin.&#8221;<\/p>\n<p style=\"text-align: justify;\"><strong><em>Karde\u015fi Karde\u015fe D\u00fc\u015f\u00fcrecekler <\/em><\/strong><\/p>\n<p style=\"text-align: justify;\">Osman Durmu\u015f, T\u00fcrkiye&#8217;nin etraf\u0131nda s\u00fcre gelen huzursuzluklar\u0131n T\u00fcrkiye de s\u0131\u00e7rayaca\u011f\u0131n\u0131 ve karde\u015fi karde\u015fe d\u00fc\u015f\u00fcreceklerini belirterek, &#8220;\u015eimdi soruyorum \u00e7evremize bakal\u0131m. Suriye huzurlu mu? Hay\u0131r. Filistin huzurlu mu? Hay\u0131r. Irak huzurlu mu? Hay\u0131r. G\u00fcrcistan huzurlu mu? Hay\u0131r. \u0130ran huzurlu mu? Hay\u0131r. Kim bunlar? Bizi \u00e7evreleyen \u00fclkeler. Peki T\u00fcrkiye, s\u0131rayla bu i\u015fler, bu senaryo Amerikan&#8217;\u0131n, tek hakim g\u00fc\u00e7 olmak istiyor. T\u00fcrkiye ile oynuyor. Bah\u00e7eli diyor ki, biz vatanda\u015flar\u0131m\u0131z\u0131 sorun olarak de\u011fil, karde\u015f olarak g\u00f6r\u00fcyoruz. Buradan soruyorum; G\u00fcneydo\u011fu da, Karadeniz de, Trakya da, Orta Anadolu da T\u00fcrkiye&#8217;nin her yerinde etkin mensubiyetiniz ne olursa olsun biz size karde\u015flik tavsiye ediyoruz. Vatanda\u015flar\u0131m\u0131za birlik beraberlik tavsiye ediyor. \u00dclkede huzur istiyorlar. Herkesi ayn\u0131 kap\u0131ya koymak, neresi bunun vatanseverlik, neresi birlik, bu ihanettir. Tayyip Erdo\u011fan haindir ve ihanettir&#8221; diyerek s\u00f6zlerini tamamlad\u0131.<\/p>\n<p style=\"text-align: justify;\"><span style=\"color: #888888;\">Kaynak : Vatan<\/span><\/p>\n","protected":false},"excerpt":{"rendered":"<p style=\"text-align: center;\">\n<p style=\"text-align: justify;\">MHP K\u0131r\u0131kkale \u0130l Te\u015fkilat\u0131 taraf\u0131ndan d\u00fczenlenen `Birlik ve beraberlik&#8217; iftar yeme\u011finde konu\u015fan Sa\u011fl\u0131k eski Bakan\u0131 Prof. Dr. Osman Durmu\u015f, vergi cezalar\u0131yla susturulmak istenen medyan\u0131n yan\u0131nda olduklar\u0131n\u0131 ve sonuna kadar da destekleyeceklerini s\u00f6yledi.<\/p>\n<p style=\"text-align: justify;\">G\u00f6k D\u00fc\u011f\u00fcn Salonu&#8217;ndaki iftar yeme\u011fine, Sa\u011fl\u0131k eski Bakan\u0131 ve MHP K\u0131r\u0131kkale Milletvekili Osman Durmu\u015f, Ankara il <\/p>\n","protected":false},"author":1,"featured_media":0,"comment_status":"open","ping_status":"closed","sticky":false,"template":"","format":"standard","meta":{"footnotes":""},"categories":[105],"tags":[],"class_list":["post-14632","post","type-post","status-publish","format-standard","hentry","category-gundem","odd"],"_links":{"self":[{"href":"http:\/\/www.korhanyilmaz.com\/index.php?rest_route=\/wp\/v2\/posts\/14632","targetHints":{"allow":["GET"]}}],"collection":[{"href":"http:\/\/www.korhanyilmaz.com\/index.php?rest_route=\/wp\/v2\/posts"}],"about":[{"href":"http:\/\/www.korhanyilmaz.com\/index.php?rest_route=\/wp\/v2\/types\/post"}],"author":[{"embeddable":true,"href":"http:\/\/www.korhanyilmaz.com\/index.php?rest_route=\/wp\/v2\/users\/1"}],"replies":[{"embeddable":true,"href":"http:\/\/www.korhanyilmaz.com\/index.php?rest_route=%2Fwp%2Fv2%2Fcomments&post=14632"}],"version-history":[{"count":0,"href":"http:\/\/www.korhanyilmaz.com\/index.php?rest_route=\/wp\/v2\/posts\/14632\/revisions"}],"wp:attachment":[{"href":"http:\/\/www.korhanyilmaz.com\/index.php?rest_route=%2Fwp%2Fv2%2Fmedia&parent=14632"}],"wp:term":[{"taxonomy":"category","embeddable":true,"href":"http:\/\/www.korhanyilmaz.com\/index.php?rest_route=%2Fwp%2Fv2%2Fcategories&post=14632"},{"taxonomy":"post_tag","embeddable":true,"href":"http:\/\/www.korhanyilmaz.com\/index.php?rest_route=%2Fwp%2Fv2%2Ftags&post=14632"}],"curies":[{"name":"wp","href":"https:\/\/api.w.org\/{rel}","templated":true}]}}