{"id":14628,"date":"2009-09-12T18:27:50","date_gmt":"2009-09-12T15:27:50","guid":{"rendered":"http:\/\/www.korhanyilmaz.com\/?p=14628"},"modified":"2009-09-12T18:27:50","modified_gmt":"2009-09-12T15:27:50","slug":"hayatinizi-kaybetmeye-hazirlanin-lutfen","status":"publish","type":"post","link":"http:\/\/www.korhanyilmaz.com\/?p=14628","title":{"rendered":"Hayat\u0131n\u0131z\u0131 kaybetmeye haz\u0131rlan\u0131n l\u00fctfen"},"content":{"rendered":"<p><a href=\"http:\/\/www.korhanyilmaz.com\/wp-content\/uploads\/2009\/09\/MA\u0130L.jpg\"  class=\"lightview\"><img loading=\"lazy\" decoding=\"async\" class=\"aligncenter size-full wp-image-14629\" src=\"http:\/\/www.korhanyilmaz.com\/wp-content\/uploads\/2009\/09\/MA\u0130L.jpg\" alt=\"\" width=\"320\" height=\"100\" \/><\/a><\/p>\n<p style=\"text-align: justify;\">Emina\u011fao\u011flu\u2019na elektronik postayla ilgin\u00e7 bir tehdit mesaj\u0131 geldi: Haddinizi \u00e7ok a\u015ft\u0131\u011f\u0131n\u0131z\u0131n fark\u0131nda m\u0131s\u0131n\u0131z? \u0130lerideki hayat\u0131n\u0131z\u0131n tad\u0131n\u0131 \u00e7\u0131karamayacaks\u0131n\u0131z.<\/p>\n<p style=\"text-align: justify;\">ANKARA- Son d\u00f6nemde y\u00fcksek yarg\u0131 \u00fcyelerine y\u00f6nelik tehditlere bir yenisi eklendi. HSYK \u00fcyesi Ali Suat Ertosun, YARSAV Ba\u015fkan\u0131 \u00d6mer Faruk Emina\u011fao\u011flu ve baz\u0131 Yarg\u0131tay ve Dan\u0131\u015ftay \u00fcyelerine i\u00e7inde toz bulunan zarflar\u0131n g\u00f6nderilmesinin ard\u0131ndan, son olarak YARSAV y\u00f6netiminde bulunan b\u00fct\u00fcn hakim ve savc\u0131lar\u0131n elektronik posta ile tehdit edildi\u011fi ortaya \u00e7\u0131kt\u0131. <!--more--><\/p>\n<p style=\"text-align: justify;\">Son tehdit olay\u0131yla ilgili olarak YARSAV ad\u0131na Emina\u011fao\u011flu taraf\u0131ndan 28 A\u011fustos 2009\u2019da Ankara Cumhuriyet Ba\u015fsavc\u0131l\u0131\u011f\u0131\u2019na su\u00e7 duyurusunda bulunuldu. S\u00f6zkonusu elektronik posta ile hem Emina\u011fao\u011flu hem de YARSAV Y\u00f6netim Kurulu \u00fcyelerinin tehdit edildi\u011fi kaydedilen su\u00e7 duyurusu dilek\u00e7esinde, mesaj\u0131 g\u00f6nderen ki\u015finin IP numaras\u0131ndan tespit edilerek hakk\u0131nda kamu davas\u0131n\u0131n a\u00e7\u0131lmas\u0131 talep edildi.<\/p>\n<p style=\"text-align: justify;\">\u201c<em>Haddinizi \u00e7ok fazla a\u015ft\u0131\u011f\u0131n\u0131z\u0131n fark\u0131nda m\u0131s\u0131n\u0131z?<\/em>\u201d s\u00f6zleriyle ba\u015flayan tehdit i\u00e7erikli elektronik postada \u015funlar\u0131n yazd\u0131\u011f\u0131 belirtildi: <em>\u201cS\u00f6zlerime ba\u015flamadan \u00f6nce sizlerin kimler oldu\u011funu, kimlerle ba\u011flant\u0131l\u0131 oldu\u011funuzu ve ilerideki 5 ay i\u00e7indeki planlar\u0131n\u0131z\u0131n ne oldu\u011funu bilen birisi olarak uyar\u0131yorum. Cumhurba\u015fkan\u0131m\u0131za el uzatman\u0131z\u0131n bedeli sizlere ilelebet pi\u015fman olaca\u011f\u0131n\u0131z bir durum olu\u015fturmu\u015ftur. Bu e-mailim de malesef onlardan birisidir belirtmeden ge\u00e7emeyece\u011fim. Maalesef halen bilmedi\u011finiz g\u00fc\u00e7 odaklar\u0131 i\u00e7erisinde sizlerin fazlas\u0131 ile hatta ve hatta baz\u0131 komutanlar\u0131nda i\u00e7inde bulundu\u011fu illegal durumlar\u0131 bilenler gerekirse tamamen illegal komutanlar\u0131n\u0131z\u0131 ve sizi \u00e7\u00f6kertecek ortam\u0131 bekleyenler var sizin de bildi\u011finiz gibi. Bunun bedeli tamamen sizlere mal olacak. \u0130lerideki hayat\u0131n\u0131z\u0131n tad\u0131n\u0131 \u00e7\u0131kartamayaca\u011f\u0131n\u0131z\u0131n bir ba\u015flang\u0131c\u0131d\u0131r ve harcanacaks\u0131n\u0131z. Sadece siz de\u011fil di\u011fer dostlar\u0131n\u0131z da. Bu e-mailim de bunun ba\u015flang\u0131c\u0131d\u0131r. Hayat\u0131n\u0131z\u0131 kaybetmeye haz\u0131rlan\u0131n l\u00fctfen. Ho\u015f\u00e7akal\u0131n.\u201d<\/em><\/p>\n<p style=\"text-align: justify;\"><span style=\"color: #888888;\">\u00d6m\u00fcr \u00dcNVER \/ VATAN ANKARA<\/span><\/p>\n","protected":false},"excerpt":{"rendered":"<\/p>\n<p style=\"text-align: justify;\">Emina\u011fao\u011flu\u2019na elektronik postayla ilgin\u00e7 bir tehdit mesaj\u0131 geldi: Haddinizi \u00e7ok a\u015ft\u0131\u011f\u0131n\u0131z\u0131n fark\u0131nda m\u0131s\u0131n\u0131z? \u0130lerideki hayat\u0131n\u0131z\u0131n tad\u0131n\u0131 \u00e7\u0131karamayacaks\u0131n\u0131z.<\/p>\n<p style=\"text-align: justify;\">ANKARA- Son d\u00f6nemde y\u00fcksek yarg\u0131 \u00fcyelerine y\u00f6nelik tehditlere bir yenisi eklendi. HSYK \u00fcyesi Ali Suat Ertosun, YARSAV Ba\u015fkan\u0131 \u00d6mer Faruk Emina\u011fao\u011flu ve baz\u0131 Yarg\u0131tay ve Dan\u0131\u015ftay \u00fcyelerine i\u00e7inde toz bulunan zarflar\u0131n g\u00f6nderilmesinin ard\u0131ndan, <\/p>\n","protected":false},"author":1,"featured_media":0,"comment_status":"open","ping_status":"closed","sticky":false,"template":"","format":"standard","meta":{"footnotes":""},"categories":[105],"tags":[],"class_list":["post-14628","post","type-post","status-publish","format-standard","hentry","category-gundem","odd"],"_links":{"self":[{"href":"http:\/\/www.korhanyilmaz.com\/index.php?rest_route=\/wp\/v2\/posts\/14628","targetHints":{"allow":["GET"]}}],"collection":[{"href":"http:\/\/www.korhanyilmaz.com\/index.php?rest_route=\/wp\/v2\/posts"}],"about":[{"href":"http:\/\/www.korhanyilmaz.com\/index.php?rest_route=\/wp\/v2\/types\/post"}],"author":[{"embeddable":true,"href":"http:\/\/www.korhanyilmaz.com\/index.php?rest_route=\/wp\/v2\/users\/1"}],"replies":[{"embeddable":true,"href":"http:\/\/www.korhanyilmaz.com\/index.php?rest_route=%2Fwp%2Fv2%2Fcomments&post=14628"}],"version-history":[{"count":0,"href":"http:\/\/www.korhanyilmaz.com\/index.php?rest_route=\/wp\/v2\/posts\/14628\/revisions"}],"wp:attachment":[{"href":"http:\/\/www.korhanyilmaz.com\/index.php?rest_route=%2Fwp%2Fv2%2Fmedia&parent=14628"}],"wp:term":[{"taxonomy":"category","embeddable":true,"href":"http:\/\/www.korhanyilmaz.com\/index.php?rest_route=%2Fwp%2Fv2%2Fcategories&post=14628"},{"taxonomy":"post_tag","embeddable":true,"href":"http:\/\/www.korhanyilmaz.com\/index.php?rest_route=%2Fwp%2Fv2%2Ftags&post=14628"}],"curies":[{"name":"wp","href":"https:\/\/api.w.org\/{rel}","templated":true}]}}