{"id":14615,"date":"2009-09-12T17:26:43","date_gmt":"2009-09-12T14:26:43","guid":{"rendered":"http:\/\/www.korhanyilmaz.com\/?p=14615"},"modified":"2009-09-12T17:26:43","modified_gmt":"2009-09-12T14:26:43","slug":"protokol-konseri-kurtce-sarki-icin-terketmemis","status":"publish","type":"post","link":"http:\/\/www.korhanyilmaz.com\/?p=14615","title":{"rendered":"Protokol konseri &#039;K\u00fcrt\u00e7e \u015fark\u0131 i\u00e7in&#039; terketmemi\u015f"},"content":{"rendered":"<p><a href=\"http:\/\/www.korhanyilmaz.com\/wp-content\/uploads\/2009\/09\/SEVVAL.jpg\"  class=\"lightview\"><img loading=\"lazy\" decoding=\"async\" class=\"aligncenter size-full wp-image-14616\" src=\"http:\/\/www.korhanyilmaz.com\/wp-content\/uploads\/2009\/09\/SEVVAL.jpg\" alt=\"\" width=\"292\" height=\"216\" \/><\/a><\/p>\n<p style=\"text-align: justify;\">I\u011fd\u0131r Vali Vekili Tu\u011fba Y\u0131lmaz, sanat\u00e7\u0131 \u015eevval Sam&#8217;\u0131n konserinde K\u00fcrt\u00e7e \u015fark\u0131 s\u00f6ylerken protokol \u00fcyelerinin konser alan\u0131n\u0131 terk etti\u011fi y\u00f6n\u00fcndeki haberlerin ger\u00e7e\u011fi yans\u0131tmad\u0131\u011f\u0131n\u0131 bildirdi.<\/p>\n<p style=\"text-align: justify;\">Y\u0131lmaz, yapt\u0131\u011f\u0131 yaz\u0131l\u0131 a\u00e7\u0131klamada, Milli Piyango \u0130daresi Genel M\u00fcd\u00fcrl\u00fc\u011f\u00fcnce 9 Eyl\u00fclde ger\u00e7ekle\u015ftirilen I\u011fd\u0131r \u00d6zel \u00c7ekili\u015fi etkinlikleri kapsam\u0131nda, sanat\u00e7\u0131 \u015eevval Sam&#8217;\u0131n, konserinde istek \u00fczerine K\u00fcrt\u00e7e \u015fark\u0131lar seslendirdi\u011fi, bu s\u0131rada da protokol mensuplar\u0131n\u0131n yerinde program\u0131 izlemeye devam etti\u011fini ifade etti. <!--more--><\/p>\n<p style=\"text-align: justify;\">Sanat\u00e7\u0131 Sam&#8217;\u0131n, K\u00fcrt\u00e7e okudu\u011fu par\u00e7alardan sonra, seslendirdi\u011fi di\u011fer \u015fark\u0131lar\u0131na e\u015flik etmek ve halay \u00e7ekmek \u00fczere vatanda\u015flar\u0131 sahne yak\u0131n\u0131na davet etmesiyle de protokol alan\u0131n\u0131n konseri izlemek i\u00e7in elveri\u015fsiz hale geldi\u011fini belirten Y\u0131lmaz, \u015funlar\u0131 kaydetti:<\/p>\n<p style=\"text-align: justify;\">&#8220;Bu nedenle sahneye yak\u0131n k\u0131s\u0131mdaki protokol mensuplar\u0131, konser alan\u0131ndan peyderpey ayr\u0131lm\u0131\u015flard\u0131r. Bu durum da konser sonunda olmu\u015ftur. Kald\u0131 ki, sanat\u00e7\u0131 \u015eevval Sam da telefon ba\u011flant\u0131s\u0131yla kat\u0131lm\u0131\u015f oldu\u011fu bir canl\u0131 yay\u0131n program\u0131nda, konser esnas\u0131nda ya\u015fananlar hakk\u0131nda bu y\u00f6nde a\u00e7\u0131klamada bulunmu\u015ftur. Protokolde bulunanlar\u0131n, s\u00f6z konusu K\u00fcrt\u00e7e \u015fark\u0131lar\u0131n s\u00f6ylendi\u011fi esnada protokolden ayr\u0131lmad\u0131\u011f\u0131 mevcut kamera g\u00f6r\u00fcnt\u00fclerinden anla\u015f\u0131lmaktad\u0131r. Bas\u0131nda \u00e7\u0131kan &#8216;K\u00fcrt\u00e7e \u015fark\u0131 s\u00f6ylenirken protokol konser alan\u0131n\u0131 terk etti&#8217; haberleri ger\u00e7e\u011fi yans\u0131tm\u0131yor.&#8221;<\/p>\n<p style=\"text-align: justify;\"><span style=\"color: #888888;\">CNN T\u00dcRK<\/span><\/p>\n","protected":false},"excerpt":{"rendered":"<\/p>\n<p style=\"text-align: justify;\">I\u011fd\u0131r Vali Vekili Tu\u011fba Y\u0131lmaz, sanat\u00e7\u0131 \u015eevval Sam&#8217;\u0131n konserinde K\u00fcrt\u00e7e \u015fark\u0131 s\u00f6ylerken protokol \u00fcyelerinin konser alan\u0131n\u0131 terk etti\u011fi y\u00f6n\u00fcndeki haberlerin ger\u00e7e\u011fi yans\u0131tmad\u0131\u011f\u0131n\u0131 bildirdi.<\/p>\n<p style=\"text-align: justify;\">Y\u0131lmaz, yapt\u0131\u011f\u0131 yaz\u0131l\u0131 a\u00e7\u0131klamada, Milli Piyango \u0130daresi Genel M\u00fcd\u00fcrl\u00fc\u011f\u00fcnce 9 Eyl\u00fclde ger\u00e7ekle\u015ftirilen I\u011fd\u0131r \u00d6zel \u00c7ekili\u015fi etkinlikleri kapsam\u0131nda, sanat\u00e7\u0131 \u015eevval Sam&#8217;\u0131n, konserinde istek \u00fczerine K\u00fcrt\u00e7e \u015fark\u0131lar seslendirdi\u011fi, bu <\/p>\n","protected":false},"author":1,"featured_media":0,"comment_status":"open","ping_status":"closed","sticky":false,"template":"","format":"standard","meta":{"footnotes":""},"categories":[105],"tags":[],"class_list":["post-14615","post","type-post","status-publish","format-standard","hentry","category-gundem","odd"],"_links":{"self":[{"href":"http:\/\/www.korhanyilmaz.com\/index.php?rest_route=\/wp\/v2\/posts\/14615","targetHints":{"allow":["GET"]}}],"collection":[{"href":"http:\/\/www.korhanyilmaz.com\/index.php?rest_route=\/wp\/v2\/posts"}],"about":[{"href":"http:\/\/www.korhanyilmaz.com\/index.php?rest_route=\/wp\/v2\/types\/post"}],"author":[{"embeddable":true,"href":"http:\/\/www.korhanyilmaz.com\/index.php?rest_route=\/wp\/v2\/users\/1"}],"replies":[{"embeddable":true,"href":"http:\/\/www.korhanyilmaz.com\/index.php?rest_route=%2Fwp%2Fv2%2Fcomments&post=14615"}],"version-history":[{"count":0,"href":"http:\/\/www.korhanyilmaz.com\/index.php?rest_route=\/wp\/v2\/posts\/14615\/revisions"}],"wp:attachment":[{"href":"http:\/\/www.korhanyilmaz.com\/index.php?rest_route=%2Fwp%2Fv2%2Fmedia&parent=14615"}],"wp:term":[{"taxonomy":"category","embeddable":true,"href":"http:\/\/www.korhanyilmaz.com\/index.php?rest_route=%2Fwp%2Fv2%2Fcategories&post=14615"},{"taxonomy":"post_tag","embeddable":true,"href":"http:\/\/www.korhanyilmaz.com\/index.php?rest_route=%2Fwp%2Fv2%2Ftags&post=14615"}],"curies":[{"name":"wp","href":"https:\/\/api.w.org\/{rel}","templated":true}]}}