{"id":14606,"date":"2009-09-12T12:08:52","date_gmt":"2009-09-12T10:08:52","guid":{"rendered":"http:\/\/www.korhanyilmaz.com\/?p=14606"},"modified":"2009-09-12T12:08:52","modified_gmt":"2009-09-12T10:08:52","slug":"senerden-sel-yorumu","status":"publish","type":"post","link":"http:\/\/www.korhanyilmaz.com\/?p=14606","title":{"rendered":"\u015eener&#039;den sel yorumu"},"content":{"rendered":"<p style=\"text-align: center;\"><a href=\"http:\/\/www.korhanyilmaz.com\/wp-content\/uploads\/2009\/09\/idam.jpg\"  class=\"lightview\"><img loading=\"lazy\" decoding=\"async\" class=\"aligncenter size-full wp-image-14607\" src=\"http:\/\/www.korhanyilmaz.com\/wp-content\/uploads\/2009\/09\/idam.jpg\" alt=\"\" width=\"329\" height=\"210\" \/><\/a><\/p>\n<p style=\"text-align: justify;\"><em><strong>&#8216;Belediye ba\u015fkanlar\u0131n\u0131n hak ettikleri ceza idamd\u0131r..&#8217; <\/strong><\/em><\/p>\n<p style=\"text-align: justify;\">T\u00dcRK\u0130YE Partisi Genel Ba\u015fkan\u0131 Abd\u00fcllatif \u015eener, \u0130stanbul&#8217;daki sel felaketinde en b\u00fcy\u00fck sorumlunun aralar\u0131nda Ba\u015fbakan Recep Tayyip Erdo\u011fan&#8217;\u0131n da bulundu\u011fu belediye ba\u015fkanlar\u0131 oldu\u011funu belirterek, &#8220;T\u00fcm belediye ba\u015fkanlar\u0131, T\u00fcrkiye&#8217;de ki \u00e7arp\u0131k kentle\u015fmeden sorumludurlar. Bunun cezas\u0131n\u0131 \u00e7ekmelidirler. Hak ettikleri ceza idamd\u0131r&#8221; dedi.<\/p>\n<p style=\"text-align: justify;\">\u0130zzet Baysal Turizm Otelcilik ve Meslek Lisesi Uygulama Oteli&#8217;nde partisinin iftar\u0131na kat\u0131l\u0131rken sorular\u0131 yan\u0131tlad\u0131. \u015eener, \u0130stanbul&#8217;daki anan selin ard\u0131ndan yap\u0131lan a\u00e7\u0131klamalara tepki g\u00f6stererek, &#8220;Belediye ba\u015fkan\u0131, say\u0131n ba\u015fbakan, h\u00fck\u00fcmet yani sorumlular olaya \u00f6yle bir yakla\u015f\u0131m g\u00f6steriyorlar ki, hayret etmemek elde de\u011fil. Kendilerinin hi\u00e7bir kabahati yok, t\u00fcm sorumlular vatanda\u015flar veya gazaba gelen derelermi\u015f gibi beyanlarda bulunuyorlar. Bu \u00fclkenin sorunlar\u0131yla, vatanda\u015flar\u0131n ac\u0131lar\u0131yla alay etmek anlam\u0131na gelir. Sorumlu ki\u015fi \u00f6nce sorumlulu\u011funun bilincinde olur. Sorumlulu\u011funun bilincinde olmadan verilen deme\u00e7ler bu \u00fclke insan\u0131na hakaret anlam\u0131 ta\u015f\u0131r, bundan vazge\u00e7ilmesi laz\u0131m&#8221; dedi. <!--more--><\/p>\n<p style=\"text-align: justify;\">\u015eener, do\u011fal afetler kar\u015f\u0131s\u0131nda hassas davran\u0131lmas\u0131 gerekti\u011fini anlat\u0131rken, &#8220;Bu i\u015fin sorumlusu belediye ba\u015fkanlar\u0131d\u0131r, h\u00fck\u00fcmettir, iktidard\u0131r ve \u00f6zellikle belediye ba\u015fkanlar\u0131d\u0131r&#8221; diye devam etti.<\/p>\n<p style=\"text-align: justify;\">D\u00fcnyan\u0131n hi\u00e7bir yerinde \u0130stanbul&#8217;daki gibi bir kentle\u015fme g\u00f6r\u00fclemeyece\u011fini iddia eden TP lideri Abd\u00fcllatif \u015eener, \u015f\u00f6yle dedi:<\/p>\n<p style=\"text-align: justify;\">&#8220;\u00c7ok partili siyasi hayata girdi\u011fimiz g\u00fcnden bu yana T\u00fcrkiye&#8217;de g\u00f6rev yapm\u0131\u015f t\u00fcm belediye ba\u015fkanlar\u0131, T\u00fcrkiye&#8217;deki \u00e7arp\u0131k kentle\u015fmeden sorumludurlar. Bunun cezas\u0131n\u0131 \u00e7ekmelidirler. Hak ettikleri ceza idamd\u0131r. Ama Anayasam\u0131zda idam yoktur. Ama mutlaka cezaya \u00e7arpt\u0131r\u0131lmal\u0131d\u0131rlar. Hatta \u015fu bile d\u00fc\u015f\u00fcn\u00fclebilir. \u0130dam cezas\u0131n\u0131n kald\u0131r\u0131lmas\u0131 ile ilgili maddeye bir parantez a\u00e7\u0131larak belediye ba\u015fkanlar\u0131 hari\u00e7 yaz\u0131labilir.&#8221;<\/p>\n<p style=\"text-align: justify;\">\u015eener, Do\u011fan Yay\u0131n Holding&#8217;e kesilen vergi cezas\u0131na da de\u011finirken, &#8220;Bizim milli gelene\u011fimizde adalet kavram\u0131 \u00f6n planda oldu\u011fu i\u00e7in, halk\u0131m\u0131z\u0131n da en de\u011fer verdi\u011fi kavram adalettir. \u0130nsanlar y\u00fcksek refah d\u00fczeyinden \u00f6nce bile adalet isterler. E\u011fer adalet varsa, adil bir ya\u015fama bi\u00e7imi ve adil bir payla\u015f\u0131m bi\u00e7imi varsa bizim insan\u0131m\u0131z yoksullu\u011fa bile raz\u0131d\u0131r. Adalette de \u00f6l\u00e7\u00fc bellidir. Birine d\u00fc\u015fman olabilirsiniz, birine kininiz olabilir, sevginiz olabilir. Sevgi ve kin asla adaletten sapmay\u0131 gerektirmez&#8221; dedi. \u015eener, \u015f\u00f6yle devam etti:<\/p>\n<p style=\"text-align: justify;\">&#8220;Olaya b\u00f6yle bakt\u0131\u011f\u0131m\u0131z zaman ister istemez kamu g\u00fcc\u00fcn\u00fcn belli medya organlar\u0131 \u00fczerinde yo\u011funla\u015fmas\u0131n\u0131n siyasi bir maksad\u0131 oldu\u011funu d\u00fc\u015f\u00fcnmek gerekir. B\u00f6yle bir kamu g\u00fcc\u00fcn\u00fcn siyasi maksatlarla kullan\u0131lmas\u0131n\u0131n \u00fclkemize zarar verir. Hi\u00e7bir zaman kamu g\u00fcc\u00fc siyasal iktidara kamu g\u00fcc\u00fcn\u00fc kullanmak i\u00e7in verilmemi\u015ftir. Siyasi maksatlar i\u00e7in kamu g\u00fcc\u00fc kullan\u0131lmaz. Devlet adaml\u0131\u011f\u0131 bunu ifade etmez. Devlet adam\u0131 olmak farkl\u0131 bir \u015feydir. T\u00fcrkiye&#8217;de vergi inceleme oran\u0131 y\u00fczde 1&#8217;dir. Ama bir grubun onlarca \u015firketinin tamam\u0131 ve 5 y\u0131ll\u0131k zaman a\u015f\u0131m\u0131 s\u00fcresinin tamam\u0131 itibariyle incelemeye al\u0131n\u0131p, t\u00fcm mali inceleme elemanlar\u0131n\u0131n yo\u011funla\u015fmas\u0131na yol a\u00e7acak \u015fekilde bask\u0131 alt\u0131nda tutuluyorsa ve sonunda da bir tak\u0131m raporlar \u00e7\u0131k\u0131yorsa bu hukuki olmaz. T\u00fcrkiye&#8217;de inceleme oran\u0131 1 ise herkes pay\u0131na ne d\u00fc\u015f\u00fcyorsa almal\u0131d\u0131r. Neden bir \u015firket, neden 5 y\u0131ll\u0131k zaman a\u015f\u0131m\u0131 s\u00fcresinin tamam\u0131 bunun sorulmas\u0131 laz\u0131m.&#8221;<\/p>\n<p style=\"text-align: justify;\"><span style=\"color: #888888;\">Mutlu YUCA- Koray YILMAZDEM\u0130R\/BOLU, (DHA)<\/span><\/p>\n<p style=\"text-align: justify;\"><span style=\"color: #888888;\">Kaynak : <a href=\"http:\/\/w9.gazetevatan.com\/Senerden_sel_yorumu\/258901\/9\/Siyaset\" target=\"_blank\">Vatan<\/a><br \/>\n<\/span><\/p>\n","protected":false},"excerpt":{"rendered":"<p style=\"text-align: center;\">\n<p style=\"text-align: justify;\">&#8216;Belediye ba\u015fkanlar\u0131n\u0131n hak ettikleri ceza idamd\u0131r..&#8217; <\/p>\n<p style=\"text-align: justify;\">T\u00dcRK\u0130YE Partisi Genel Ba\u015fkan\u0131 Abd\u00fcllatif \u015eener, \u0130stanbul&#8217;daki sel felaketinde en b\u00fcy\u00fck sorumlunun aralar\u0131nda Ba\u015fbakan Recep Tayyip Erdo\u011fan&#8217;\u0131n da bulundu\u011fu belediye ba\u015fkanlar\u0131 oldu\u011funu belirterek, &#8220;T\u00fcm belediye ba\u015fkanlar\u0131, T\u00fcrkiye&#8217;de ki \u00e7arp\u0131k kentle\u015fmeden sorumludurlar. Bunun cezas\u0131n\u0131 \u00e7ekmelidirler. Hak ettikleri ceza idamd\u0131r&#8221; dedi.<\/p>\n<p style=\"text-align:  \n\n","protected":false},"author":1,"featured_media":0,"comment_status":"open","ping_status":"closed","sticky":false,"template":"","format":"standard","meta":{"footnotes":""},"categories":[105],"tags":[],"class_list":["post-14606","post","type-post","status-publish","format-standard","hentry","category-gundem","odd"],"_links":{"self":[{"href":"http:\/\/www.korhanyilmaz.com\/index.php?rest_route=\/wp\/v2\/posts\/14606","targetHints":{"allow":["GET"]}}],"collection":[{"href":"http:\/\/www.korhanyilmaz.com\/index.php?rest_route=\/wp\/v2\/posts"}],"about":[{"href":"http:\/\/www.korhanyilmaz.com\/index.php?rest_route=\/wp\/v2\/types\/post"}],"author":[{"embeddable":true,"href":"http:\/\/www.korhanyilmaz.com\/index.php?rest_route=\/wp\/v2\/users\/1"}],"replies":[{"embeddable":true,"href":"http:\/\/www.korhanyilmaz.com\/index.php?rest_route=%2Fwp%2Fv2%2Fcomments&post=14606"}],"version-history":[{"count":0,"href":"http:\/\/www.korhanyilmaz.com\/index.php?rest_route=\/wp\/v2\/posts\/14606\/revisions"}],"wp:attachment":[{"href":"http:\/\/www.korhanyilmaz.com\/index.php?rest_route=%2Fwp%2Fv2%2Fmedia&parent=14606"}],"wp:term":[{"taxonomy":"category","embeddable":true,"href":"http:\/\/www.korhanyilmaz.com\/index.php?rest_route=%2Fwp%2Fv2%2Fcategories&post=14606"},{"taxonomy":"post_tag","embeddable":true,"href":"http:\/\/www.korhanyilmaz.com\/index.php?rest_route=%2Fwp%2Fv2%2Ftags&post=14606"}],"curies":[{"name":"wp","href":"https:\/\/api.w.org\/{rel}","templated":true}]}}