{"id":14602,"date":"2009-09-11T10:23:10","date_gmt":"2009-09-11T07:23:10","guid":{"rendered":"http:\/\/www.korhanyilmaz.com\/?p=14602"},"modified":"2009-09-11T10:23:10","modified_gmt":"2009-09-11T07:23:10","slug":"resmi-dile-ilk-adim","status":"publish","type":"post","link":"http:\/\/www.korhanyilmaz.com\/?p=14602","title":{"rendered":"Resmi dile ilk ad\u0131m"},"content":{"rendered":"<p style=\"text-align: center;\"><a href=\"http:\/\/www.korhanyilmaz.com\/wp-content\/uploads\/2009\/09\/1252659034.jpg\"  class=\"lightview\"><img loading=\"lazy\" decoding=\"async\" class=\"aligncenter size-full wp-image-14603\" src=\"http:\/\/www.korhanyilmaz.com\/wp-content\/uploads\/2009\/09\/1252659034.jpg\" alt=\"\" width=\"450\" height=\"225\" \/><\/a><\/p>\n<p style=\"text-align: justify;\">Y\u00d6K, Mardin Artuklu \u00dcniversitesi\u2019ne K\u00fcrt\u00e7e y\u00fcksek lisans ve doktora program\u0131 a\u00e7mak i\u00e7in izin verdi. \u00dcniversite gerekli g\u00f6r\u00fcrse Irak\u2019\u0131n kuzeyinden akademisyen getirecek.<\/p>\n<p style=\"text-align: justify;\">\u0130ktidar\u0131n a\u00e7\u0131l\u0131m \u00e7al\u0131\u015fmalar\u0131 meyvelerini veriyor. Y\u00fcksek \u00d6\u011fretim Kurulu d\u00fcn toplanarak K\u00fcrt\u00e7e b\u00f6l\u00fcm a\u00e7mak isteyen \u00fcniversitelerin taleplerini ele ald\u0131. Y\u00d6K Ba\u015fkan\u0131 Yusuf Ziya zcan, Y\u00d6K Genel Kurulunun yakla\u015f\u0131k 8 saat s\u00fcren toplant\u0131s\u0131n\u0131n ard\u0131ndan gazetecilere a\u00e7\u0131klama yapt\u0131. Mardin Artuklu \u00dcniversitesinin K\u00fcrt Dili ve Edebiyat\u0131 B\u00f6l\u00fcm\u00fc a\u00e7\u0131lmas\u0131 talebi bulundu\u011funu an\u0131msatan \u00d6zcan, konuyu Genel Kurul\u2019da g\u00f6r\u00fc\u015ft\u00fcklerini ifade etti. <!--more--><\/p>\n<p style=\"text-align: justify;\"><strong><em>Di\u011fer dilleri de kapsayacakm\u0131\u015f!<\/em><\/strong><\/p>\n<p style=\"text-align: justify;\">\u00d6zcan, toplant\u0131da, Mardin Artuklu \u00dcniversitesinde \u201cT\u00fcrkiye\u2019de Ya\u015fayan Diller Enstit\u00fcs\u00fc\u201d ad\u0131 alt\u0131nda bir enstit\u00fc kurulmas\u0131 karar\u0131 al\u0131nd\u0131\u011f\u0131n\u0131 belirtilerek, \u201c\u00dcniversite, istedi\u011fi taktirde bunun alt\u0131n\u0131 K\u00fcrt\u00e7e y\u00fcksek lisans ve doktora program\u0131yla isterse Fars\u00e7a, Arap\u00e7a, S\u00fcryanice gibi programlarla doldurabilecek. Ben, biraz \u00f6nce kendilerine de bunu duyurdum\u201d dedi. Enstit\u00fcdeki programlar\u0131n sadece K\u00fcrt\u00e7e\u2019yi de\u011fil di\u011fer dilleri de kapsayaca\u011f\u0131n\u0131 vurgulayan \u00d6zcan, \u015funlar\u0131 s\u00f6yledi:<\/p>\n<p style=\"text-align: justify;\"><strong><em>Modeli \u00e7ok be\u011fenmi\u015f<\/em><\/strong><\/p>\n<p style=\"text-align: justify;\">\u201cBu, sadece K\u00fcrt\u00e7e\u2019yi de\u011fil di\u011fer dilleri de kucaklayan bir \u00e7\u00f6z\u00fcm oldu. Zaten, ge\u00e7en g\u00fcnk\u00fc toplant\u0131m\u0131zda rekt\u00f6rlerimizden birisinin fikriydi bu. Benim \u00e7ok ho\u015fuma gitmi\u015fti. Bug\u00fcn Genel Kurulumuz da bu fikri \u00e7ok iyi buldu. Bu modele sadece K\u00fcrt\u00e7e de\u011fil, di\u011fer diller de dahil olacak\u201d dedi.<\/p>\n<p style=\"text-align: justify;\"><strong><em>Kuzey Irak\u2019tan hoca gelebilir<\/em><\/strong><\/p>\n<p style=\"text-align: justify;\">Bir gazetecinin, \u201cLisans program\u0131 a\u00e7maktan neden geri ad\u0131m att\u0131n\u0131z?\u201d sorusu \u00fczerine \u00d6zcan, \u201cGeri ad\u0131m atmad\u0131k. Buradaki esas ama\u00e7 \u00f6nce gerekli \u00f6\u011fretim \u00fcyesini yeti\u015ftirmekti. Bu enstit\u00fcn\u00fcn as\u0131l amac\u0131 lisans \u00f6\u011fretimi a\u00e7\u0131ld\u0131\u011f\u0131 zaman ihtiyac\u0131m\u0131z olacak \u00f6\u011fretim \u00fcyelerini yeti\u015ftirmek. Onun i\u00e7in y\u00fcksek lisans ve doktorayla ba\u015flayacak\u201d dedi. Enstit\u00fcn\u00fcn ne zaman faaliyete ge\u00e7ece\u011finin sorulmas\u0131 \u00fczerine \u00d6zcan, \u201cBiz birka\u00e7 g\u00fcne kadar karar\u0131m\u0131z\u0131 kendilerine bildiririz. Onlardan gelen y\u00fcksek lisans ve doktor taleplerini de hemen kabul ederiz\u201d diye konu\u015ftu. \u201cKuzey Irak\u2019tan \u00f6\u011fretim \u00fcyesinin gelmesi s\u00f6z konusu mu?\u201d sorusuna \u00d6zcan, \u201cZannediyorum T\u00fcrkiye\u2019den kar\u015f\u0131layabilecekler\u201d yan\u0131t\u0131n\u0131 verdi.<\/p>\n<p style=\"text-align: justify;\"><strong><em>Akademisyenler tepkili<\/em><\/strong><\/p>\n<p style=\"text-align: justify;\">Y\u00d6K\u2019\u00fcn karar\u0131na tepki gecikmedi. Gazi \u00dcniversitesi Rekt\u00f6r\u00fc Prof. Dr. R\u0131za Ayhan, Y\u00d6K\u2019\u00fcn verdi\u011fi karar\u0131n Anayasa\u2019ya ayk\u0131r\u0131 oldu\u011funu belirterek, \u201cSe\u00e7meli ders olsun diyorlar, madem \u00f6yle neden se\u00e7meli? Anadil anadan \u00f6\u011frenilir. Se\u00e7meli olarak de\u011fil. \u0130\u015fte \u2019\u0130ngilizce, S\u00fcmeroloji ve Yunanca nas\u0131l \u00f6\u011fretiliyor\u2019diyorlar, onlar devlet dilidir. \u00d6\u011fretilmesinde sak\u0131nca yoktur. Ama \u015fu anda T\u00fcrkiye, K\u00fcrdistan diye bir devleti kabul etmedi\u011fine g\u00f6re, K\u00fcrt\u00e7enin de yabanc\u0131 dil olarak okutulmas\u0131 hukuken m\u00fcmk\u00fcn de\u011fildir. Ama bizim haberimiz olmadan K\u00fcrdistan\u2019\u0131 tan\u0131m\u0131\u015flarsa bilemem. Anayasa\u2019n\u0131n 42. maddesine ayk\u0131r\u0131 bir karar vard\u0131r\u201d \u015feklinde konu\u015ftu.<\/p>\n<p style=\"text-align: justify;\"><strong><em>\u00d6zerklik yok say\u0131l\u0131yor<\/em><\/strong><\/p>\n<p style=\"text-align: justify;\">\u00dcniversiteyi di\u011fer e\u011fitim ve \u00f6\u011fretim kurumlar\u0131ndan ay\u0131ran en \u00f6nemli \u00f6zelli\u011finin \u00f6zerkli\u011fi oldu\u011funu s\u00f6zlerine ekleyen Prof. Dr. Ayhan \u015f\u00f6yle konu\u015ftu: \u201cE\u011fer a\u00e7\u0131lacaksa, bunu \u00fcniversite olarak biz a\u00e7ar\u0131z. Yani senatomuz bir araya gelir, karar verilir ve biz a\u00e7ar\u0131z. Y\u00d6K\u2019\u00fcn bu \u015fekilde \u00fcniversite \u00f6zerkli\u011fine do\u011frudan do\u011fruya m\u00fcdahaleden bir tarzda, \u2019\u015funu a\u00e7acaks\u0131n\u0131z\u2019diye dayatmas\u0131 son derece yanl\u0131\u015ft\u0131r. Tabi ben bilemiyorum \u00fcniversitelerin \u00f6zerkli\u011fi kalkt\u0131ysa onu bilemiyorum. Ama \u00fcniversite \u00f6zerkli\u011fi mevcut ve Anayasal teminat alt\u0131nda. Y\u00d6K\u2019\u00fcn bu \u015fekilde bir karar almamas\u0131 gerekir. Bu durumun hukukende T\u00fcrkiye Cumhuriyeti Anayasas\u0131\u2019na ayk\u0131r\u0131d\u0131r.\u201d<\/p>\n<p style=\"text-align: justify;\"><strong><em>\u2018Devletin dili T\u00fcrk\u00e7edir\u2019<\/em><\/strong><\/p>\n<p style=\"text-align: justify;\">Genelkurmay Ba\u015fkan\u0131 \u0130lker Ba\u015fbu\u011f, iktidar\u0131n a\u00e7\u0131l\u0131m ad\u0131 alt\u0131nda K\u00fcrt\u00e7e ile ilgili atmay\u0131 planlad\u0131\u011f\u0131 ad\u0131mlara kar\u015f\u0131 olduklar\u0131n\u0131 a\u00e7\u0131klam\u0131\u015ft\u0131. Orgeneral Ba\u015fbu\u011f, Zafer Haftas\u0131 dolay\u0131s\u0131yla yay\u0131nlad\u0131\u011f\u0131 mesaj\u0131nda, TSK\u2019n\u0131n \u00fcniter yap\u0131n\u0131n korunmas\u0131 konusunda taraf oldu\u011funu belirterek \u015funlar\u0131 kaydetmi\u015fti: Anayasa\u2019n\u0131n de\u011fi\u015ftirilmesi teklif bile edilemez olan 3\u2019\u00fcnc\u00fc maddesinde ifade edildi\u011fi gibi \u201cT\u00fcrkiye devleti, \u00fclkesi ve milletiyle b\u00f6l\u00fcnmez bir b\u00fct\u00fcnd\u00fcr. Dili T\u00fcrk\u00e7e\u2019dir.\u201d T\u00fcrk Silahl\u0131 Kuvvetleri, ATAT\u00dcRK taraf\u0131ndan bizlere emanet edilen ve Anayasa\u2019n\u0131n 3\u2019\u00fcnc\u00fc maddesinde de belirtildi\u011fi \u015fekilde; T\u00fcrkiye Cumhuriyeti\u2019nin ulus-devlet ve \u00fcniter-devlet yap\u0131s\u0131n\u0131n korunmas\u0131nda taraft\u0131r ve taraf olmaya da devam edecektir.<\/p>\n<p style=\"text-align: justify;\"><span style=\"color: #888888;\">Kaynak : <a href=\"http:\/\/www.yenicaggazetesi.com.tr\/haberdetay.php?hit=22904\" target=\"_blank\">yenicaggazetesi.com.tr<\/a><\/span><\/p>\n","protected":false},"excerpt":{"rendered":"<p style=\"text-align: center;\">\n<p style=\"text-align: justify;\">Y\u00d6K, Mardin Artuklu \u00dcniversitesi\u2019ne K\u00fcrt\u00e7e y\u00fcksek lisans ve doktora program\u0131 a\u00e7mak i\u00e7in izin verdi. \u00dcniversite gerekli g\u00f6r\u00fcrse Irak\u2019\u0131n kuzeyinden akademisyen getirecek.<\/p>\n<p style=\"text-align: justify;\">\u0130ktidar\u0131n a\u00e7\u0131l\u0131m \u00e7al\u0131\u015fmalar\u0131 meyvelerini veriyor. Y\u00fcksek \u00d6\u011fretim Kurulu d\u00fcn toplanarak K\u00fcrt\u00e7e b\u00f6l\u00fcm a\u00e7mak isteyen \u00fcniversitelerin taleplerini ele ald\u0131. Y\u00d6K Ba\u015fkan\u0131 Yusuf Ziya zcan, Y\u00d6K Genel Kurulunun yakla\u015f\u0131k <\/p>\n","protected":false},"author":1,"featured_media":0,"comment_status":"open","ping_status":"closed","sticky":false,"template":"","format":"standard","meta":{"footnotes":""},"categories":[105],"tags":[],"class_list":["post-14602","post","type-post","status-publish","format-standard","hentry","category-gundem","odd"],"_links":{"self":[{"href":"http:\/\/www.korhanyilmaz.com\/index.php?rest_route=\/wp\/v2\/posts\/14602","targetHints":{"allow":["GET"]}}],"collection":[{"href":"http:\/\/www.korhanyilmaz.com\/index.php?rest_route=\/wp\/v2\/posts"}],"about":[{"href":"http:\/\/www.korhanyilmaz.com\/index.php?rest_route=\/wp\/v2\/types\/post"}],"author":[{"embeddable":true,"href":"http:\/\/www.korhanyilmaz.com\/index.php?rest_route=\/wp\/v2\/users\/1"}],"replies":[{"embeddable":true,"href":"http:\/\/www.korhanyilmaz.com\/index.php?rest_route=%2Fwp%2Fv2%2Fcomments&post=14602"}],"version-history":[{"count":0,"href":"http:\/\/www.korhanyilmaz.com\/index.php?rest_route=\/wp\/v2\/posts\/14602\/revisions"}],"wp:attachment":[{"href":"http:\/\/www.korhanyilmaz.com\/index.php?rest_route=%2Fwp%2Fv2%2Fmedia&parent=14602"}],"wp:term":[{"taxonomy":"category","embeddable":true,"href":"http:\/\/www.korhanyilmaz.com\/index.php?rest_route=%2Fwp%2Fv2%2Fcategories&post=14602"},{"taxonomy":"post_tag","embeddable":true,"href":"http:\/\/www.korhanyilmaz.com\/index.php?rest_route=%2Fwp%2Fv2%2Ftags&post=14602"}],"curies":[{"name":"wp","href":"https:\/\/api.w.org\/{rel}","templated":true}]}}