{"id":14594,"date":"2009-09-12T08:12:07","date_gmt":"2009-09-12T05:12:07","guid":{"rendered":"http:\/\/www.korhanyilmaz.com\/?p=14594"},"modified":"2009-09-12T08:12:07","modified_gmt":"2009-09-12T05:12:07","slug":"14594","status":"publish","type":"post","link":"http:\/\/www.korhanyilmaz.com\/?p=14594","title":{"rendered":"Utanc\u0131n 29.Y\u0131l\u0131"},"content":{"rendered":"<p style=\"text-align: center;\"><a href=\"http:\/\/www.korhanyilmaz.com\/wp-content\/uploads\/2009\/09\/12eylul.jpg\"  class=\"lightview\"><img loading=\"lazy\" decoding=\"async\" class=\"aligncenter size-full wp-image-14593\" src=\"http:\/\/www.korhanyilmaz.com\/wp-content\/uploads\/2009\/09\/12eylul.jpg\" alt=\"\" width=\"450\" height=\"225\" \/><\/a><\/p>\n<p style=\"text-align: justify;\">* T\u00fcrkiye\u2019de giderek yayg\u0131nla\u015fan siyasal cinayetler ile ekonomik krizi bahane eden d\u00f6nemin Genelkurmay Ba\u015fkan\u0131 Kenan Evren ve silah arkada\u015flar\u0131, 12 Eyl\u00fcl 1980\u2019de y\u00f6netime el koydu.<\/p>\n<p style=\"text-align: justify;\">* Siyasi partiler kapat\u0131ld\u0131, liderler tutukland\u0131, y\u00fczbinlerce ki\u015fi zindanlara at\u0131ld\u0131 gencecik fidanlar as\u0131ld\u0131. Ancak, aradan ge\u00e7en 29 y\u0131la ra\u011fmen darbenin mimarlar\u0131 hesap vermedi.<\/p>\n<p style=\"text-align: justify;\">Tarih sayfalar\u0131nda yerini \u2019Kara Eyl\u00fcl\u2019 olarak alan 12 Eyl\u00fcl darbesinin ard\u0131ndan 29 y\u0131l ge\u00e7mesine ra\u011fmen, ihtilalin ba\u015f mimar\u0131 d\u00f6nemin Genelkurmay Ba\u015fkan\u0131 Kenan Evren ve arkada\u015flar\u0131ndan hesap sorulamad\u0131. Ast\u0131rd\u0131\u011f\u0131 gen\u00e7 fidanlara hi\u00e7 ald\u0131rmayan Evren ise \u00f6mr\u00fcn\u00fcn son demlerini keyif \u00e7atarak s\u00fcrd\u00fcr\u00fcyor. 12 Eyl\u00fcl 1980 darbesinin gerek\u00e7eleri aras\u0131nda \u00fclkede yayg\u0131nla\u015fan siyasal cinayetler, TBMM\u2019nin bir \u00e7ok turun ard\u0131ndan Cumhurba\u015fkan\u0131 se\u00e7ememesi, 6 Eyl\u00fcl g\u00fcn\u00fc Necmettin Erbakan liderli\u011finde yap\u0131lan Konya\u2019daki Kud\u00fcs mitingi g\u00f6sterildi. Bunun yan\u0131nda darbenin gerek\u00e7eleri aras\u0131nda ekonomik istikrars\u0131zl\u0131k da vard\u0131. 70 Cent\u2019e muhtac\u0131z \u015feklinde d\u00f6nemin Ba\u015fbakan\u0131 taraf\u0131ndan \u00f6zetlenen d\u0131\u015f ticaret a\u00e7\u0131\u011f\u0131, d\u00f6viz darl\u0131\u011f\u0131, i\u015fsizlik, k\u0131tl\u0131k, i\u015f yeri anla\u015fmazl\u0131klar\u0131 ekonomik nedenler olarak ortaya sunuldu. <!--more--><\/p>\n<p style=\"text-align: justify;\"><strong><em>ABD rahats\u0131z oldu<\/em><\/strong><\/p>\n<p style=\"text-align: justify;\">Ayr\u0131ca toplumsal gerginlik te darbe gerek\u00e7eleri aras\u0131ndayd\u0131. \u00dclkedeki sa\u011f-sol gerginli\u011fi, Emniyet Te\u015fkilat\u0131n\u0131n b\u00f6l\u00fcnmesi, cinayetlerini say\u0131s\u0131n\u0131n g\u00fcnde 30\u2019a kadar \u00e7\u0131kmas\u0131 darbenin zeminini haz\u0131rlam\u0131\u015ft\u0131. Bunun yan\u0131nda NATO\u2019nun g\u00fcney kanad\u0131n\u0131n en \u00f6nemli \u00fcyelerinden biri olan T\u00fcrkiye\u2019nin i\u00e7ine d\u00fc\u015ft\u00fc\u011f\u00fc bu \u00e7alkant\u0131, ABD\u2019yi de rahats\u0131z etti. Ayn\u0131 y\u0131llarda ger\u00e7ekle\u015fen \u0130ran \u0130slam Devrimi ve SSCB\u2019nin Afganistan\u2019\u0131 i\u015fgali ABD\u2019de rahats\u0131zl\u0131k g\u00f6sterince, s\u00f6zde istikrar ad\u0131na ABD\u2019lilerin deyimiyle \u201cBizim \u00c7ocuklar\u201d d\u00fcd\u00fc\u011f\u00fc \u00e7ald\u0131.<\/p>\n<p style=\"text-align: justify;\"><strong><em>Y\u00f6netime el koydu<\/em><\/strong><\/p>\n<p style=\"text-align: justify;\">12 Eyl\u00fcl sabah\u0131 saat 04.00\u2019de Genelkurmay Ba\u015fkan\u0131 Orgeneral Kenan Evren, Kara Kuvvetleri Komutan\u0131 Orgeneral Nurettin Ersin, Hava Kuvvetleri Komutan\u0131 Orgeneral Tahsin \u015eahinkaya, Deniz Kuvvetleri Komutan\u0131 Oramiral Nejat T\u00fcmer ve Jandarma Genel Komutan\u0131 Orgeneral Sedat Celasun\u2019dan olu\u015fan Milli G\u00fcvenlik Konseyi, T\u00fcrkiye\u2019de adeta zaman\u0131 durduran ve siyasal tarihin saatini parampar\u00e7a eden bildiriyi radyodan okudu: TSK \u0130\u00e7 Hizmet Kanunu\u2019nun verdi\u011fi T\u00fcrkiye Cumhuriyeti\u2019ni kollama ve koruma g\u00f6revini y\u00fcce T\u00fcrk Milleti ad\u0131na emir ve komuta zinciri i\u00e7inde ve emirle yerine getirme karar\u0131n\u0131 alm\u0131\u015f ve \u00fclke y\u00f6netimine b\u00fct\u00fcn\u00fcyle el koymu\u015ftur.<\/p>\n<p style=\"text-align: justify;\"><strong><em>Tarihin durdu\u011fu an<\/em><\/strong><\/p>\n<p style=\"text-align: justify;\">12 Eyl\u00fcl 1980 sabah\u0131 T\u00fcrkiye\u2019de tarihin durdu\u011fu and\u0131. Kimilerine g\u00f6re sokaklardaki barut kokusu art\u0131k bitmi\u015fti. Kimileri i\u00e7inse barut kokusundan etrafa yay\u0131lan ac\u0131lar hen\u00fcz yeni ba\u015fl\u0131yordu. T\u00fcrkiye\u2019de siyaset\u00e7ilerin saatleri kollar\u0131ndan \u00e7\u0131kart\u0131l\u0131yor, Atlantik \u00f6tesi bir zaman kordonu T\u00fcrkiye\u2019yi ku\u015fatmaya ba\u015fl\u0131yordu. Bu sadece insanlar\u0131n cadde ve sokaklarda rahat gezebilmesi anlam\u0131na gelmedi. Ayn\u0131 zamanda yeni bir ekonomik d\u00f6nemin de habercisi olarak alg\u0131land\u0131.<\/p>\n<p style=\"text-align: justify;\"><strong><em>\u0130nfazlar ba\u015flad\u0131<\/em><\/strong><\/p>\n<p style=\"text-align: justify;\">Ancak darbe infazlar\u0131 da beraberinde getirdi. T\u00fcrkiye\u2019de art\u0131k bir travman\u0131n d\u00f6nemi ba\u015flam\u0131\u015ft\u0131. Bin y\u0131ll\u0131k devlet gelene\u011finin haf\u0131zas\u0131 silinmek istenecek, bunun yerine infazlar\u0131n, korkular\u0131n d\u00f6nemi ba\u015flayacakt\u0131. Konsey Ba\u015fkan\u0131 Kenan Evren, T\u00fcrkiye\u2019nin siyasi haf\u0131zas\u0131n\u0131 s\u0131f\u0131rlarken, \u00e7\u0131kt\u0131\u011f\u0131 yurt gezilerinde kelaynaklar\u0131n T\u00fcrkiye i\u00e7in ne kadar \u00f6nemli oldu\u011funu vatanda\u015flara anlatacakt\u0131. Herkes suskun ve korku dolu olarak kap\u0131s\u0131n\u0131 kimin \u00e7alaca\u011f\u0131n\u0131 beklemeye ba\u015flad\u0131. Evlad\u0131n\u0131 arayanlar, ondan haber almak isteyen anneler bir tarafa, h\u00fccrelerde ge\u00e7meyen zaman\u0131n kabuslar\u0131 T\u00fcrkiye\u2019de bir ku\u015fa\u011f\u0131 yok ederken, ard\u0131ndan gelenlere de siyasal hayat\u0131 yasakl\u0131yordu.<\/p>\n<p style=\"text-align: justify;\"><strong><em>Yeni bir d\u00f6nem<\/em><\/strong><\/p>\n<p style=\"text-align: justify;\">Siyaset yapman\u0131n bedeli i\u015fkence, T\u00fcrkiye\u2019de ya\u015faman\u0131n ad\u0131 ise suskunluktu. T\u00fcrkiye\u2019de yeni d\u00f6nem b\u00f6yle bir tabloyla ba\u015flad\u0131.  Nitekim \u00fclke yeni bir d\u00f6neme haz\u0131rd\u0131: bu yeni d\u00f6nem orta s\u0131n\u0131f\u0131n kayboldu\u011fu, evlatlar\u0131n\u0131 yitirdi\u011fi, bedelini ilerleyen y\u0131llarda i\u015fsizlik ve yok olan bilgi birikimi olarak \u00f6deyece\u011fi bir d\u00f6nemin kap\u0131s\u0131n\u0131 a\u00e7t\u0131. Bilan\u00e7o insan \u00fcst\u00fc bir bilan\u00e7oydu. Ama yap\u0131lacak bir \u015fey yoktu. Herkes apoletli bir kadere raz\u0131 olmu\u015ftu.<\/p>\n<p style=\"text-align: justify;\"><em><strong>Liderlere s\u00fcrg\u00fcn<\/strong><\/em><\/p>\n<p style=\"text-align: justify;\">Darbenin gece 03:00\u2019da ilan\u0131ndan sonra ayn\u0131 g\u00fcn sabah saat 5:30\u2019da S\u00fcleyman Demirel, B\u00fclent Ecevit ve Necmettin Erbakan\u2019a Genelkurmay ba\u015fkan\u0131 Kenan Evren taraf\u0131ndan birer tebli\u011f g\u00f6nderildi. T\u00fcm tebli\u011flerde : \u201cTSK y\u00f6netime el koymu\u015ftur. H\u00fck\u00fcmetiniz feshedilmi\u015f, parlamento \u00fcyeli\u011finiz d\u00fc\u015fm\u00fc\u015ft\u00fcr. Talimat\u0131 getiren subay\u0131n ikazlar\u0131na uyunuz\u201d ifadesiyle birlikte gidecekleri adresler belirtilmekteydi. B\u00fclent Ecevit ve S\u00fcleyman Demirel i\u00e7in Hamzak\u00f6y Gelibolu adresi g\u00f6sterilirken, Necmettin Erbakan\u2019a ise Uzunada \u0130zmir adres olarak verildi.  MHP Lideri Alparslan T\u00fcrke\u015f ise darbeden birka\u00e7 g\u00fcn sonra teslim oldu. K\u00f6t\u00fc gidi\u015fattan dolay\u0131 su\u00e7lanan siyasi liderlerden Demirel daha sonra Do\u011fru Yol Partisi\u2019ni kurdu, tekrar ba\u015fbakan oldu ve Cumhurba\u015fkan\u0131 se\u00e7ildi. B\u00fclent Ecevit, Demokratik Sol Parti\u2019yi kurduktan sonra 80 sonras\u0131 yeniden Ba\u015fbakanl\u0131k koltu\u011funa oturdu. Necmettin Erbakan yine y\u0131llar sonra Ba\u015fbakan Yard\u0131mc\u0131s\u0131 olurken, T\u00fcrke\u015f de yeniden MHP\u2019nin ba\u015f\u0131na ge\u00e7ti.<\/p>\n<p style=\"text-align: justify;\">Darbenin lideri Kenan Evren, Tahsin \u015eahinkaya, Nejat T\u00fcmer ve Sedat Celasun\u2019dan olu\u015fan Milli G\u00fcvenlik Konseyi \u00fcyeleri ile birlikte 12 Eyl\u00fcl bildirisini sabah saat 04.00\u2019de radyodan okudu.<\/p>\n<p style=\"text-align: justify;\"><em><strong>12 EYL\u00dcL\u2019\u00dcN B\u0130LAN\u00c7OSU A\u011eIR OLDU<\/strong><\/em><\/p>\n<p style=\"text-align: justify;\">50 siyasi su\u00e7luyu hemen idam ettiler<\/p>\n<p style=\"text-align: justify;\">12 Eyl\u00fcl 1980 ard\u0131ndan TBMM kapat\u0131ld\u0131, partiler la\u011fvedildi ve mallar\u0131na el konuldu.   Parti liderleri \u00f6nce askeri \u00fcslerde g\u00f6zetim alt\u0131nda tutuldu, ard\u0131ndan yarg\u0131land\u0131. \u0130\u015fte o korkun\u00e7 bilan\u00e7o:<\/p>\n<p style=\"text-align: justify;\">* 650.000 ki\u015fi g\u00f6z alt\u0131na al\u0131nd\u0131<\/p>\n<p style=\"text-align: justify;\">* 1 milyon 683 bin ki\u015fi fi\u015flendi.<\/p>\n<p style=\"text-align: justify;\">* A\u00e7\u0131lan 210 bin davada 230 bin ki\u015fi yarg\u0131land\u0131.<\/p>\n<p style=\"text-align: justify;\">* 7 bin ki\u015fi i\u00e7in idam cezas\u0131 istendi.<\/p>\n<p style=\"text-align: justify;\">* 517 ki\u015fiye idam cezas\u0131 verildi.<\/p>\n<p style=\"text-align: justify;\">* Haklar\u0131nda idam cezas\u0131 verilenlerden 50\u2019si as\u0131ld\u0131 (26 siyasi su\u00e7lu, 23 adli su\u00e7lu, 1\u2019i Asala militan\u0131).<\/p>\n<p style=\"text-align: justify;\">* \u0130damlar\u0131 istenen 259 ki\u015finin dosyas\u0131 Meclis\u2019e g\u00f6nderildi.<\/p>\n<p style=\"text-align: justify;\">* 71 bin ki\u015fi TCK\u2019nin 141, 142 ve 163. maddelerinden yarg\u0131land\u0131.<\/p>\n<p style=\"text-align: justify;\">* 98 bin 404 ki\u015fi \u00f6rg\u00fct \u00fcyesi olmak su\u00e7undan yarg\u0131land\u0131.<\/p>\n<p style=\"text-align: justify;\">* 388 bin ki\u015fiye pasaport verilmedi.<\/p>\n<p style=\"text-align: justify;\">* 30 bin ki\u015fi sak\u0131ncal\u0131 oldu\u011fu i\u00e7in i\u015ften at\u0131ld\u0131.<\/p>\n<p style=\"text-align: justify;\">* 14 bin ki\u015fi yurtta\u015fl\u0131ktan \u00e7\u0131kar\u0131ld\u0131.<\/p>\n<p style=\"text-align: justify;\">* 30 bin ki\u015fi siyasi m\u00fclteci olarak yurtd\u0131\u015f\u0131na gitti.<\/p>\n<p style=\"text-align: justify;\">* 300 ki\u015fi ku\u015fkulu bir \u015fekilde \u00f6ld\u00fc.<\/p>\n<p style=\"text-align: justify;\">* 171 ki\u015finin i\u015fkenceden \u00f6ld\u00fc\u011f\u00fc belgelendi.<\/p>\n<p style=\"text-align: justify;\">* 937 film sak\u0131ncal\u0131 bulundu\u011fu i\u00e7in yasakland\u0131.<\/p>\n<p style=\"text-align: justify;\">* 23 bin 677 derne\u011fin faaliyeti durduruldu.<\/p>\n<p style=\"text-align: justify;\">* 3 bin 854 \u00f6\u011fretmen, \u00fcniversitede g\u00f6revli 120 \u00f6\u011fretim \u00fcyesi ve 47 h\u00e2kimin i\u015fine son verildi.<\/p>\n<p style=\"text-align: justify;\">* 400 gazeteci i\u00e7in toplam 4 bin y\u0131l hapis cezas\u0131 istendi.<\/p>\n<p style=\"text-align: justify;\">* Gazetecilere 3 bin 315 y\u0131l 6 ay hapis cezas\u0131 verildi.<\/p>\n<p style=\"text-align: justify;\">* 31 gazeteci cezaevine girdi.<\/p>\n<p style=\"text-align: justify;\">* 300 gazeteci sald\u0131r\u0131ya u\u011frad\u0131.<\/p>\n<p style=\"text-align: justify;\">* 3 gazeteci silahla \u00f6ld\u00fcr\u00fcld\u00fc.<\/p>\n<p style=\"text-align: justify;\">* Baz\u0131 gazete ve dergiler 300 g\u00fcn yay\u0131n yapamad\u0131.<\/p>\n<p style=\"text-align: justify;\">* 13 b\u00fcy\u00fck gazete i\u00e7in 303 dava a\u00e7\u0131ld\u0131.<\/p>\n<p style=\"text-align: justify;\">* 39 ton gazete ve dergi imha edildi.<\/p>\n<p style=\"text-align: justify;\">* Cezaevlerinde toplam 299 ki\u015fi ya\u015fam\u0131n\u0131 yitirdi.<\/p>\n<p style=\"text-align: justify;\">* 144 ki\u015fi ku\u015fkulu bir \u015fekilde \u00f6ld\u00fc.<\/p>\n<p style=\"text-align: justify;\">* 14 ki\u015fi a\u00e7l\u0131k grevinde \u00f6ld\u00fc.<\/p>\n<p style=\"text-align: justify;\">* 16 ki\u015fi ka\u00e7arken vuruldu.<\/p>\n<p style=\"text-align: justify;\">* 95 ki\u015fi \u00e7at\u0131\u015fmada \u00f6ld\u00fc.<\/p>\n<p style=\"text-align: justify;\">* 73 ki\u015fiye do\u011fal \u00f6l\u00fcm raporu verildi.<\/p>\n<p style=\"text-align: justify;\">* 43 ki\u015finin intihar etti\u011fi bildirildi.<\/p>\n<p style=\"text-align: justify;\"><strong><em>Asmayal\u0131m da besleyelim mi ?<\/em><\/strong><\/p>\n<p style=\"text-align: justify;\">Darbeden sonra s\u0131ra idamlara geldi. Sa\u011f sol ay\u0131rt etmeksizin ger\u00e7ekle\u015ftirilen bu infazlarda ilk idam edilenler 9 Ekim 1980 tarihinde \u00fclk\u00fcc\u00fc Mustafa Pehlivano\u011flu ve sol g\u00f6r\u00fc\u015fl\u00fc Necdet Adal\u0131 oldu.<\/p>\n<p style=\"text-align: justify;\"><strong><em>Daha sonra<\/em><\/strong><\/p>\n<p style=\"text-align: justify;\">19 Mart 1980 tarihinde idama mahkum edilen Erdal Eren\u2019in idam karar\u0131 Yarg\u0131tay taraf\u0131ndan iki kere iptal edilmi\u015f olmas\u0131na kar\u015f\u0131n, Milli G\u00fcvenlik Konseyi taraf\u0131ndan onaylanan kararla, 13 Aral\u0131k 1980\u2019de Ankara Merkez Cezaevi\u2019nde infaz edildi. Erdal Eren\u2019in idam\u0131na ili\u015fkin Kenan Evren 3 Ekim 1984\u2019de yapt\u0131\u011f\u0131 Mu\u015f gezisi s\u0131ras\u0131ndaki konu\u015fmada \u015funlar\u0131 s\u00f6ylemi\u015fti: \u201c\u015eimdi ben, bunu yakalad\u0131ktan sonra mahkemeye verece\u011fim ve ondan sonra da idam etmeyece\u011fim, \u00f6m\u00fcr boyu ona bakaca\u011f\u0131m. Bu vatan i\u00e7in kan\u0131n\u0131 ak\u0131tan, bu Mehmet\u00e7iklere silah \u00e7eken o haini ben senelerce besleyece\u011fim. Buna siz raz\u0131 olur musunuz?\u201d<\/p>\n<p style=\"text-align: justify;\"><strong><em>Kimse dokunamad\u0131!<\/em><\/strong><\/p>\n<p style=\"text-align: justify;\">Kenan Evren ve Kuvvet Komutanlar\u0131 taraf\u0131ndan olu\u015fturulan askeri cunta Milli G\u00fcvenlik Konseyi ad\u0131 alt\u0131nda 1983 genel se\u00e7imine kadar T\u00fcrkiye\u2019ye ili\u015fkin t\u00fcm kritik kararlar\u0131 ald\u0131. Darbe ard\u0131ndan ge\u00e7en 3 y\u0131l i\u00e7erisinde \u00f6nemli kanunlar\u0131n tamam\u0131na yak\u0131n\u0131 de\u011fi\u015ftirildi ve cuntan\u0131n belirledi\u011fi Dan\u0131\u015fma Meclisi taraf\u0131ndan yeni bir anayasa haz\u0131rland\u0131. Kabul edilen Anayasa\u2019da, cunta \u00fcyelerinin \u00f6m\u00fcr boyu yarg\u0131lanmas\u0131n\u0131 engelleyen ge\u00e7ici 15. madde, se\u00e7imlerle iktidara gelen hi\u00e7bir h\u00fck\u00fcmet taraf\u0131ndan kald\u0131r\u0131lamad\u0131 ve 12 Eyl\u00fcl liderlerinin dokunulmazl\u0131\u011f\u0131 bug\u00fcne dek s\u00fcrd\u00fc.<\/p>\n<p style=\"text-align: justify;\">Darbeyi H\u00fcrriyet gazetesi okuyucular\u0131na \u201cOrdu y\u00f6netime el koydu\u201d ba\u015fl\u0131\u011f\u0131yla duyurdu.<\/p>\n<p style=\"text-align: justify;\"><strong><em>Bizim \u00e7ocuklar i\u015fi bitirdi<\/em><\/strong><\/p>\n<p style=\"text-align: justify;\">Amerika Birle\u015fik Devletleri y\u00f6netiminin darbeden haberdar oldu\u011fu ve darbe gecesi Ba\u015fkan Jimmy Carter\u2019a \u201cbizim \u00e7ocuklar i\u015fi bitirdi\u201d anlam\u0131nda bir mesaj\u0131n, bir toplant\u0131n\u0131n ortas\u0131nda iletildi\u011finin anla\u015f\u0131lmas\u0131,<\/p>\n<p style=\"text-align: justify;\">12 Eyl\u00fcl\u2019de ABD\u2019nin rol\u00fc konusunu da tart\u0131\u015fmalara a\u00e7t\u0131. \u0130lk kez Mehmet Ali Birand\u2019\u0131n 12 Eyl\u00fcl 04.00 (1984) adl\u0131 kitab\u0131nda ortaya at\u0131lan, 12 Eyl\u00fcl Darbesi s\u0131ras\u0131nda d\u00f6nemin ABD Ulusal G\u00fcvenlik Konseyi T\u00fcrkiye Masas\u0131 Sorumlusu Paul Henze\u2019in askeri m\u00fcdahaleyi haber ald\u0131\u011f\u0131 \u00f6ne s\u00fcr\u00fclm\u00fc\u015ft\u00fc.<\/p>\n<p style=\"text-align: justify;\"><strong><em>Tart\u0131\u015fma yaratt\u0131<\/em><\/strong><\/p>\n<p style=\"text-align: justify;\">Haberi ula\u015ft\u0131ran diplomat\u0131n your boys have done it &#8212; senin \u00e7ocuklar i\u015fi bitirdi &#8211; anlam\u0131ndaki konu\u015fmas\u0131,<\/p>\n<p style=\"text-align: justify;\">12 Eyl\u00fcl Darbesi i\u00e7inde ABD\u2019nin rol\u00fc konusunda tart\u0131\u015fmalara neden olmu\u015ftu. Paul Henze 2003 y\u0131l\u0131nda Zaman Gazetesi\u2019ne verdi\u011fi deme\u00e7te s\u00f6zlerinin Mehmet Ali Birand\u2019\u0131n uydurmas\u0131 oldu\u011funu belirtmi\u015fti. Ancak k\u0131sa bir s\u00fcre sonra Mehmet Ali Birand 2007\u2019de Paul Henze ile yapt\u0131\u011f\u0131 g\u00f6r\u00fc\u015fmenin sesli ve g\u00f6r\u00fcnt\u00fcl\u00fc kay\u0131tlar\u0131n\u0131 yay\u0131nlayarak Henze\u2019i yalanlam\u0131\u015ft\u0131r.<\/p>\n<p style=\"text-align: justify;\"><strong><em>CHP: Ge\u00e7ici 15. madde kald\u0131r\u0131lacak m\u0131?<\/em><\/strong><\/p>\n<p style=\"text-align: justify;\">CHP Kahramanmara\u015f Milletvekili Durdu \u00d6zpolat, 12 Eyl\u00fcl d\u00f6nemi y\u00f6neticilerinin yarg\u0131lanmalar\u0131n\u0131 \u00f6nleyen Anayasan\u0131n Ge\u00e7ici 15. maddesinin kald\u0131r\u0131l\u0131p kald\u0131r\u0131lmayaca\u011f\u0131n\u0131 sordu. \u00d6zpolat, Adalet Bakan\u0131 Sadullah Ergin\u2019in yan\u0131tlamas\u0131 istemiyle TBMM Ba\u015fkanl\u0131\u011f\u0131na sundu\u011fu soru \u00f6nergesinde, s\u00f6z konusu maddenin kald\u0131r\u0131lmas\u0131n\u0131n \u201cyarg\u0131 reformu\u201d i\u00e7inde olup olmad\u0131\u011f\u0131n\u0131 \u00f6\u011frenmek istedi. \u00d6zpolat, \u201cGe\u00e7ici 15. madde kapsam\u0131nda kendilerini yarg\u0131lamaktan kurtaran ka\u00e7 ki\u015fi var? Bunlar\u0131n isimlerini kamuoyu ile payla\u015fmay\u0131 d\u00fc\u015f\u00fcn\u00fcyor musunuz?\u201d diye de sordu.<\/p>\n<p style=\"text-align: justify;\"><strong><em>DSP: \u0130ktidar\u0131n altyap\u0131s\u0131n\u0131 haz\u0131rlad\u0131lar<\/em><\/strong><\/p>\n<p style=\"text-align: justify;\">DSP Genel Sekreteri Hasan Er\u00e7elebi, 12 Eyl\u00fcl askeri ihtilalinin, Atat\u00fcrk ve Cumhuriyet kar\u015f\u0131t\u0131 g\u00fc\u00e7lerin b\u00fcy\u00fcmesine ortam sa\u011flad\u0131\u011f\u0131n\u0131, irticay\u0131 getirdi\u011fini ve bug\u00fcnk\u00fc iktidar\u0131n altyap\u0131s\u0131n\u0131 haz\u0131rlad\u0131\u011f\u0131n\u0131 iddia etti. Er\u00e7elebi, d\u00fczenledi\u011fi bas\u0131n toplant\u0131s\u0131nda, \u201c12 Eyl\u00fcl askeri darbesinin\u201d 29. y\u0131l\u0131n\u0131n geride b\u0131rak\u0131laca\u011f\u0131n\u0131 an\u0131msatarak, \u015funlar\u0131 s\u00f6yledi: \u201cAKP\u2019nin k\u00f6kleri 12 Eyl\u00fcl darbesinden beslenmi\u015ftir. O g\u00fcn 12 Eyl\u00fcl darbesini yapt\u0131ran g\u00fc\u00e7, bug\u00fcn yine Ortado\u011fu\u2019da T\u00fcrkiye\u2019ye \u00e7ok farkl\u0131 roller bi\u00e7mektedir. Ne yaz\u0131k ki bu g\u00fc\u00e7ler, bu rolleri oynamaya haz\u0131r olan siyasi uzant\u0131lar\u0131n\u0131 bulmakta da gecikmemi\u015ftir. Cumhuriyet kazan\u0131mlar\u0131ndan geriye gidi\u015f 12 Eyl\u00fclde ba\u015flam\u0131\u015ft\u0131r. AKP, s\u00f6z\u00fcm ona bir darbe kar\u015f\u0131tl\u0131\u011f\u0131ndan ve demokrasiden dem vurmaktad\u0131r. Soruyorum; darbe \u00fcr\u00fcn\u00fc olanlar, darbecilikle m\u00fccadele edebilirler mi?\u201d<\/p>\n<p style=\"text-align: justify;\"><strong><em>D\u0130SK: 12 Eyl\u00fcl anlay\u0131\u015f\u0131 \u00fclke i\u00e7in b\u00fcy\u00fck engel<\/em><\/strong><\/p>\n<p style=\"text-align: justify;\">D\u0130SK Genel Ba\u015fkan\u0131 S\u00fcleyman \u00c7elebi, \u201chesap sorulmayan 12 Eyl\u00fcl anlay\u0131\u015f\u0131n\u0131n, demokrasi ve \u00f6zg\u00fcrl\u00fcklerin geli\u015fmesi i\u00e7in en b\u00fcy\u00fck engel oldu\u011funu\u201d savundu. \u00c7elebi, yapt\u0131\u011f\u0131 yaz\u0131l\u0131 a\u00e7\u0131klamada, \u201c29 y\u0131l \u00f6nce 12 Eyl\u00fclde modern T\u00fcrkiye tarihinin en bask\u0131c\u0131 ve en k\u0131y\u0131c\u0131 askeri dikta rejiminin kuruldu\u011funu\u201d kaydetti. 12 Eyl\u00fcl\u2019\u00fcn T\u00fcrkiye\u2019yi hala i\u00e7inden \u00e7\u0131kamad\u0131\u011f\u0131 bir girdaba soktu\u011funu \u00f6ne s\u00fcren \u00c7elebi, \u015funlar\u0131 kaydetti: \u201cBug\u00fcn \u0130stanbul\u2019da 30\u2019un \u00fczerinde insan\u0131m\u0131z\u0131n \u00f6l\u00fcm\u00fcne neden olan \u00e7evre ve sel felaketinin meydana gelmesinde imar ve arazi ya\u011fmas\u0131n\u0131n \u00f6n\u00fcn\u00fc a\u00e7an 12 Eyl\u00fcl\u2019\u00fcn ve bu ya\u011fmay\u0131 memnuniyetle devam ettiren 12 Eyl\u00fcl sonras\u0131 h\u00fck\u00fcmetlerin rol\u00fcn\u00fc kim inkar edebilir? K\u00fcrt sorunu, 12 Eyl\u00fcl ile i\u00e7inden \u00e7\u0131k\u0131lmaz hale gelmi\u015ftir. Bug\u00fcn bas\u0131na y\u00f6nelen bask\u0131lar\u0131n temelinde de 12 Eyl\u00fcl ile temelleri at\u0131lan zihniyet vard\u0131r.\u201d<\/p>\n<p style=\"text-align: justify;\"><strong><em>Hak-\u0130\u015f: \u00c7al\u0131\u015fma hayat\u0131na b\u00fcy\u00fck darbe indirdi<\/em><\/strong><\/p>\n<p style=\"text-align: justify;\">Hak-\u0130\u015f Genel Ba\u015fkan\u0131 Salim Uslu, 12 Eyl\u00fcl\u2019\u00fcn \u00e7al\u0131\u015fma hayat\u0131na \u00f6nemli yans\u0131malar\u0131 oldu\u011funu belirterek, \u201c\u0130htilal, darbe ve m\u00fcdahalelerin demokrasilerde geri vites anlam\u0131na geldi\u011fini\u201d ifade etti.  Uslu, yapt\u0131\u011f\u0131 yaz\u0131l\u0131 a\u00e7\u0131klamada, \u201cdarbe ve ihtilal d\u00f6nemlerinde\u201d en b\u00fcy\u00fck zarar\u0131 eme\u011fiyle ge\u00e7inenlerin g\u00f6rd\u00fc\u011f\u00fcn\u00fc ifade belirterek, \u201c1980 ihtilalinin \u00fczerinden 29 y\u0131l ge\u00e7mi\u015f olmas\u0131na kar\u015f\u0131n, s\u00fcre\u00e7ten etkilenen, idari, mali, sosyal ve k\u00fclt\u00fcrel y\u00f6nden temel haklar\u0131 ellerinden al\u0131nan bir kesim, haklar\u0131n\u0131 geri almak i\u00e7in m\u00fccadele vermektedir.<\/p>\n<p style=\"text-align: justify;\">12 Eyl\u00fcl\u2019\u00fcn \u00e7al\u0131\u015fma hayat\u0131na en \u00f6nemli yans\u0131mas\u0131 da 2821 say\u0131l\u0131 Sendikalar Yasas\u0131 ve 2822 say\u0131l\u0131 Toplu \u0130\u015f S\u00f6zle\u015fmesi, Grev ve Lokavt Yasas\u0131\u2019d\u0131r. Bu y\u00f6nde olumlu bir ad\u0131m at\u0131lm\u0131\u015f, ancak hen\u00fcz bir sonu\u00e7 al\u0131namam\u0131\u015ft\u0131r\u201d diye konu\u015ftu.<\/p>\n<p style=\"text-align: justify;\"><span style=\"color: #888888;\">Macit SOYDAN &#8211; <a href=\"http:\/\/www.yenicaggazetesi.com.tr\/haberdetay.php?hit=22935\" target=\"_blank\">yenicaggazetesi.com.tr<\/a><\/span><\/p>\n","protected":false},"excerpt":{"rendered":"<p style=\"text-align: center;\">\n<p style=\"text-align: justify;\">* T\u00fcrkiye\u2019de giderek yayg\u0131nla\u015fan siyasal cinayetler ile ekonomik krizi bahane eden d\u00f6nemin Genelkurmay Ba\u015fkan\u0131 Kenan Evren ve silah arkada\u015flar\u0131, 12 Eyl\u00fcl 1980\u2019de y\u00f6netime el koydu.<\/p>\n<p style=\"text-align: justify;\">* Siyasi partiler kapat\u0131ld\u0131, liderler tutukland\u0131, y\u00fczbinlerce ki\u015fi zindanlara at\u0131ld\u0131 gencecik fidanlar as\u0131ld\u0131. Ancak, aradan ge\u00e7en 29 y\u0131la ra\u011fmen darbenin mimarlar\u0131 hesap vermedi.<\/p>\n","protected":false},"author":1,"featured_media":0,"comment_status":"open","ping_status":"closed","sticky":false,"template":"","format":"standard","meta":{"footnotes":""},"categories":[105],"tags":[],"class_list":["post-14594","post","type-post","status-publish","format-standard","hentry","category-gundem","odd"],"_links":{"self":[{"href":"http:\/\/www.korhanyilmaz.com\/index.php?rest_route=\/wp\/v2\/posts\/14594","targetHints":{"allow":["GET"]}}],"collection":[{"href":"http:\/\/www.korhanyilmaz.com\/index.php?rest_route=\/wp\/v2\/posts"}],"about":[{"href":"http:\/\/www.korhanyilmaz.com\/index.php?rest_route=\/wp\/v2\/types\/post"}],"author":[{"embeddable":true,"href":"http:\/\/www.korhanyilmaz.com\/index.php?rest_route=\/wp\/v2\/users\/1"}],"replies":[{"embeddable":true,"href":"http:\/\/www.korhanyilmaz.com\/index.php?rest_route=%2Fwp%2Fv2%2Fcomments&post=14594"}],"version-history":[{"count":0,"href":"http:\/\/www.korhanyilmaz.com\/index.php?rest_route=\/wp\/v2\/posts\/14594\/revisions"}],"wp:attachment":[{"href":"http:\/\/www.korhanyilmaz.com\/index.php?rest_route=%2Fwp%2Fv2%2Fmedia&parent=14594"}],"wp:term":[{"taxonomy":"category","embeddable":true,"href":"http:\/\/www.korhanyilmaz.com\/index.php?rest_route=%2Fwp%2Fv2%2Fcategories&post=14594"},{"taxonomy":"post_tag","embeddable":true,"href":"http:\/\/www.korhanyilmaz.com\/index.php?rest_route=%2Fwp%2Fv2%2Ftags&post=14594"}],"curies":[{"name":"wp","href":"https:\/\/api.w.org\/{rel}","templated":true}]}}