{"id":14588,"date":"2009-09-12T08:59:13","date_gmt":"2009-09-12T05:59:13","guid":{"rendered":"http:\/\/www.korhanyilmaz.com\/?p=14588"},"modified":"2009-09-12T08:59:13","modified_gmt":"2009-09-12T05:59:13","slug":"ali-sami-yende-derbi-gecesi","status":"publish","type":"post","link":"http:\/\/www.korhanyilmaz.com\/?p=14588","title":{"rendered":"Ali Sami Yen&#8217;de derbi gecesi"},"content":{"rendered":"<p style=\"text-align: center;\"><a href=\"http:\/\/www.korhanyilmaz.com\/wp-content\/uploads\/2009\/09\/DERB\u0130.jpg\"  class=\"lightview\"><img loading=\"lazy\" decoding=\"async\" class=\"aligncenter size-full wp-image-14589\" src=\"http:\/\/www.korhanyilmaz.com\/wp-content\/uploads\/2009\/09\/DERB\u0130.jpg\" alt=\"\" width=\"410\" height=\"179\" \/><\/a><\/p>\n<p style=\"text-align: justify;\">Turkcell S\u00fcper Lig&#8217;de sezonun ilk derbisinde Galatasaray ile Be\u015fikta\u015f bu ak\u015fam Ali Sami Yen Stad\u0131&#8217;nda kar\u015f\u0131 kar\u015f\u0131ya gelecek.<\/p>\n<p style=\"text-align: justify;\">Sezona m\u00fckemmel bir ba\u015flang\u0131\u00e7 yapan Galatasaray ile d\u00f6rt ma\u00e7ta sadece bir galibiyeti bulunan Be\u015fikta\u015f, sezonun ilk derbisinde kozlar\u0131n\u0131 payla\u015facak.<\/p>\n<p style=\"text-align: justify;\">Turkcell S\u00fcper Lig&#8217;de \u015fu ana kadar d\u00f6rt ma\u00e7\u0131n\u0131 da kazanan Galatasaray, derbide evsahibi tak\u0131m avantaj\u0131n\u0131 iyi kullanarak galibiyet serisini s\u00fcrd\u00fcrmeyi ama\u00e7l\u0131yor.<\/p>\n<p style=\"text-align: justify;\">Galatasaray, 12 puan ve gol averaj\u0131yla Fenerbah\u00e7e&#8217;nin \u00fcst\u00fcnde liderlik koltu\u011funda otururken, ge\u00e7en sezonun \u00e7ifte kupal\u0131 \u015fampiyonu Be\u015fikta\u015f alt\u0131 puan ve gol averaj\u0131yla sekizinci s\u0131rada. <!--more--><\/p>\n<p style=\"text-align: justify;\">\u0130lk d\u00f6rt ma\u00e7ta sadece \u00fc\u00e7 gol atabilen siyah-beyazl\u0131lar, son 11 ma\u00e7ta 10 kez yenildikleri Ali Sami Yen Stad\u0131&#8217;ndan bu kez galip ayr\u0131larak, zirve yar\u0131\u015f\u0131ndan kopmamak istiyor.<\/p>\n<p style=\"text-align: justify;\"><strong><em>Sakatl\u0131k sorunu <\/em><\/strong><\/p>\n<p style=\"text-align: justify;\">Lider Galatasaray&#8217;da sakatl\u0131klar\u0131 bulunan G\u00f6khan Zan, Ayhan Akman, Ayd\u0131n Y\u0131lmaz ve Tobias Linderoth forma giymeyecek.<\/p>\n<p style=\"text-align: justify;\">Favori g\u00f6sterilmenin s\u0131k\u0131nt\u0131s\u0131n\u0131 ya\u015f\u0131yan teknik direkt\u00f6r Frank Rijkaard, oyuncular\u0131n\u0131 bu konuda uyard\u0131.<\/p>\n<p style=\"text-align: justify;\">Emre G\u00fcng\u00f6r sakatl\u0131k sonras\u0131 son idmanda tak\u0131mla birlikte \u00e7al\u0131\u015ft\u0131. Brezilya milli tak\u0131m\u0131ndan yorgun d\u00f6nen Elano&#8217;nun derbide sonradan oyuna girmesi bekleniyor.<\/p>\n<p style=\"text-align: justify;\">Rakibinin alt\u0131 puan gerisinde yer alan Be\u015fikta\u015f&#8217;ta ise sakatl\u0131k sorunu daha ciddi boyutta. Sakatl\u0131ktan yeni \u00e7\u0131kan ve tak\u0131mlar \u00e7ok az \u00e7al\u0131\u015fan Yusuf, \u0130brahim Toraman, Bobo, Nobre ve R\u00fc\u015ft\u00fc ile ilgili karar ma\u00e7 saatinde verilecek.<\/p>\n<p style=\"text-align: justify;\">Teknik direkt\u00f6r Mustafa Denzli&#8217;nin, milli ma\u00e7 yorgunu \u015eilili Rodrigo Tello&#8217;nun yerine yeni transfer Rodrigo Tabata&#8217;y\u0131 oynatma ihtimali y\u00fcksek.<\/p>\n<p style=\"text-align: justify;\">Her iki tak\u0131m\u0131n teknik adamlar\u0131 T\u00fcrkiye kariyerlerinde ilk kez birbirlerine rakip olarak tak\u0131mlar\u0131n\u0131n ba\u015f\u0131nda sahaya \u00e7\u0131kacak. Be\u015fikta\u015f&#8217;ta ikinci sezonunu ge\u00e7iren Denizli ile Galatasaray&#8217;\u0131n ba\u015f\u0131nda ilk sezonunu ya\u015fayan Rijkaard ilk kez derbide kar\u015f\u0131 kar\u015f\u0131ya gelecek.<\/p>\n<p style=\"text-align: justify;\">Sezonun ilk derbisi, ligin en \u00e7ok gol atan ile en az gol yiyen tak\u0131mlar\u0131n\u0131 kar\u015f\u0131 kar\u015f\u0131ya getirecek. Sar\u0131-k\u0131rm\u0131z\u0131l\u0131lar fileleri 13 kez havaland\u0131rarak ilk d\u00f6rt haftan\u0131n en golc\u00fc tak\u0131m\u0131 olurken, kalesinde tek gol g\u00f6ren Be\u015fikta\u015f ise Gen\u00e7lerbirli\u011fi ile birlikte en az gol yiyen ekip.<\/p>\n<p style=\"text-align: justify;\">Ali Sami Yen Stad\u0131&#8217;nda saat 21.00&#8217;da ba\u015flayacak m\u00fccadeleyi B\u00fclent Y\u0131ld\u0131r\u0131m y\u00f6netecek.<\/p>\n<p style=\"text-align: justify;\"><strong><em>Muhtemel 11&#8217;ler<\/em><\/strong><\/p>\n<p style=\"text-align: justify;\">Galatasaray: Leo Franco, Sabri, Servet, Emre A\u015f\u0131k, Hakan, Keita, Mustafa Sarp, Mehmet Topal, Kewell, Arda, Baros<\/p>\n<p style=\"text-align: justify;\">Be\u015fikta\u015f: R\u00fc\u015ft\u00fc (Hakan Ar\u0131kan), Ekrem Da\u011f, Sivok, Ferrari, \u0130brahim \u00dcz\u00fclmez, Holosko, Ernst, Fink, Serdar \u00d6zkan, Tabata, Nihat<\/p>\n<p style=\"text-align: justify;\"><span style=\"color: #888888;\">CNN T\u00dcRK<\/span><\/p>\n","protected":false},"excerpt":{"rendered":"<p style=\"text-align: center;\">\n<p style=\"text-align: justify;\">Turkcell S\u00fcper Lig&#8217;de sezonun ilk derbisinde Galatasaray ile Be\u015fikta\u015f bu ak\u015fam Ali Sami Yen Stad\u0131&#8217;nda kar\u015f\u0131 kar\u015f\u0131ya gelecek.<\/p>\n<p style=\"text-align: justify;\">Sezona m\u00fckemmel bir ba\u015flang\u0131\u00e7 yapan Galatasaray ile d\u00f6rt ma\u00e7ta sadece bir galibiyeti bulunan Be\u015fikta\u015f, sezonun ilk derbisinde kozlar\u0131n\u0131 payla\u015facak.<\/p>\n<p style=\"text-align: justify;\">Turkcell S\u00fcper Lig&#8217;de \u015fu ana kadar d\u00f6rt ma\u00e7\u0131n\u0131 da <\/p>\n","protected":false},"author":1,"featured_media":0,"comment_status":"open","ping_status":"closed","sticky":false,"template":"","format":"standard","meta":{"footnotes":""},"categories":[42],"tags":[],"class_list":["post-14588","post","type-post","status-publish","format-standard","hentry","category-spor","odd"],"_links":{"self":[{"href":"http:\/\/www.korhanyilmaz.com\/index.php?rest_route=\/wp\/v2\/posts\/14588","targetHints":{"allow":["GET"]}}],"collection":[{"href":"http:\/\/www.korhanyilmaz.com\/index.php?rest_route=\/wp\/v2\/posts"}],"about":[{"href":"http:\/\/www.korhanyilmaz.com\/index.php?rest_route=\/wp\/v2\/types\/post"}],"author":[{"embeddable":true,"href":"http:\/\/www.korhanyilmaz.com\/index.php?rest_route=\/wp\/v2\/users\/1"}],"replies":[{"embeddable":true,"href":"http:\/\/www.korhanyilmaz.com\/index.php?rest_route=%2Fwp%2Fv2%2Fcomments&post=14588"}],"version-history":[{"count":0,"href":"http:\/\/www.korhanyilmaz.com\/index.php?rest_route=\/wp\/v2\/posts\/14588\/revisions"}],"wp:attachment":[{"href":"http:\/\/www.korhanyilmaz.com\/index.php?rest_route=%2Fwp%2Fv2%2Fmedia&parent=14588"}],"wp:term":[{"taxonomy":"category","embeddable":true,"href":"http:\/\/www.korhanyilmaz.com\/index.php?rest_route=%2Fwp%2Fv2%2Fcategories&post=14588"},{"taxonomy":"post_tag","embeddable":true,"href":"http:\/\/www.korhanyilmaz.com\/index.php?rest_route=%2Fwp%2Fv2%2Ftags&post=14588"}],"curies":[{"name":"wp","href":"https:\/\/api.w.org\/{rel}","templated":true}]}}