{"id":14573,"date":"2009-09-11T20:24:25","date_gmt":"2009-09-11T17:24:25","guid":{"rendered":"http:\/\/www.korhanyilmaz.com\/?p=14573"},"modified":"2009-09-11T20:24:25","modified_gmt":"2009-09-11T17:24:25","slug":"bucada-ataturk-dagi","status":"publish","type":"post","link":"http:\/\/www.korhanyilmaz.com\/?p=14573","title":{"rendered":"Buca&#039;da Atat\u00fcrk da\u011f\u0131"},"content":{"rendered":"<p style=\"text-align: center;\"><a href=\"http:\/\/www.korhanyilmaz.com\/wp-content\/uploads\/2009\/09\/atadag.jpg\"  class=\"lightview\"><img loading=\"lazy\" decoding=\"async\" class=\"aligncenter size-full wp-image-14574\" src=\"http:\/\/www.korhanyilmaz.com\/wp-content\/uploads\/2009\/09\/ataturk.jpg\" alt=\"\" width=\"329\" height=\"210\" \/><\/a><\/p>\n<p style=\"text-align: justify;\">\u0130zmir Buca\u2019da 42 metrelik boyuyla T\u00fcrkiye\u2019nin en b\u00fcy\u00fck d\u00fcnyan\u0131n ise 10\u2019uncu b\u00fcy\u00fck r\u00f6lyef projesi 3 y\u0131lda tamamland\u0131.<\/p>\n<p style=\"text-align: justify;\">CHP Genel Ba\u015fkan\u0131 Deniz Baykal\u2019\u0131n ge\u00e7en hafta yapt\u0131\u011f\u0131 \u0130zmir ziyareti s\u0131ras\u0131nda a\u00e7\u0131laca\u011f\u0131 duyurulan ancak Buca Belediye Ba\u015fkan\u0131 Ercan Tat\u0131\u2019ya muhalefet eden meclis \u00fcyelerinin bask\u0131s\u0131yla a\u00e7\u0131l\u0131\u015f\u0131 ertelenen Atat\u00fcrk mask\u0131 d\u00fcn CHP \u0130zmir Milletvekili Ahmet Ersin ve B\u00fcy\u00fck\u015fehir Belediye Ba\u015fkan\u0131 Aziz Kocao\u011flu\u2019nun da kat\u0131ld\u0131\u011f\u0131 t\u00f6renle a\u00e7\u0131ld\u0131. 4.2 milyon TL\u2019lik fiyat\u0131yla baz\u0131 tart\u0131\u015fmalar yaratan, eski Ba\u015fkan Cemil \u015eeboy ve proje ekibinin yarg\u0131lanmas\u0131na yol a\u00e7an mask\u0131n a\u00e7\u0131l\u0131\u015f\u0131, 10\u2019uncu Y\u0131l Mar\u015f\u0131 e\u015fli\u011finde yap\u0131ld\u0131. A\u00e7\u0131l\u0131\u015fta konu\u015fan CHP&#8217;li yeni Ba\u015fkan &#8220;Ben olsam yapt\u0131razd\u0131m, 4 milyon TL&#8217;yi okul, yurt yap\u0131m\u0131na harcard\u0131m&#8221; dedi. <!--more--><\/p>\n<p style=\"text-align: justify;\">T\u00f6ren \u00f6ncesi ve s\u0131ras\u0131nda lazer g\u00f6sterileri geceye renk katarken 8 dakika boyunca havai fi\u015fek g\u00f6sterisi yap\u0131ld\u0131. Mask, 42 metrelik boyuyla T\u00fcrkiye\u2019nin en b\u00fcy\u00fck, d\u00fcnyan\u0131n ise 10\u2019uncu b\u00fcy\u00fck r\u00f6lyef projesi olarak biliniyor. Atat\u00fcrk mask\u0131, Brezilya Rio de Janeiro\u2019da bulunan 38 metre y\u00fcksekli\u011findeki \u0130sa heykelinden de y\u00fcksek.<\/p>\n<p style=\"text-align: justify;\">Buca \u00c7ald\u0131ran Mahallesi\u2019nde \u00e7evre yolu g\u00fczergah\u0131na bakan kayal\u0131klarda 3 y\u0131l \u00f6nce yap\u0131m \u00e7al\u0131\u015fmalar\u0131na ba\u015flanan mask i\u00e7in \u00f6nce b\u00f6lgede zemin et\u00fcd\u00fc ile statik \u00e7elik projeleri yap\u0131ld\u0131. \u0130n\u015faat\u0131nda 450 tondan fazla \u00e7elik ta\u015f\u0131y\u0131c\u0131 kullan\u0131lan mask, 3 kat p\u00fcsk\u00fcrtme beton at\u0131larak tamamland\u0131. Heykeltra\u015f Harun Atalayman\u2019\u0131n yapt\u0131\u011f\u0131 mask \u00e7al\u0131\u015fmalar\u0131nda, ba\u015fta Dokuz Eyl\u00fcl \u00dcniversitesi olmak \u00fczere 25 farkl\u0131 \u00fcniversitelerden dan\u0131\u015fmanl\u0131k hizmeti al\u0131nd\u0131.<\/p>\n<p style=\"text-align: justify;\"><span style=\"color: #888888;\">Kaynak : Vatan<\/span><\/p>\n","protected":false},"excerpt":{"rendered":"<p style=\"text-align: center;\">\n<p style=\"text-align: justify;\">\u0130zmir Buca\u2019da 42 metrelik boyuyla T\u00fcrkiye\u2019nin en b\u00fcy\u00fck d\u00fcnyan\u0131n ise 10\u2019uncu b\u00fcy\u00fck r\u00f6lyef projesi 3 y\u0131lda tamamland\u0131.<\/p>\n<p style=\"text-align: justify;\">CHP Genel Ba\u015fkan\u0131 Deniz Baykal\u2019\u0131n ge\u00e7en hafta yapt\u0131\u011f\u0131 \u0130zmir ziyareti s\u0131ras\u0131nda a\u00e7\u0131laca\u011f\u0131 duyurulan ancak Buca Belediye Ba\u015fkan\u0131 Ercan Tat\u0131\u2019ya muhalefet eden meclis \u00fcyelerinin bask\u0131s\u0131yla a\u00e7\u0131l\u0131\u015f\u0131 ertelenen Atat\u00fcrk mask\u0131 d\u00fcn CHP \u0130zmir <\/p>\n","protected":false},"author":1,"featured_media":0,"comment_status":"open","ping_status":"closed","sticky":false,"template":"","format":"standard","meta":{"footnotes":""},"categories":[105],"tags":[],"class_list":["post-14573","post","type-post","status-publish","format-standard","hentry","category-gundem","odd"],"_links":{"self":[{"href":"http:\/\/www.korhanyilmaz.com\/index.php?rest_route=\/wp\/v2\/posts\/14573","targetHints":{"allow":["GET"]}}],"collection":[{"href":"http:\/\/www.korhanyilmaz.com\/index.php?rest_route=\/wp\/v2\/posts"}],"about":[{"href":"http:\/\/www.korhanyilmaz.com\/index.php?rest_route=\/wp\/v2\/types\/post"}],"author":[{"embeddable":true,"href":"http:\/\/www.korhanyilmaz.com\/index.php?rest_route=\/wp\/v2\/users\/1"}],"replies":[{"embeddable":true,"href":"http:\/\/www.korhanyilmaz.com\/index.php?rest_route=%2Fwp%2Fv2%2Fcomments&post=14573"}],"version-history":[{"count":0,"href":"http:\/\/www.korhanyilmaz.com\/index.php?rest_route=\/wp\/v2\/posts\/14573\/revisions"}],"wp:attachment":[{"href":"http:\/\/www.korhanyilmaz.com\/index.php?rest_route=%2Fwp%2Fv2%2Fmedia&parent=14573"}],"wp:term":[{"taxonomy":"category","embeddable":true,"href":"http:\/\/www.korhanyilmaz.com\/index.php?rest_route=%2Fwp%2Fv2%2Fcategories&post=14573"},{"taxonomy":"post_tag","embeddable":true,"href":"http:\/\/www.korhanyilmaz.com\/index.php?rest_route=%2Fwp%2Fv2%2Ftags&post=14573"}],"curies":[{"name":"wp","href":"https:\/\/api.w.org\/{rel}","templated":true}]}}