{"id":14559,"date":"2009-09-11T18:22:51","date_gmt":"2009-09-11T15:22:51","guid":{"rendered":"http:\/\/www.korhanyilmaz.com\/?p=14559"},"modified":"2009-09-11T18:22:51","modified_gmt":"2009-09-11T15:22:51","slug":"basbakanin-bu-konuda-konusmaya-hakki-var-mi","status":"publish","type":"post","link":"http:\/\/www.korhanyilmaz.com\/?p=14559","title":{"rendered":"Ba\u015fbakan&#039;\u0131n bu konuda konu\u015fmaya hakk\u0131 var m\u0131?"},"content":{"rendered":"<p><a href=\"http:\/\/www.korhanyilmaz.com\/wp-content\/uploads\/2009\/09\/tayyip3.jpg\"  class=\"lightview\"><img loading=\"lazy\" decoding=\"async\" class=\"aligncenter size-full wp-image-14560\" src=\"http:\/\/www.korhanyilmaz.com\/wp-content\/uploads\/2009\/09\/tayyip3.jpg\" alt=\"\" width=\"409\" height=\"219\" \/><\/a><\/p>\n<p style=\"text-align: justify;\">Ba\u015fbakan Recep Tayyip Erdo\u011fan \u0130stanbul\u2019da ya\u015fanan sel felaketinin ard\u0131ndan \u015f\u00f6yle s\u00f6yledi: \u201c&#8217;Kalkar da biz dere yata\u011f\u0131na binalar yaparsak ve dere yata\u011f\u0131nda bu yap\u0131lanmalar\u0131 yayg\u0131nla\u015ft\u0131r\u0131rsak, \u015funu unutmayal\u0131m ki atalar\u0131m\u0131z\u0131n bu g\u00fczel tespiti her \u015feyi ifade ediyor; (derenin intikam\u0131 a\u011f\u0131r olur)\u201d. Erdo\u011fan konu\u015fmas\u0131n\u0131n devam\u0131nda \u015funlar\u0131 da ekledi: \u201cHa, bunun yan\u0131nda ayn\u0131 \u015fekilde konutlar\u0131m\u0131z\u0131 en sa\u011fl\u0131kl\u0131 bir \u015fekilde nerede yap\u0131yorsak, plan i\u00e7erisinde orada yapmal\u0131y\u0131z ve oralara yerle\u015fmeliyiz.\u201d.<\/p>\n<p style=\"text-align: justify;\">\u015eimdi size bir \u015fey hat\u0131rlatmak istiyoruz\u2026 <!--more--><\/p>\n<p style=\"text-align: justify;\">Recep Tayyip Erdo\u011fan hen\u00fcz Refah Partisi \u0130stanbul Belediye Ba\u015fkan Aday\u0131.<\/p>\n<p style=\"text-align: justify;\"><em><strong>Y\u0131l 1994\u2026 <\/strong><\/em><\/p>\n<p style=\"text-align: justify;\">Show Tv Haber, belediye ba\u015fkan adaylar\u0131n\u0131 sorguluyordu. A\u00e7\u0131k\u00e7a sordu\u011fu sorular ile tan\u0131nan P\u0131nar T\u00fcren\u00e7, Recep Tayyip Erdo\u011fan\u2019\u0131n \u00fcst\u00fcne gidiyordu. \u201cGecekondular\u0131 y\u0131kacak m\u0131s\u0131n\u0131z\u201d diye soruyor. Erdo\u011fan \u201cHay\u0131r, ben de gecekonduda oturuyorum\u201d cevab\u0131n\u0131 verdi. Varo\u015flar\u0131n kalbini kazanan Erdo\u011fan o se\u00e7imleri Z\u00fclf\u00fc Livaneli, \u0130lhan Kesici, Bedrettin Dalan gibi adaylar\u0131n aras\u0131ndan s\u0131yr\u0131larak kazand\u0131.<\/p>\n<p style=\"text-align: justify;\">Ba\u015fbakan Erdo\u011fan\u2019a gecekonduda oturuyor olmak kazand\u0131rm\u0131\u015ft\u0131.<\/p>\n<p style=\"text-align: justify;\">Peki o g\u00fcn gecekondular\u0131 y\u0131kmayaca\u011f\u0131n\u0131 taahh\u00fct eden, kendisinin de gecekonduda oturdu\u011funu s\u00f6yleyen ba\u015fbakan\u0131n bug\u00fcn yanl\u0131\u015f yere ev yapan insanlar\u0131 ele\u015ftirmeye hakk\u0131 var m\u0131? Ya da sel felaketi i\u00e7in birilerini su\u00e7lamaya?<\/p>\n<p style=\"text-align: justify;\"><span style=\"color: #888888;\">Odatv.com<\/span><\/p>\n","protected":false},"excerpt":{"rendered":"<\/p>\n<p style=\"text-align: justify;\">Ba\u015fbakan Recep Tayyip Erdo\u011fan \u0130stanbul\u2019da ya\u015fanan sel felaketinin ard\u0131ndan \u015f\u00f6yle s\u00f6yledi: \u201c&#8217;Kalkar da biz dere yata\u011f\u0131na binalar yaparsak ve dere yata\u011f\u0131nda bu yap\u0131lanmalar\u0131 yayg\u0131nla\u015ft\u0131r\u0131rsak, \u015funu unutmayal\u0131m ki atalar\u0131m\u0131z\u0131n bu g\u00fczel tespiti her \u015feyi ifade ediyor; (derenin intikam\u0131 a\u011f\u0131r olur)\u201d. Erdo\u011fan konu\u015fmas\u0131n\u0131n devam\u0131nda \u015funlar\u0131 da ekledi: \u201cHa, bunun yan\u0131nda ayn\u0131 \u015fekilde konutlar\u0131m\u0131z\u0131 en <\/p>\n","protected":false},"author":1,"featured_media":0,"comment_status":"open","ping_status":"closed","sticky":false,"template":"","format":"standard","meta":{"footnotes":""},"categories":[105],"tags":[],"class_list":["post-14559","post","type-post","status-publish","format-standard","hentry","category-gundem","odd"],"_links":{"self":[{"href":"http:\/\/www.korhanyilmaz.com\/index.php?rest_route=\/wp\/v2\/posts\/14559","targetHints":{"allow":["GET"]}}],"collection":[{"href":"http:\/\/www.korhanyilmaz.com\/index.php?rest_route=\/wp\/v2\/posts"}],"about":[{"href":"http:\/\/www.korhanyilmaz.com\/index.php?rest_route=\/wp\/v2\/types\/post"}],"author":[{"embeddable":true,"href":"http:\/\/www.korhanyilmaz.com\/index.php?rest_route=\/wp\/v2\/users\/1"}],"replies":[{"embeddable":true,"href":"http:\/\/www.korhanyilmaz.com\/index.php?rest_route=%2Fwp%2Fv2%2Fcomments&post=14559"}],"version-history":[{"count":0,"href":"http:\/\/www.korhanyilmaz.com\/index.php?rest_route=\/wp\/v2\/posts\/14559\/revisions"}],"wp:attachment":[{"href":"http:\/\/www.korhanyilmaz.com\/index.php?rest_route=%2Fwp%2Fv2%2Fmedia&parent=14559"}],"wp:term":[{"taxonomy":"category","embeddable":true,"href":"http:\/\/www.korhanyilmaz.com\/index.php?rest_route=%2Fwp%2Fv2%2Fcategories&post=14559"},{"taxonomy":"post_tag","embeddable":true,"href":"http:\/\/www.korhanyilmaz.com\/index.php?rest_route=%2Fwp%2Fv2%2Ftags&post=14559"}],"curies":[{"name":"wp","href":"https:\/\/api.w.org\/{rel}","templated":true}]}}