{"id":14554,"date":"2009-09-11T09:52:08","date_gmt":"2009-09-11T06:52:08","guid":{"rendered":"http:\/\/www.korhanyilmaz.com\/?p=14554"},"modified":"2009-09-11T09:52:08","modified_gmt":"2009-09-11T06:52:08","slug":"gocukten-olum-cikti","status":"publish","type":"post","link":"http:\/\/www.korhanyilmaz.com\/?p=14554","title":{"rendered":"G\u00f6\u00e7\u00fckten \u00f6l\u00fcm \u00e7\u0131kt\u0131&#8230;"},"content":{"rendered":"<p style=\"text-align: center;\"><a href=\"http:\/\/www.korhanyilmaz.com\/wp-content\/uploads\/2009\/09\/kura.jpg\"  class=\"lightview\"><img loading=\"lazy\" decoding=\"async\" class=\"aligncenter size-full wp-image-14555\" src=\"http:\/\/www.korhanyilmaz.com\/wp-content\/uploads\/2009\/09\/kura.jpg\" alt=\"\" width=\"346\" height=\"266\" \/><\/a><\/p>\n<p style=\"text-align: justify;\">Zonguldak&#8217;\u0131n Kilimli beldesinde T\u00fcrkiye Ta\u015fk\u00f6m\u00fcr\u00fc Kurumu&#8217;na (TTK) ait maden oca\u011f\u0131nda meydana gelen g\u00f6\u00e7\u00fckte enkaz alt\u0131nda kalan iki i\u015f\u00e7iden 31 ya\u015f\u0131ndaki Ali Ziya K\u0131saboyun&#8217;un cesedine 18 saat sonra, 30 ya\u015f\u0131ndaki Caner Albuzlu&#8217;nun cesedine de 20 saat sonra ula\u015f\u0131ld\u0131.<\/p>\n<p style=\"text-align: justify;\">Kilimli \u0130\u015fletmesi maden oca\u011f\u0131n\u0131n eksi 260 ile eksi 360 kodu aras\u0131nda sabah 05.00-06.00 saatlerinde meydana gelen g\u00f6\u00e7\u00fckte kalan 2 i\u015f\u00e7inin cesetleri ambulansa konulurken i\u015f\u00e7ilerin aileleri ve mesai arkada\u015flar\u0131 b\u00fcy\u00fck \u00fcz\u00fcnt\u00fc ya\u015fad\u0131.<\/p>\n<p style=\"text-align: justify;\">G\u00fcnboyu kurtarma \u00e7al\u0131\u015fmalar\u0131nda g\u00f6rev alan eli y\u00fcz\u00fc k\u00f6m\u00fcr karas\u0131 olan i\u015f\u00e7ilerden baz\u0131lar\u0131 g\u00f6zya\u015flar\u0131na bo\u011fuldu. Kurtarma \u00e7al\u0131\u015fmalar\u0131nda, ak\u015fam vardiyas\u0131nda \u00e7al\u0131\u015fan maden i\u015f\u00e7ileri g\u00f6rev ald\u0131. <!--more--><\/p>\n<p style=\"text-align: justify;\">TTK Genel M\u00fcd\u00fcrl\u00fc\u011f\u00fcnce, m\u00fcessese m\u00fcd\u00fcrl\u00fcklerinden Karadon, Amasra, \u00dcz\u00fclmez, Kozlu ve Armut\u00e7uk&#8217;ta istihdam edilmek \u00fczere a\u00e7\u0131lan 3 bin i\u015f\u00e7i kadrosu i\u00e7in ge\u00e7en y\u0131l\u0131n ekim ve kas\u0131m aylar\u0131nda 35 bin 291 aday m\u00fclakata kat\u0131lm\u0131\u015ft\u0131.<\/p>\n<p style=\"text-align: justify;\">M\u00fclakatta uzunlu\u011fu 4 metreyi a\u015fan maden dire\u011fi ta\u015f\u0131yan, kazma, k\u00fcrek ve baltay\u0131 nas\u0131l kulland\u0131klar\u0131 uygulamal\u0131 test edilen ve avu\u00e7 i\u00e7lerinden de i\u015fe yatk\u0131nl\u0131klar\u0131 belirlenmeye \u00e7al\u0131\u015f\u0131lan adaylardan 20 bin 814&#8217;\u00fc noter huzurunda \u00e7ekilen kuraya hak kazanm\u0131\u015ft\u0131.<\/p>\n<p style=\"text-align: justify;\">Kura sonucu 3 bin asil ve 3 bin yedek madenci belirlenmi\u015f, i\u015f\u00e7iler sa\u011fl\u0131k kontrollerinin ard\u0131ndan 1 Ocak 2009&#8217;da i\u015fba\u015f\u0131 yapm\u0131\u015flard\u0131. Albuzlu da kuruma yeni al\u0131nan i\u015f\u00e7iler aras\u0131nda yer al\u0131yordu.<\/p>\n<p style=\"text-align: center;\"><a href=\"http:\/\/www.korhanyilmaz.com\/wp-content\/uploads\/2009\/09\/GOCUK.jpg\"  class=\"lightview\"><img loading=\"lazy\" decoding=\"async\" class=\"aligncenter size-full wp-image-14556\" src=\"http:\/\/www.korhanyilmaz.com\/wp-content\/uploads\/2009\/09\/GOCUK.jpg\" alt=\"\" width=\"406\" height=\"210\" \/><\/a><\/p>\n<p style=\"text-align: justify;\"><strong><em>Dinamit patlamas\u0131nda 1 \u00f6l\u00fc<\/em><\/strong><\/p>\n<p style=\"text-align: justify;\">Beldede \u00f6zel bir \u015firkete ait maden oca\u011f\u0131nda meydana gelen dinamit patlamas\u0131nda ise 1 i\u015f\u00e7i \u00f6ld\u00fc, 1 i\u015f\u00e7i yaraland\u0131.<\/p>\n<p style=\"text-align: justify;\">Patlama, saat 20.00 s\u0131ralar\u0131nda Kilimli&#8217;ye ba\u011fl\u0131 Karadon Mahallesi Damarl\u0131 Mevkii&#8217;ndeki \u00f6zel bir \u015firkete ait maden oca\u011f\u0131nda meydana geldi.<\/p>\n<p style=\"text-align: justify;\">Galeri a\u00e7mada kullan\u0131lan dinamitin kazayla patlamas\u0131 sonucu ocakta \u00e7al\u0131\u015fan i\u015f\u00e7ilerden Nevzat Ovaz \u00f6l\u00fcrken, Cemal Aya\u015f yaraland\u0131. Cemal Aya\u015f, Zonguldak Devlet Hastanesi&#8217;ne kald\u0131r\u0131larak tedavi alt\u0131na al\u0131nd\u0131. \u00d6len i\u015f\u00e7inin cesedi ise otops\u0130 i\u00e7in hastane morguna kald\u0131r\u0131ld\u0131. Olayla ilgili soru\u015fturma ba\u015flat\u0131ld\u0131.<\/p>\n<p style=\"text-align: justify;\"><span style=\"color: #888888;\">CNN T\u00dcRK<\/span><\/p>\n","protected":false},"excerpt":{"rendered":"<p style=\"text-align: center;\">\n<p style=\"text-align: justify;\">Zonguldak&#8217;\u0131n Kilimli beldesinde T\u00fcrkiye Ta\u015fk\u00f6m\u00fcr\u00fc Kurumu&#8217;na (TTK) ait maden oca\u011f\u0131nda meydana gelen g\u00f6\u00e7\u00fckte enkaz alt\u0131nda kalan iki i\u015f\u00e7iden 31 ya\u015f\u0131ndaki Ali Ziya K\u0131saboyun&#8217;un cesedine 18 saat sonra, 30 ya\u015f\u0131ndaki Caner Albuzlu&#8217;nun cesedine de 20 saat sonra ula\u015f\u0131ld\u0131.<\/p>\n<p style=\"text-align: justify;\">Kilimli \u0130\u015fletmesi maden oca\u011f\u0131n\u0131n eksi 260 ile eksi 360 kodu aras\u0131nda <\/p>\n","protected":false},"author":1,"featured_media":0,"comment_status":"open","ping_status":"closed","sticky":false,"template":"","format":"standard","meta":{"footnotes":""},"categories":[105],"tags":[],"class_list":["post-14554","post","type-post","status-publish","format-standard","hentry","category-gundem","odd"],"_links":{"self":[{"href":"http:\/\/www.korhanyilmaz.com\/index.php?rest_route=\/wp\/v2\/posts\/14554","targetHints":{"allow":["GET"]}}],"collection":[{"href":"http:\/\/www.korhanyilmaz.com\/index.php?rest_route=\/wp\/v2\/posts"}],"about":[{"href":"http:\/\/www.korhanyilmaz.com\/index.php?rest_route=\/wp\/v2\/types\/post"}],"author":[{"embeddable":true,"href":"http:\/\/www.korhanyilmaz.com\/index.php?rest_route=\/wp\/v2\/users\/1"}],"replies":[{"embeddable":true,"href":"http:\/\/www.korhanyilmaz.com\/index.php?rest_route=%2Fwp%2Fv2%2Fcomments&post=14554"}],"version-history":[{"count":0,"href":"http:\/\/www.korhanyilmaz.com\/index.php?rest_route=\/wp\/v2\/posts\/14554\/revisions"}],"wp:attachment":[{"href":"http:\/\/www.korhanyilmaz.com\/index.php?rest_route=%2Fwp%2Fv2%2Fmedia&parent=14554"}],"wp:term":[{"taxonomy":"category","embeddable":true,"href":"http:\/\/www.korhanyilmaz.com\/index.php?rest_route=%2Fwp%2Fv2%2Fcategories&post=14554"},{"taxonomy":"post_tag","embeddable":true,"href":"http:\/\/www.korhanyilmaz.com\/index.php?rest_route=%2Fwp%2Fv2%2Ftags&post=14554"}],"curies":[{"name":"wp","href":"https:\/\/api.w.org\/{rel}","templated":true}]}}