{"id":14549,"date":"2009-09-10T15:10:42","date_gmt":"2009-09-10T12:10:42","guid":{"rendered":"http:\/\/www.korhanyilmaz.com\/?p=14549"},"modified":"2009-09-10T15:10:42","modified_gmt":"2009-09-10T12:10:42","slug":"memurlar-eyleme-gidiyor","status":"publish","type":"post","link":"http:\/\/www.korhanyilmaz.com\/?p=14549","title":{"rendered":"Memurlar eyleme gidiyor"},"content":{"rendered":"<p style=\"text-align: center;\"><a href=\"http:\/\/www.korhanyilmaz.com\/wp-content\/uploads\/2009\/09\/fft5_mf206200.Jpeg\"  class=\"lightview\"><img loading=\"lazy\" decoding=\"async\" class=\"aligncenter size-full wp-image-14550\" title=\"fft5_mf206200\" src=\"http:\/\/www.korhanyilmaz.com\/wp-content\/uploads\/2009\/09\/fft5_mf206200.Jpeg\" alt=\"fft5_mf206200\" width=\"320\" height=\"218\" \/><\/a><\/p>\n<p style=\"text-align: justify;\"><strong><em>2.5 milyon memur eylem haz\u0131rl\u0131\u011f\u0131nda<\/em><\/strong><\/p>\n<p style=\"text-align: justify;\">2.5+2.5 zamdan geri ad\u0131m atmayan h\u00fck\u00fcmet ile memur yine anla\u015fmad\u0131. Bakan Yaz\u0131c\u0131\u2019n\u0131n g\u00f6r\u00fc\u015fmeye \u201cteklifi de\u011fi\u015ftirmeyece\u011fiz\u201d a\u00e7\u0131klamas\u0131yla oturmas\u0131 memur taraf\u0131nca \u201cZam teklifini art\u0131k sadece Ba\u015fbakan de\u011fi\u015ftirebilir\u201d \u015feklinde de\u011ferlendirildi.<\/p>\n<p style=\"text-align: justify;\">2.5 milyon memurun merakla bekledi\u011fi zam m\u00fcjdesi d\u00fcn de \u00e7\u0131kmad\u0131. Devlet Bakan\u0131 Hayati Yaz\u0131c\u0131 ile memur konfederasyonlar\u0131 aras\u0131ndaki g\u00f6r\u00fc\u015fmeden yine sonu\u00e7 \u00e7\u0131kmad\u0131. H\u00fck\u00fcmet ad\u0131na masaya oturan Bakan Yaz\u0131c\u0131, 2010 zamm\u0131 konusunda konfederasyonlara yeni teklif sunmad\u0131. Bunun \u00fczerine karar Ba\u015fbakan Erdo\u011fan\u2019\u0131n ba\u015fkanl\u0131\u011f\u0131nda toplanacak Bakanlar Kurulu\u2019na kald\u0131. H\u00fck\u00fcmetin y\u00fczde 2.5+2.5 olarak \u00f6nerdi\u011fi zam oran\u0131n\u0131 tatmin edici bulmayan sendikalar Uzla\u015ft\u0131rma Kurulu\u2019na ba\u015fvurmu\u015ftu. Uzla\u015ft\u0131rma Kurulu memurlara y\u00fczde 4+4 zam yap\u0131lmas\u0131n\u0131 \u00f6nermi\u015fti. <!--more--><\/p>\n<p style=\"text-align: justify;\">Bakan Yaz\u0131c\u0131\u2019n\u0131n g\u00f6r\u00fc\u015fmeye \u201cteklifi de\u011fi\u015fmez\u201d a\u00e7\u0131klamalar\u0131yla oturmas\u0131 ve do\u011frudan uzla\u015fmazl\u0131k tutana\u011f\u0131n\u0131 masaya koymas\u0131, memur taraf\u0131 taraf\u0131ndan, \u201cDaha fazlas\u0131na yetkisi yok\u201d \u015feklinde de\u011ferlendirildi. Memur taraf\u0131, masadan ald\u0131klar\u0131 izlenimin de bu y\u00f6nde oldu\u011funu belirterek, h\u00fck\u00fcmetin zam teklifini bu saatten sonra sadece Ba\u015fbakan\u2019\u0131n de\u011fi\u015ftirebilece\u011finin kendilerine hissettirildi\u011finin alt\u0131n\u0131 \u00e7izdi.<\/p>\n<p style=\"text-align: justify;\"><strong><em>Zam oran\u0131 program\u0131 bekliyor<\/em><\/strong><\/p>\n<p style=\"text-align: justify;\">Memur konfederasyonlar\u0131, Orta Vadeli Program\u2019\u0131n netle\u015fmemesi y\u00fcz\u00fcnden h\u00fck\u00fcmetin ne kadar zam verebilece\u011fine ili\u015fkin somut bir hesab\u0131n\u0131n da olmad\u0131\u011f\u0131n\u0131 vurgulad\u0131. Bu kapsamda memura verilecek zamm\u0131n program belli olmadan netle\u015fmeyece\u011fi belirtildi.<\/p>\n<p style=\"text-align: justify;\"><strong><em>Kamu-Sen uyard\u0131: Radikal eylem var<\/em><\/strong><\/p>\n<p style=\"text-align: justify;\">T\u00fcrk\u0130ye Kamu-Sen Ba\u015fkan\u0131 Bircan Aky\u0131ld\u0131z, taleplerinin kabul edilmemesini ele\u015ftirerek, \u201cB\u00fct\u00fcn kamu kurumlar\u0131n\u0131n \u00f6n\u00fc eylem alan\u0131d\u0131r. Ger\u00e7ekten \u00e7ok ciddi ve radikal eylemlerle kamuoyu, siyasi irade kar\u015f\u0131 kar\u015f\u0131ya kalacakt\u0131r\u201d dedi. Aky\u0131ld\u0131z, Ba\u015fbakanl\u0131k \u00f6n\u00fcnde oturma eylemi yapmaya karar verdiklerini ancak \u0130stanbul ve Trakya\u2019daki sel felaketi ile \u015fehitler nedeniyle bu eylemi yapmaktan vazge\u00e7tiklerini s\u00f6yledi. Aky\u0131ld\u0131z, ge\u00e7mi\u015f y\u0131llardaki mutabakat metinlerinin gere\u011finin yap\u0131lmad\u0131\u011f\u0131n\u0131 da ileri s\u00fcrerek, bu gerek\u00e7eyle Ba\u015fbakan hakk\u0131nda su\u00e7 duyurusunda bulunacaklar\u0131n\u0131 kaydetti.<\/p>\n<p style=\"text-align: justify;\"><span style=\"color: #888888;\">G\u00fcl\u00fcmhan G\u00dcLTEN \/ VATAN<\/span><\/p>\n<p><span style=\"font-family: Helvetica,Verdana,Arial; color: blue; font-size: x-small;\"><strong> <\/strong><\/span><\/p>\n","protected":false},"excerpt":{"rendered":"<p style=\"text-align: center;\">\n<p style=\"text-align: justify;\">2.5 milyon memur eylem haz\u0131rl\u0131\u011f\u0131nda<\/p>\n<p style=\"text-align: justify;\">2.5+2.5 zamdan geri ad\u0131m atmayan h\u00fck\u00fcmet ile memur yine anla\u015fmad\u0131. Bakan Yaz\u0131c\u0131\u2019n\u0131n g\u00f6r\u00fc\u015fmeye \u201cteklifi de\u011fi\u015ftirmeyece\u011fiz\u201d a\u00e7\u0131klamas\u0131yla oturmas\u0131 memur taraf\u0131nca \u201cZam teklifini art\u0131k sadece Ba\u015fbakan de\u011fi\u015ftirebilir\u201d \u015feklinde de\u011ferlendirildi.<\/p>\n<p style=\"text-align: justify;\">2.5 milyon memurun merakla bekledi\u011fi zam m\u00fcjdesi d\u00fcn de \u00e7\u0131kmad\u0131. Devlet Bakan\u0131 Hayati Yaz\u0131c\u0131 <\/p>\n","protected":false},"author":1,"featured_media":0,"comment_status":"open","ping_status":"closed","sticky":false,"template":"","format":"standard","meta":{"footnotes":""},"categories":[7],"tags":[],"class_list":["post-14549","post","type-post","status-publish","format-standard","hentry","category-ekonomi","odd"],"_links":{"self":[{"href":"http:\/\/www.korhanyilmaz.com\/index.php?rest_route=\/wp\/v2\/posts\/14549","targetHints":{"allow":["GET"]}}],"collection":[{"href":"http:\/\/www.korhanyilmaz.com\/index.php?rest_route=\/wp\/v2\/posts"}],"about":[{"href":"http:\/\/www.korhanyilmaz.com\/index.php?rest_route=\/wp\/v2\/types\/post"}],"author":[{"embeddable":true,"href":"http:\/\/www.korhanyilmaz.com\/index.php?rest_route=\/wp\/v2\/users\/1"}],"replies":[{"embeddable":true,"href":"http:\/\/www.korhanyilmaz.com\/index.php?rest_route=%2Fwp%2Fv2%2Fcomments&post=14549"}],"version-history":[{"count":0,"href":"http:\/\/www.korhanyilmaz.com\/index.php?rest_route=\/wp\/v2\/posts\/14549\/revisions"}],"wp:attachment":[{"href":"http:\/\/www.korhanyilmaz.com\/index.php?rest_route=%2Fwp%2Fv2%2Fmedia&parent=14549"}],"wp:term":[{"taxonomy":"category","embeddable":true,"href":"http:\/\/www.korhanyilmaz.com\/index.php?rest_route=%2Fwp%2Fv2%2Fcategories&post=14549"},{"taxonomy":"post_tag","embeddable":true,"href":"http:\/\/www.korhanyilmaz.com\/index.php?rest_route=%2Fwp%2Fv2%2Ftags&post=14549"}],"curies":[{"name":"wp","href":"https:\/\/api.w.org\/{rel}","templated":true}]}}