{"id":14545,"date":"2009-09-10T08:38:46","date_gmt":"2009-09-10T05:38:46","guid":{"rendered":"http:\/\/www.korhanyilmaz.com\/?p=14545"},"modified":"2009-09-10T08:38:46","modified_gmt":"2009-09-10T05:38:46","slug":"memur-maas-zammi-icin-son-randevu-bugun","status":"publish","type":"post","link":"http:\/\/www.korhanyilmaz.com\/?p=14545","title":{"rendered":"Memur maa\u015f zamm\u0131 i\u00e7in son randevu bug\u00fcn"},"content":{"rendered":"<p style=\"text-align: justify;\"><a href=\"http:\/\/www.korhanyilmaz.com\/wp-content\/uploads\/2009\/09\/HAYAT\u0130.jpg\"  class=\"lightview\"><img loading=\"lazy\" decoding=\"async\" class=\"size-full wp-image-14546 aligncenter\" src=\"http:\/\/www.korhanyilmaz.com\/wp-content\/uploads\/2009\/09\/HAYAT\u0130.jpg\" alt=\"\" width=\"234\" height=\"222\" \/><\/a><\/p>\n<p style=\"text-align: justify;\">Devlet Bakan\u0131 Hayati Yaz\u0131c\u0131, toplu g\u00f6r\u00fc\u015fmelerde uzla\u015fma sa\u011flanamayan memur sendikalar\u0131 ile bug\u00fcn son bir kez bir araya gelecek. Yaz\u0131c\u0131, bug\u00fcnk\u00fc toplant\u0131da, Uzla\u015ft\u0131rma Kurulu&#8217;nun toplu g\u00f6r\u00fc\u015fmelere ili\u015fkin karar\u0131n\u0131n g\u00f6r\u00fc\u015f\u00fclece\u011fini, h\u00fck\u00fcmetin bu konudaki yakla\u015f\u0131m\u0131n\u0131n de\u011fi\u015fmedi\u011fini s\u00f6yledi.<\/p>\n<p style=\"text-align: justify;\">Devlet Personel Ba\u015fkanl\u0131\u011f\u0131, Kamu \u0130\u015fveren Kurulu \u00fcyeleri ile T\u00fcrkiye Kamu-Sen ve Memur-Sen ile yetkili sendikalar\u0131n y\u00f6neticilerini Uzla\u015ft\u0131rma Kurulu kararlar\u0131n\u0131 de\u011ferlendirmek \u00fczere bug\u00fcn saat 11.00&#8217;de Ba\u015fbakanl\u0131k Merkez Bina&#8217;da toplant\u0131ya \u00e7a\u011f\u0131rd\u0131. <!--more--><\/p>\n<p style=\"text-align: justify;\">Kamu G\u00f6revlileri Sendikalar\u0131 Kanunu&#8217;na g\u00f6re, taraflar\u0131n Uzla\u015ft\u0131rma Kurulu kararlar\u0131nda anla\u015fmaya varmas\u0131 durumunda ortaya \u00e7\u0131kacak mutabakat metni, taraflar\u0131n kurul kararlar\u0131na kat\u0131lmamas\u0131 durumunda ise anla\u015f\u0131lan ve anla\u015f\u0131lmayan konular\u0131n\u0131n yer ald\u0131\u011f\u0131 bir tutanak Bakanlar Kurulu&#8217;na sunulacak.<\/p>\n<p style=\"text-align: justify;\">G\u00f6r\u00fc\u015fmelerin tamamlanmas\u0131n\u0131n ard\u0131ndan memur maa\u015flar\u0131na 2010 y\u0131l\u0131nda yap\u0131lacak zam konusundaki son karar\u0131 Bakanlar Kurulu verecek.<\/p>\n<p style=\"text-align: justify;\">Kamu \u0130\u015fveren Kurulu&#8217;nun memur maa\u015flar\u0131na gelecek y\u0131l y\u00fczde 2.5 art\u0131 2.5 zam yapma teklifinin kabul edilmemesi \u00fczerine ba\u015fvurular\u0131 de\u011ferlendiren Uzla\u015ft\u0131rma Kurulu, maa\u015flar\u0131n birinci ve ikinci alt\u0131 aylarda y\u00fczde 4&#8217;er art\u0131r\u0131lmas\u0131 gerekti\u011fine karar vermi\u015fti.<\/p>\n<p style=\"text-align: justify;\">T\u00fcrkiye Kamu-Sen, mutabakat i\u00e7in h\u00fck\u00fcmetin memur maa\u015flar\u0131na Uzla\u015ft\u0131rma Kurulu karar\u0131 do\u011frultusunda zam yapmas\u0131n\u0131 yeterli buluyor.<\/p>\n<p style=\"text-align: justify;\">Memur-Sen ise h\u00fck\u00fcmetten, Uzla\u015ft\u0131rma Kurulu karar\u0131n\u0131n \u00fczerinde yeni bir teklif bekliyor. Konfederasyon, y\u00fczde 4&#8217;l\u00fck zamm\u0131n yan\u0131 s\u0131ra birinci ve ikinci alt\u0131 aylarda 30 art\u0131 30 lira ek \u00f6deme verilmesini, aile yard\u0131m\u0131n\u0131n 16 lira art\u0131r\u0131lmas\u0131n\u0131, toplu g\u00f6r\u00fc\u015fme primine 10 lira ilave edilmesini talep ediyor.<\/p>\n<p style=\"text-align: justify;\"><strong><em>&#8220;H\u00fck\u00fcmetin yakla\u015f\u0131m\u0131 de\u011fi\u015fmedi&#8221; <\/em><\/strong><\/p>\n<p style=\"text-align: justify;\">Bu arada Yaz\u0131c\u0131, kat\u0131ld\u0131\u011f\u0131 bir televizyon program\u0131nda g\u00fcndemdeki baz\u0131 konulara ili\u015fkin sorular\u0131 yan\u0131tlad\u0131.<\/p>\n<p style=\"text-align: justify;\">Yar\u0131n yap\u0131lacak toplant\u0131da h\u00fck\u00fcmetin teklifini art\u0131rma imkan\u0131 olup olmad\u0131\u011f\u0131 sorusu \u00fczerine Yaz\u0131c\u0131, &#8220;Hay\u0131r yok&#8221; yan\u0131t\u0131n\u0131 verdi.<\/p>\n<p style=\"text-align: justify;\">Toplu g\u00f6r\u00fc\u015fmelere ili\u015fkin s\u00fcreci anlatan Yaz\u0131c\u0131, g\u00f6r\u00fc\u015fmelerde, sadece \u00fccret konusunun de\u011fil, memurlar\u0131n sosyal haklar\u0131, disiplin kovu\u015fturmas\u0131, pozisyonlar\u0131na g\u00f6re ya\u015fad\u0131klar\u0131 farkl\u0131 uygulamalar gibi konulara ili\u015fkin pek \u00e7ok maddenin ele al\u0131nd\u0131\u011f\u0131n\u0131 s\u00f6yledi.<\/p>\n<p style=\"text-align: justify;\">Yaz\u0131c\u0131, g\u00f6r\u00fc\u015f\u00fclen konulardan 22 tanesinde mutabakata var\u0131ld\u0131\u011f\u0131n\u0131 ancak en \u00f6nemli g\u00fcndem maddesi olan mali konularda b\u00fct\u00fcn b\u00fct\u00e7e imkanlar\u0131n\u0131 zorlayarak, y\u00fczde 2,5 art\u0131 2,5 zam ve enflasyon fark\u0131 \u00f6demesi teklif ettiklerini an\u0131msatt\u0131.<\/p>\n<p style=\"text-align: justify;\">Teklifin kabul edilmemesi \u00fczerine konunun Uzla\u015ft\u0131rma Kurulu&#8217;na g\u00f6t\u00fcr\u00fcld\u00fc\u011f\u00fcn\u00fc anlatan Yaz\u0131c\u0131, &#8220;Uzla\u015ft\u0131rma Kurulu di\u011fer konulara pek de\u011finmedi ve y\u00fczde 4 art\u0131 4 \u00f6nerisi oldu. Yasaya g\u00f6re Uzla\u015ft\u0131rma Kurulu karar\u0131n\u0131 taraflar kabul ederlerse uzla\u015fma, mutabakat tutana\u011f\u0131na d\u00f6n\u00fc\u015f\u00fcr, kabul etmezlerse bu da bir tutanakla tespit edilir ve konu Bakanlar Kurulu&#8217;na g\u00f6nderilir. Yar\u0131n yapaca\u011f\u0131m\u0131z toplant\u0131da Uzla\u015ft\u0131rma Kurulu&#8217;nun karar\u0131n\u0131 g\u00f6r\u00fc\u015fece\u011fiz. H\u00fck\u00fcmetin buradaki yakla\u015f\u0131m\u0131 de\u011fi\u015fmemi\u015ftir. \u00c7\u00fcnk\u00fc biz olan\u0131 vermezlik yapmad\u0131k. \u0130mkanlar\u0131m\u0131z neyse onu s\u00f6yledik. Dolay\u0131s\u0131yla bizim s\u00f6yledi\u011fimiz tarihten bu yana imkanlar\u0131m\u0131zda bir de\u011fi\u015fme, geli\u015fme olmam\u0131\u015ft\u0131r. Dolay\u0131s\u0131yla Uzla\u015ft\u0131rma Kurulu bir de\u011fi\u015fime dayanarak karar olu\u015fturmu\u015f de\u011fil. Mevcut duruma g\u00f6re b\u00f6yle bir takdirde bulunmu\u015f ama h\u00fck\u00fcmetin \u00f6nerisinin \u00f6tesinde herhangi bir farkl\u0131l\u0131k olmayacak. Yar\u0131n da b\u00fcy\u00fck bir ihtimalle bu konuda uzla\u015fma olmayacak ama di\u011fer maddelerde uzla\u015fmam\u0131z var&#8221; dedi.<\/p>\n<p style=\"text-align: justify;\"><span style=\"color: #888888;\">CNN T\u00dcRK<\/span><\/p>\n","protected":false},"excerpt":{"rendered":"<p style=\"text-align: justify;\">\n<p style=\"text-align: justify;\">Devlet Bakan\u0131 Hayati Yaz\u0131c\u0131, toplu g\u00f6r\u00fc\u015fmelerde uzla\u015fma sa\u011flanamayan memur sendikalar\u0131 ile bug\u00fcn son bir kez bir araya gelecek. Yaz\u0131c\u0131, bug\u00fcnk\u00fc toplant\u0131da, Uzla\u015ft\u0131rma Kurulu&#8217;nun toplu g\u00f6r\u00fc\u015fmelere ili\u015fkin karar\u0131n\u0131n g\u00f6r\u00fc\u015f\u00fclece\u011fini, h\u00fck\u00fcmetin bu konudaki yakla\u015f\u0131m\u0131n\u0131n de\u011fi\u015fmedi\u011fini s\u00f6yledi.<\/p>\n<p style=\"text-align: justify;\">Devlet Personel Ba\u015fkanl\u0131\u011f\u0131, Kamu \u0130\u015fveren Kurulu \u00fcyeleri ile T\u00fcrkiye Kamu-Sen ve Memur-Sen ile yetkili <\/p>\n","protected":false},"author":1,"featured_media":0,"comment_status":"open","ping_status":"closed","sticky":false,"template":"","format":"standard","meta":{"footnotes":""},"categories":[7],"tags":[],"class_list":["post-14545","post","type-post","status-publish","format-standard","hentry","category-ekonomi","odd"],"_links":{"self":[{"href":"http:\/\/www.korhanyilmaz.com\/index.php?rest_route=\/wp\/v2\/posts\/14545","targetHints":{"allow":["GET"]}}],"collection":[{"href":"http:\/\/www.korhanyilmaz.com\/index.php?rest_route=\/wp\/v2\/posts"}],"about":[{"href":"http:\/\/www.korhanyilmaz.com\/index.php?rest_route=\/wp\/v2\/types\/post"}],"author":[{"embeddable":true,"href":"http:\/\/www.korhanyilmaz.com\/index.php?rest_route=\/wp\/v2\/users\/1"}],"replies":[{"embeddable":true,"href":"http:\/\/www.korhanyilmaz.com\/index.php?rest_route=%2Fwp%2Fv2%2Fcomments&post=14545"}],"version-history":[{"count":0,"href":"http:\/\/www.korhanyilmaz.com\/index.php?rest_route=\/wp\/v2\/posts\/14545\/revisions"}],"wp:attachment":[{"href":"http:\/\/www.korhanyilmaz.com\/index.php?rest_route=%2Fwp%2Fv2%2Fmedia&parent=14545"}],"wp:term":[{"taxonomy":"category","embeddable":true,"href":"http:\/\/www.korhanyilmaz.com\/index.php?rest_route=%2Fwp%2Fv2%2Fcategories&post=14545"},{"taxonomy":"post_tag","embeddable":true,"href":"http:\/\/www.korhanyilmaz.com\/index.php?rest_route=%2Fwp%2Fv2%2Ftags&post=14545"}],"curies":[{"name":"wp","href":"https:\/\/api.w.org\/{rel}","templated":true}]}}