{"id":14538,"date":"2009-09-10T08:24:04","date_gmt":"2009-09-10T05:24:04","guid":{"rendered":"http:\/\/www.korhanyilmaz.com\/?p=14538"},"modified":"2009-09-10T08:24:04","modified_gmt":"2009-09-10T05:24:04","slug":"8-fidan-icin-aglarken-vanda-iki-sehit-daha","status":"publish","type":"post","link":"http:\/\/www.korhanyilmaz.com\/?p=14538","title":{"rendered":"8 fidan i\u00e7in a\u011flarken Van&#039;da iki \u015fehit daha"},"content":{"rendered":"<p style=\"text-align: center;\"><a href=\"http:\/\/www.korhanyilmaz.com\/wp-content\/uploads\/2009\/09\/sehitler.jpg\"  class=\"lightview\"><img loading=\"lazy\" decoding=\"async\" class=\"aligncenter size-full wp-image-14539\" src=\"http:\/\/www.korhanyilmaz.com\/wp-content\/uploads\/2009\/09\/sehitler.jpg\" alt=\"\" width=\"380\" height=\"200\" \/><\/a><\/p>\n<p style=\"text-align: justify;\">\u00d6nceki g\u00fcn Siirt ve Hakk\u00e2ri&#8217;de \u015fehit d\u00fc\u015fen 8 askerin naa\u015f\u0131 d\u00fcn memleketlerine g\u00f6nderilirken Van&#8217;daki operasyonda may\u0131n patlamas\u0131 sonucu 2 asker daha \u015fehit oldu, 6 asker yaraland\u0131<\/p>\n<p style=\"text-align: justify;\">Siirt&#8217;in Eruh il\u00e7esinde g\u00fcvenlik g\u00fc\u00e7leri ile ter\u00f6ristler aras\u0131nda \u00e7\u0131kan \u00e7at\u0131\u015fmada \u015fehit olan 2 astsubay ve 5 asker ile Hakk\u00e2ri \u00c7ukurca&#8217;da \u00e7\u0131kan \u00e7at\u0131\u015fmada \u015fehit olan bir astsubay\u0131n cenazeleri d\u00fcn t\u00f6renle memleketlerine g\u00f6nderildi. \u00d6l\u00fcm haberiyle sars\u0131lan 8 \u015fehit evine ate\u015f d\u00fc\u015ferken Van&#8217;da may\u0131n patlamas\u0131 sonucu iki askerin daha \u015fehit d\u00fc\u015f\u00fcp, 6 askerin yaraland\u0131\u011f\u0131 haberi geldi. <!--more--><\/p>\n<p style=\"text-align: justify;\"><strong><em>Memlekete Ate\u015f D\u00fc\u015ft\u00fc<\/em><\/strong><\/p>\n<p style=\"text-align: justify;\"><a href=\"http:\/\/www.korhanyilmaz.com\/wp-content\/uploads\/2009\/09\/sehitler2.jpg\"  class=\"lightview\"><img loading=\"lazy\" decoding=\"async\" class=\"alignleft size-full wp-image-14541\" style=\"margin-left: 10px; margin-right: 10px;\" src=\"http:\/\/www.korhanyilmaz.com\/wp-content\/uploads\/2009\/09\/sehitler2.jpg\" alt=\"\" width=\"200\" height=\"221\" \/><\/a>\u00d6nceki g\u00fcn Siirt&#8217;te G\u00f6rendoruk K\u00f6y\u00fc \u00c7irav Da\u011f\u0131&#8217;nda ter\u00f6r \u00f6rg\u00fct\u00fc \u00fcyeleri ile \u00e7\u0131kan \u00e7at\u0131\u015fmada \u015fehit olan askeri personel i\u00e7in Siirt 3&#8217;\u00fcnc\u00fc Komando Tugay Komutanl\u0131\u011f\u0131&#8217;nda t\u00f6ren d\u00fczenlendi. T\u00f6renin ard\u0131ndan jandarma ba\u015f\u00e7avu\u015f Murat Ta\u015f&#8217;\u0131n cenazesi \u0130stanbul&#8217;a, jandarma k\u0131demli \u00e7avu\u015f Ferhat \u00dcnelli&#8217;nin Amasya&#8217;ya, erler Emrah Temel&#8217;in Bolu&#8217;ya, H\u00fcseyin G\u00fcrlek&#8217;in K\u00fctahya&#8217;n\u0131n Gediz il\u00e7esine, Orhan K\u0131l\u0131\u00e7&#8217;\u0131n K\u0131r\u015fehir&#8217;\u0131n Kaman il\u00e7esine, Burak Kopucuo\u011flu&#8217;nun Kastamonu&#8217;ya ve Yusuf Ula\u015f&#8217;\u0131n Mu\u015f&#8217;un Malazgirt il\u00e7esine g\u00f6nderildi. Hakk\u00e2ri&#8217;nin \u00c7ukurca \u0130l\u00e7esi Kazan Vadisi&#8217;nde g\u00fcvenlik g\u00fc\u00e7leri ile ter\u00f6ristler aras\u0131nda \u00e7\u0131kan \u00e7at\u0131\u015fmada \u015fehit olan astsubay \u00e7avu\u015f Ferhat Erdem&#8217;in cenazesi de memleketi K\u0131r\u015fehir&#8217;e g\u00f6nderildi.<\/p>\n<p style=\"text-align: justify;\"><strong><em>Van&#8217;da \u0130ki \u015eehit<\/em><\/strong><\/p>\n<p style=\"text-align: justify;\">Van&#8217;\u0131n Ba\u015fkale \u0130l\u00e7esi 3. Hudut Tabur Komutanl\u0131\u011f\u0131&#8217;na ba\u011fl\u0131 G\u00fcll\u00fck Karakolu&#8217;nda da\u011fl\u0131k b\u00f6lgeye devriye g\u00f6revine \u00e7\u0131kan askerlerden Fatih Aydo\u011fan may\u0131na basarak \u015fehit oldu. Yaral\u0131 askerlerden Van Devlet Hastanesi&#8217;ne kald\u0131r\u0131lan Uzman \u00c7avu\u015f Deniz Kaya da kurtar\u0131lamayarak \u015fehit d\u00fc\u015ft\u00fc.<\/p>\n<p style=\"text-align: justify;\"><strong><em>5 ay arayla iki ac\u0131<\/em><\/strong><\/p>\n<p style=\"text-align: justify;\">\u015eehit komando er Orhan K\u0131l\u0131\u00e7&#8217;\u0131n 5 ay \u00f6nce kendisinden 12 ya\u015f b\u00fcy\u00fck a\u011fabeyinin de hayat\u0131n\u0131 kaybetti\u011fi \u00f6\u011frenildi. Ke\u00e7i\u00f6ren Ayva Sokak&#8217;ta oturan ac\u0131l\u0131 anne Ayfer K\u0131l\u0131\u00e7, &#8220;Bayramda izine gelecekti&#8221; diye a\u011flarken, lise mezunu olan Orhan K\u0131l\u0131\u00e7&#8217;\u0131n i\u015f bulabilmek i\u00e7in askere bir y\u0131l erken gitti\u011fi bildirildi. Kap\u0131c\u0131 dairesinde oturan anne taziye ziyaretlerini kabul edebilmesi i\u00e7in ayn\u0131 binada bo\u015f olan kiral\u0131k bir daireye \u00e7\u0131kar\u0131ld\u0131. \u015eehit K\u0131l\u0131\u00e7&#8217;\u0131n foto\u011fraf\u0131n\u0131 omzuna alan day\u0131s\u0131 Fahri G\u00fcney, &#8220;Seni omuzlar\u0131mda askere g\u00f6nderdim. \u015eimdi foto\u011fraf\u0131n\u0131 m\u0131 ta\u015f\u0131yaca\u011f\u0131m&#8221; diye a\u011flad\u0131. K\u0131l\u0131\u00e7&#8217;\u0131n cenazesi bug\u00fcn topra\u011fa verilecek.<\/p>\n<p style=\"text-align: justify;\"><a href=\"http:\/\/www.korhanyilmaz.com\/wp-content\/uploads\/2009\/09\/sehitler3.jpg\"  class=\"lightview\"><img loading=\"lazy\" decoding=\"async\" class=\"aligncenter size-full wp-image-14540\" src=\"http:\/\/www.korhanyilmaz.com\/wp-content\/uploads\/2009\/09\/sehitler3.jpg\" alt=\"\" width=\"454\" height=\"155\" \/><\/a><\/p>\n<p style=\"text-align: justify;\"><strong><em>&#8216;Kimse a\u011flamas\u0131n&#8217;<\/em><\/strong><\/p>\n<p style=\"text-align: justify;\">\u015eehit jandarma komando er Yusuf Ula\u015f, Mu\u015f&#8217;un Malazgirt il\u00e7esinin Aynal\u0131hoca k\u00f6y\u00fcnde d\u00fczenlenen t\u00f6renle topra\u011fa verildi. K\u00fcrt\u00e7e a\u011f\u0131tlar yakan \u015fehidin babas\u0131 Mehmet Nas\u0131r Ula\u015f, &#8220;Bar\u0131\u015f istiyoruz&#8221; dedi. 10 ayl\u0131k asker olan Yusuf Ula\u015f&#8217;\u0131n annesi Saliha Ula\u015f da o\u011fluyla son konu\u015fmas\u0131n\u0131 anlat\u0131p, &#8220;\u015eehit olursam kesinlikle a\u011flanmas\u0131n\u0131 istemiyorum. A\u011flamay\u0131n&#8217; dedi. Art\u0131k kimse a\u011flamas\u0131n&#8221; dedi.<\/p>\n<p style=\"text-align: justify;\"><strong><em>D\u00f6n\u00fc\u015f bileti haz\u0131rd\u0131<\/em><\/strong><\/p>\n<p style=\"text-align: justify;\">\u015eehit astsubay Ferhat Erdem&#8217;in ailesini bir hafta \u00f6nce telefonla arad\u0131\u011f\u0131 ve Ramazan Bayram\u0131&#8217;ndan sonra izne gelmek i\u00e7in bilet ald\u0131\u011f\u0131 ortaya \u00e7\u0131kt\u0131. \u015eehit haberini K\u0131r\u0131kkale&#8217;deki polis o\u011flunun yan\u0131nda alan anne D\u00f6n\u00fc\u015f Erdem &#8220;O\u011flum bir hafta \u00f6nce beni arad\u0131. &#8216;Anne ay\u0131n \u00fc\u00e7\u00fcne bilet ald\u0131m&#8217; dedi. \u015eehit haberi geldi&#8221; dedi. \u015eehit astsubay\u0131n Hakkari&#8217;ye bu y\u0131l atand\u0131\u011f\u0131 ve \u00f6\u011fretmen olan e\u015finin de 6 ayl\u0131k hamile oldu\u011fu \u00f6\u011frenildi.<\/p>\n<p style=\"text-align: justify;\"><strong><em>Babas\u0131yla helalle\u015fti<\/em><\/strong><\/p>\n<p style=\"text-align: justify;\">\u015eehit er Emrah Temel&#8217;in (21) \u00e7at\u0131\u015fmadan bir g\u00fcn \u00f6nce babas\u0131n\u0131 aray\u0131p helallik istedi\u011fi belirtildi. Askere gitmeden 17 g\u00fcn \u00f6nce ni\u015fanlanan Temel&#8217;in, 3.5 ay \u00f6nce \u0130zmir&#8217;e ba\u011fl\u0131 Fo\u00e7a il\u00e7esindeki acemi birli\u011fine teslim oldu\u011fu ve e\u011fitiminin ard\u0131ndan 16 g\u00fcn \u00f6nce Siirt&#8217;teki usta birli\u011finde jandarma komando olarak g\u00f6revine devam etti\u011fi belirtildi. Temel&#8217;in, askerli\u011fi meslek olarak se\u00e7mek istedi\u011fi de ortaya \u00e7\u0131kt\u0131.<\/p>\n<p style=\"text-align: justify;\"><strong><em>\u0130zninde ni\u015fanland\u0131<\/em><\/strong><\/p>\n<p style=\"text-align: justify;\">\u015eehit jandarma er H\u00fcseyin G\u00fcrlekli&#8217;nin (26) izne geldi\u011finde ni\u015fanland\u0131\u011f\u0131, terhisinde ise evlenmeyi planlad\u0131\u011f\u0131 \u00f6\u011frenildi. \u015eehit H\u00fcseyin G\u00fcrlekli&#8217;nin Gediz&#8217;de oturan ailesi, o\u011fullar\u0131n\u0131n \u015fehit oldu\u011funu \u00f6nceki g\u00fcn iftardan sonra evlerine gelen yetkililerden \u00f6\u011frendi. Yakla\u015f\u0131k bir ay \u00f6nce izine gelerek ni\u015fanlanan G\u00fcrlekli&#8217;nin terhisine 75 g\u00fcn kalm\u0131\u015ft\u0131.<\/p>\n<p style=\"text-align: justify;\"><strong><em>Bebe\u011fini g\u00f6remedi<\/em><\/strong><\/p>\n<p style=\"text-align: justify;\">\u015eehit olan 25 ya\u015f\u0131ndaki astsubay Ferhat \u00dcnelli&#8217;nin yakla\u015f\u0131k 1 y\u0131l \u00f6nce evlendi\u011fi e\u015finin 3.5 ayl\u0131k hamile oldu\u011fu \u00f6\u011frenildi. Karde\u015fi de Afyonkarahisar&#8217;da uzman \u00e7avu\u015f olarak g\u00f6rev yapan \u00dcnelli&#8217;nin annesi, &#8220;O\u011flum olacak diye seviniyordu&#8221; diye a\u011f\u0131tlar yakt\u0131. Yak\u0131nlar\u0131, 10 ay sonra zorunlu hizmetini tamamlayacak olan \u015fehidin tayin istemeyi d\u00fc\u015f\u00fcnd\u00fc\u011f\u00fcn\u00fc s\u00f6yledi.<\/p>\n<p style=\"text-align: justify;\"><strong><em>&#8216;Belki gelmeyebilirim&#8217;<\/em><\/strong><\/p>\n<p style=\"text-align: justify;\">\u015eehit olan jandarma er Burak Kopucuo\u011flu&#8217;nun (22) annesi Sevil Kopucuo\u011flu, &#8220;A\u011flamayaca\u011f\u0131m, ter\u00f6ristleri sevindirmeyece\u011fim&#8221; dedi. Baba Metin Kopucuo\u011flu da metanetini korumaya \u00e7al\u0131\u015farak, &#8220;Vatan sa\u011f olsun&#8221; dedi. 7 Kas\u0131m&#8217;da terhis olacak \u015fehit erin izin kullanmad\u0131\u011f\u0131 ve s\u0131k s\u0131k babas\u0131yla yapt\u0131\u011f\u0131 telefon g\u00f6r\u00fc\u015fmelerinde, &#8220;Baba ben belki buradan gelemeyebilirim&#8221; dedi\u011fi belirtildi.<\/p>\n<p style=\"text-align: justify;\"><span style=\"color: #888888;\">Nasrettin G\u00dcNE\u015e &#8211; Naim KAZANDIO\u011eLU &#8211; Ercan DEM\u0130RC\u0130 \/ SABAH<\/span><\/p>\n","protected":false},"excerpt":{"rendered":"<p style=\"text-align: center;\">\n<p style=\"text-align: justify;\">\u00d6nceki g\u00fcn Siirt ve Hakk\u00e2ri&#8217;de \u015fehit d\u00fc\u015fen 8 askerin naa\u015f\u0131 d\u00fcn memleketlerine g\u00f6nderilirken Van&#8217;daki operasyonda may\u0131n patlamas\u0131 sonucu 2 asker daha \u015fehit oldu, 6 asker yaraland\u0131<\/p>\n<p style=\"text-align: justify;\">Siirt&#8217;in Eruh il\u00e7esinde g\u00fcvenlik g\u00fc\u00e7leri ile ter\u00f6ristler aras\u0131nda \u00e7\u0131kan \u00e7at\u0131\u015fmada \u015fehit olan 2 astsubay ve 5 asker ile Hakk\u00e2ri \u00c7ukurca&#8217;da \u00e7\u0131kan \u00e7at\u0131\u015fmada <\/p>\n","protected":false},"author":1,"featured_media":0,"comment_status":"open","ping_status":"closed","sticky":false,"template":"","format":"standard","meta":{"footnotes":""},"categories":[105],"tags":[],"class_list":["post-14538","post","type-post","status-publish","format-standard","hentry","category-gundem","odd"],"_links":{"self":[{"href":"http:\/\/www.korhanyilmaz.com\/index.php?rest_route=\/wp\/v2\/posts\/14538","targetHints":{"allow":["GET"]}}],"collection":[{"href":"http:\/\/www.korhanyilmaz.com\/index.php?rest_route=\/wp\/v2\/posts"}],"about":[{"href":"http:\/\/www.korhanyilmaz.com\/index.php?rest_route=\/wp\/v2\/types\/post"}],"author":[{"embeddable":true,"href":"http:\/\/www.korhanyilmaz.com\/index.php?rest_route=\/wp\/v2\/users\/1"}],"replies":[{"embeddable":true,"href":"http:\/\/www.korhanyilmaz.com\/index.php?rest_route=%2Fwp%2Fv2%2Fcomments&post=14538"}],"version-history":[{"count":0,"href":"http:\/\/www.korhanyilmaz.com\/index.php?rest_route=\/wp\/v2\/posts\/14538\/revisions"}],"wp:attachment":[{"href":"http:\/\/www.korhanyilmaz.com\/index.php?rest_route=%2Fwp%2Fv2%2Fmedia&parent=14538"}],"wp:term":[{"taxonomy":"category","embeddable":true,"href":"http:\/\/www.korhanyilmaz.com\/index.php?rest_route=%2Fwp%2Fv2%2Fcategories&post=14538"},{"taxonomy":"post_tag","embeddable":true,"href":"http:\/\/www.korhanyilmaz.com\/index.php?rest_route=%2Fwp%2Fv2%2Ftags&post=14538"}],"curies":[{"name":"wp","href":"https:\/\/api.w.org\/{rel}","templated":true}]}}