{"id":14534,"date":"2009-09-10T08:09:05","date_gmt":"2009-09-10T05:09:05","guid":{"rendered":"http:\/\/www.korhanyilmaz.com\/?p=14534"},"modified":"2009-09-10T08:09:05","modified_gmt":"2009-09-10T05:09:05","slug":"14534","status":"publish","type":"post","link":"http:\/\/www.korhanyilmaz.com\/?p=14534","title":{"rendered":"Felaket ya\u011fmac\u0131lar\u0131"},"content":{"rendered":"<p style=\"text-align: center;\"><a href=\"http:\/\/www.korhanyilmaz.com\/wp-content\/uploads\/2009\/09\/50944375000.jpg\"  class=\"lightview\"><img loading=\"lazy\" decoding=\"async\" class=\"aligncenter size-full wp-image-14533\" src=\"http:\/\/www.korhanyilmaz.com\/wp-content\/uploads\/2009\/09\/50944375000.jpg\" alt=\"\" width=\"428\" height=\"225\" \/><\/a><\/p>\n<p style=\"text-align: justify;\">\u0130stanbul&#8217;da sel sular\u0131n\u0131n depolardaki e\u015fyalar\u0131 s\u00fcr\u00fcklemesi, i\u015fyeri sahiplerini \u00fczd\u00fc, en ufak bir par\u00e7ay\u0131 dahi affetmeyen &#8216;felaket f\u0131rsat\u00e7\u0131lar\u0131&#8217;n\u0131 sevindirdi<\/p>\n<p style=\"text-align: justify;\">\u0130stanbul&#8217;da sel sular\u0131 \u00f6n\u00fcne gelen her \u015feyi al\u0131p da\u011f\u0131tt\u0131. Sel sular\u0131 girdi\u011fi depolardaki e\u015fyalar\u0131 da metrelerce s\u00fcr\u00fckleyip \u00e7evreye sa\u00e7t\u0131. Sular\u0131n \u00e7ekilmesiyle birlikte ise felalaket f\u0131rsat\u00e7\u0131lar\u0131 i\u015fba\u015f\u0131 yapt\u0131.<\/p>\n<p style=\"text-align: justify;\"><em><strong>AV T\u00dcFE\u011e\u0130N\u0130 ALIP G\u00d6T\u00dcRD\u00dc<\/strong><\/em><\/p>\n<p style=\"text-align: justify;\">Sel sular\u0131 EVKUR firmas\u0131n\u0131n deposunu da bas\u0131p \u00f6n\u00fcne katt\u0131\u011f\u0131 t\u00fcm e\u015fyalar\u0131 s\u00fcr\u00fckledi. Depolardan \u00e7evreye yay\u0131lan porselen tabaklar, k\u00e2seler, \u00fct\u00fcler, su \u0131s\u0131t\u0131c\u0131lar\u0131 ve hal\u0131lar\u0131 g\u00f6ren ya\u011fmac\u0131lar, kucalad\u0131klar\u0131n\u0131 al\u0131p evlerine g\u00f6t\u00fcrmek istedi. Ya\u011fmalad\u0131klar\u0131 mallar\u0131 g\u00f6t\u00fcr\u00fcrken \u00e7evresine g\u00fcl\u00fcc\u00fckler dahi atan ya\u011fmac\u0131lar en k\u00fc\u00e7\u00fck e\u015fyay\u0131 bile affetmedi. <!--more-->Ya\u011fmac\u0131lar i\u00e7inde en dikkat \u00e7ekeni ise sel sular\u0131n\u0131n aras\u0131nda buldu\u011fu av t\u00fcfe\u011fini al\u0131p g\u00f6t\u00fcren oldu. Kimileri &#8216;bu f\u0131rsat ka\u00e7maz&#8217; dercesine arabalar\u0131n\u0131 t\u0131ka basa \u00e7evrede bulduklar\u0131 e\u015fyalar ile doldurdu. Felaketi f\u0131rsata \u00e7evirenlerin bu davran\u0131\u015flar\u0131na di\u011fer vatanda\u015flar tepki g\u00f6sterdi. B\u00f6lgede bulunan \u00e7evik kuvvet ekipleri de ya\u011fmac\u0131lara m\u00fcdahale etti. Ancak ya\u011fmac\u0131lar\u0131 ne m\u00fcdahaleler ne de g\u00f6zalt\u0131lar durdurabildi. \u00c7evik kuvvet ekiplerinin m\u00fcdahalesine de ald\u0131r\u0131\u015f etmeyen f\u0131rsat\u00e7\u0131lar, polisler arkalar\u0131n\u0131 d\u00f6nd\u00fc\u011f\u00fc anda ya\u011fmalamaya e\u015fya kalmay\u0131ncaya kadar devam etti.<\/p>\n<p style=\"text-align: justify;\"><strong><em>VAL\u0130&#8217;YE G\u00d6RE YA\u011eMA YOK<\/em><\/strong><\/p>\n<p style=\"text-align: justify;\">\u0130stanbul Valisi Muammer G\u00fcler ise ya\u015fananlar\u0131n ya\u011fma olarak de\u011ferlendirilmemesi gerekti\u011fini s\u00f6yledi. Vali G\u00fcler, &#8220;Ya\u011fmalama s\u00f6z konusu de\u011fil. Oradan \u00e7\u0131kan mal\u0131n da kimse taraf\u0131ndan al\u0131nmas\u0131 s\u00f6z konusu de\u011fil. O konuyla ilgili arkada\u015flar\u0131m\u0131z \u00e7al\u0131\u015f\u0131yorlar. Bunu ya\u011fmalama \u015feklinde de\u011ferlendirmeniz yanl\u0131\u015f bir yorum olur&#8221; ifadesini kulland\u0131.<\/p>\n<p style=\"text-align: justify;\"><strong><em>TRAKYA&#8217;DA \u00d6NLEM<\/em><\/strong><\/p>\n<p style=\"text-align: justify;\">\u00d6te yandan, \u00f6nceki g\u00fcn ya\u015fanan sel felaketinde b\u00fcy\u00fck yara alan Selimpa\u015fa&#8217;da ise a\u011f\u0131r hasar g\u00f6ren evlerin bulundu\u011fu Denizkent, Ba\u015fkent, Bas\u0131nkent, Koyukent ile K\u0131y\u0131kent sitelerinde \u00e7evik kuvvet ekipleri ya\u011fmaya kar\u015f\u0131 \u00f6nlem ald\u0131.<\/p>\n<p style=\"text-align: justify;\">&#8216;Marmara B\u00f6lgesi kaosa uyand\u0131&#8217;<\/p>\n<p style=\"text-align: justify;\"><strong><em>Sel felaketi d\u0131\u015f bas\u0131nda da b\u00fcy\u00fck yank\u0131 buldu. Yabanc\u0131 ajans ve gazeteler, yay\u0131nlar\u0131nda \u0130stanbul ve Marmara B\u00f6lgesi&#8217;nin yetersiz altyap\u0131s\u0131na dikkat \u00e7ekti. \u0130\u015fte tepkiler:<\/em><\/strong><\/p>\n<p style=\"text-align: justify;\"><strong><em>(Almanya):<\/em><\/strong> \u015eiddetli ya\u011f\u0131\u015flar sonucu olu\u015fan son 80 y\u0131l\u0131n en b\u00fcy\u00fck sel felaketi \u0130stanbul&#8217;u fel\u00e7 etti. \u015eehrin bir k\u0131sm\u0131 sular alt\u0131nda. Onlarca ki\u015fi hayat\u0131n\u0131 kaybetti, b\u00fcy\u00fck hasar var.<\/p>\n<p style=\"text-align: justify;\"><strong><em>(\u0130ngiltere): <\/em><\/strong>Marmara B\u00f6lgesi&#8217;nde iki g\u00fcnd\u00fcr devam eden \u015fiddetli ya\u011f\u0131\u015flar, 30&#8217;dan fazla ki\u015finin hayat\u0131na maloldu. 200 araba sel sular\u0131na kap\u0131larak hasar g\u00f6rd\u00fc, 800 evi su bast\u0131. \u00d6lenler aras\u0131nda minib\u00fcs\u00fcn i\u00e7inde mahsur kalan 7 tekstil i\u015f\u00e7isi de bulunuyor.<\/p>\n<p style=\"text-align: justify;\"><strong><em>(\u0130ngiltere):<\/em><\/strong> T\u00fcrkiye&#8217;nin en b\u00fcy\u00fck \u015fehri sele teslim. Felaket \u015fehrin yetersiz altyap\u0131s\u0131n\u0131 ve dengesiz kentle\u015fti\u011fini ortaya koydu. Ya\u011f\u0131\u015flar s\u00fcrecek.<\/p>\n<p style=\"text-align: justify;\">(\u0130ngiltere): Felaket! Selin esir ald\u0131\u011f\u0131 \u00e7aresiz insanlar polis ve askere ait helikopterlerle kurtar\u0131l\u0131yor. \u0130stanbul haz\u0131rl\u0131ks\u0131z yakaland\u0131. Havaalan\u0131na giden yollar kapand\u0131. (Almanya): Korkun\u00e7 sel felaketi en az 20 can ald\u0131. Onlarca ki\u015fi toplu ta\u015f\u0131ma ara\u00e7lar\u0131nda ve evlerinde mahsur kald\u0131. Kurtarma \u00e7al\u0131\u015fmalar\u0131 devam ediyor.<\/p>\n<p style=\"text-align: justify;\"><strong><em>(Fransa): <\/em><\/strong>Marmara B\u00f6lgesi kaosa uyand\u0131. Sel felaketi 30 can ald\u0131, \u00e7ok say\u0131da ki\u015fi de kay\u0131p. 12 milyonluk \u0130stanbul&#8217;un b\u00fcy\u00fck k\u0131sm\u0131 sular alt\u0131nda.<\/p>\n<p style=\"text-align: justify;\"><strong><em>(Katar):<\/em><\/strong> T\u00fcrkiye&#8217;de sel iki g\u00fcnde 30&#8217;a yak\u0131n can ald\u0131. Altyap\u0131 b\u00fcy\u00fck hasar g\u00f6rd\u00fc. Ba\u015fbakan Erdo\u011fan olay yerine gidiyor. \u015eu ana kadar binden fazla insan kurtar\u0131ld\u0131.<\/p>\n<p style=\"text-align: justify;\"><span style=\"color: #888888;\">Kaynak : Sabah<\/span><\/p>\n","protected":false},"excerpt":{"rendered":"<p style=\"text-align: center;\">\n<p style=\"text-align: justify;\">\u0130stanbul&#8217;da sel sular\u0131n\u0131n depolardaki e\u015fyalar\u0131 s\u00fcr\u00fcklemesi, i\u015fyeri sahiplerini \u00fczd\u00fc, en ufak bir par\u00e7ay\u0131 dahi affetmeyen &#8216;felaket f\u0131rsat\u00e7\u0131lar\u0131&#8217;n\u0131 sevindirdi<\/p>\n<p style=\"text-align: justify;\">\u0130stanbul&#8217;da sel sular\u0131 \u00f6n\u00fcne gelen her \u015feyi al\u0131p da\u011f\u0131tt\u0131. Sel sular\u0131 girdi\u011fi depolardaki e\u015fyalar\u0131 da metrelerce s\u00fcr\u00fckleyip \u00e7evreye sa\u00e7t\u0131. Sular\u0131n \u00e7ekilmesiyle birlikte ise felalaket f\u0131rsat\u00e7\u0131lar\u0131 i\u015fba\u015f\u0131 yapt\u0131.<\/p>\n<p style=\"text-align: justify;\">AV <\/p>\n","protected":false},"author":1,"featured_media":0,"comment_status":"open","ping_status":"closed","sticky":false,"template":"","format":"standard","meta":{"footnotes":""},"categories":[105],"tags":[],"class_list":["post-14534","post","type-post","status-publish","format-standard","hentry","category-gundem","odd"],"_links":{"self":[{"href":"http:\/\/www.korhanyilmaz.com\/index.php?rest_route=\/wp\/v2\/posts\/14534","targetHints":{"allow":["GET"]}}],"collection":[{"href":"http:\/\/www.korhanyilmaz.com\/index.php?rest_route=\/wp\/v2\/posts"}],"about":[{"href":"http:\/\/www.korhanyilmaz.com\/index.php?rest_route=\/wp\/v2\/types\/post"}],"author":[{"embeddable":true,"href":"http:\/\/www.korhanyilmaz.com\/index.php?rest_route=\/wp\/v2\/users\/1"}],"replies":[{"embeddable":true,"href":"http:\/\/www.korhanyilmaz.com\/index.php?rest_route=%2Fwp%2Fv2%2Fcomments&post=14534"}],"version-history":[{"count":0,"href":"http:\/\/www.korhanyilmaz.com\/index.php?rest_route=\/wp\/v2\/posts\/14534\/revisions"}],"wp:attachment":[{"href":"http:\/\/www.korhanyilmaz.com\/index.php?rest_route=%2Fwp%2Fv2%2Fmedia&parent=14534"}],"wp:term":[{"taxonomy":"category","embeddable":true,"href":"http:\/\/www.korhanyilmaz.com\/index.php?rest_route=%2Fwp%2Fv2%2Fcategories&post=14534"},{"taxonomy":"post_tag","embeddable":true,"href":"http:\/\/www.korhanyilmaz.com\/index.php?rest_route=%2Fwp%2Fv2%2Ftags&post=14534"}],"curies":[{"name":"wp","href":"https:\/\/api.w.org\/{rel}","templated":true}]}}